{"id":268430,"date":"2019-01-24T17:32:07","date_gmt":"2019-01-24T16:32:07","guid":{"rendered":"https:\/\/hashtag.al\/?p=268430"},"modified":"2019-01-24T17:34:22","modified_gmt":"2019-01-24T16:34:22","slug":"268430","status":"publish","type":"post","link":"https:\/\/www.hashtag.al\/index.php\/2019\/01\/24\/268430\/","title":{"rendered":"Kryemadhi nga Kavaja: Situata alarmante, t\u00eb largojm\u00eb Ram\u00ebn me protesta","gt_translate_keys":[{"key":"rendered","format":"text"}]},"content":{"rendered":"<p><span style=\"color: #000000;\"><img loading=\"lazy\" decoding=\"async\" class=\"alignnone size-full wp-image-268432\" src=\"https:\/\/hashtag.al\/wp-content\/uploads\/2019\/01\/kryemadhi-3.jpg\" alt=\"\" width=\"423\" height=\"335\" srcset=\"https:\/\/www.hashtag.al\/wp-content\/uploads\/2019\/01\/kryemadhi-3.jpg 423w, https:\/\/www.hashtag.al\/wp-content\/uploads\/2019\/01\/kryemadhi-3-300x238.jpg 300w\" sizes=\"auto, (max-width: 423px) 100vw, 423px\" \/><\/span><\/p>\n<p><span style=\"color: #000000;\">Kryetarja e LSI-s\u00eb Monika Kryemadhi gjat\u00eb nj\u00eb takimi me strukturat e LSI-s\u00eb n\u00eb Kavaj\u00eb u b\u00ebri thirrje qytetar\u00ebve q\u00eb t\u00eb marrin pjes\u00eb\u00a0masivisht n\u00eb protest\u00ebn e 16 shkurtit q\u00eb organizon opozita kund\u00ebr qeveris\u00eb. <\/span><\/p>\n<p><span style=\"color: #000000;\">Kryemadhi u shpreh se situata n\u00eb t\u00eb cil\u00ebn gjendet Shqip\u00ebria sot \u00ebsht\u00eb alarmante dhe se largimi i kryeministrit Edi Rama \u00ebsht\u00eb mision komb\u00ebtar.<\/span><\/p>\n<p><span style=\"color: #000000;\">Ajo theksoi m\u00eb tej se protestat do t\u00eb vijojn\u00eb dhe nuk do t\u00eb mbyllen me 16 shkurtin.\u00a0<\/span><\/p>\n<p><span style=\"color: #000000;\"><em>\u201cProtestat e 16 shkurtit nuk fillon dhe nuk mbaron n\u00eb 16 shkurt. Jan\u00eb bizneset e vogla q\u00eb po mbyllen p\u00ebr shkak t\u00eb taksave. \u00cbsht\u00eb protesta e naft\u00ebtar\u00ebve, e minator\u00ebve, e m\u00ebsueseve, infermierive dhe mjek\u00ebve q\u00eb po largohen nga vendi. \u00cbsht\u00eb protesta e pensionisteve. 16 shkurti do jet\u00eb nj\u00eb dat\u00eb q\u00eb do mblidhemi t\u00eb gjith\u00eb pa dallime politike. Situata n\u00eb t\u00eb cil\u00ebn gjendet Shqip\u00ebria \u00ebsht\u00eb alarmante. 80% e popullit t\u00eb Kavaj\u00ebs kan\u00eb njer\u00ebzit e tyre n\u00eb emigrim. Pjesa m\u00eb e madhe e familjeve mbahet me parat\u00eb e djemve emigrant\u00eb. Shqip\u00ebria hap negociatat n\u00eb qershor, por qe t\u00eb hapen k\u00ebto negociata duhet t\u00eb plot\u00ebsohen disa reforma.<\/em><\/span><\/p>\n<p><span style=\"color: #000000;\"><em>\u00c7do dit\u00eb e m\u00eb shum\u00eb po e kuptojm\u00eb se problemi tek mos hapja e negociatave q\u00ebndron tek nj\u00eb njeri i vet\u00ebm q\u00eb ka marr\u00eb peng PS dhe qeverin\u00eb dhe ky \u00ebsht\u00eb Edi Rama. Shqip\u00ebria \u00ebsht\u00eb nj\u00eb vend n\u00eb mes t\u00eb Evrop\u00ebs dhe p\u00ebr ta pasur Shqip\u00ebrin\u00eb n\u00eb BE nuk kemi zgjedhje tjet\u00ebr, por t\u00eb largojm\u00eb Edi Ram\u00ebn. Largimi i k\u00ebtij njeriu \u00ebsht\u00eb mision komb\u00ebtar, pasi ky njeri grabit njer\u00ebzit \u00e7do dit\u00eb\u201d<\/em>, tha Kryemadhi.<\/span><\/p>\n","protected":false,"gt_translate_keys":[{"key":"rendered","format":"html"}]},"excerpt":{"rendered":"<p>Kryetarja e LSI-s\u00eb Monika Kryemadhi gjat\u00eb nj\u00eb takimi me strukturat e LSI-s\u00eb n\u00eb Kavaj\u00eb u b\u00ebri thirrje qytetar\u00ebve q\u00eb t\u00eb marrin pjes\u00eb\u00a0masivisht n\u00eb protest\u00ebn e 16 shkurtit q\u00eb organizon opozita kund\u00ebr qeveris\u00eb. Kryemadhi u shpreh se situata n\u00eb t\u00eb cil\u00ebn gjendet Shqip\u00ebria sot \u00ebsht\u00eb alarmante dhe se largimi i kryeministrit Edi Rama \u00ebsht\u00eb mision komb\u00ebtar. [&hellip;]<\/p>\n","protected":false,"gt_translate_keys":[{"key":"rendered","format":"html"}]},"author":30,"featured_media":268432,"comment_status":"open","ping_status":"open","sticky":false,"template":"","format":"standard","meta":{"footnotes":""},"categories":[65,13],"tags":[],"class_list":["post-268430","post","type-post","status-publish","format-standard","has-post-thumbnail","hentry","category-lajme","category-te-fundit"],"gt_translate_keys":[{"key":"link","format":"url"}],"_links":{"self":[{"href":"https:\/\/www.hashtag.al\/index.php\/wp-json\/wp\/v2\/posts\/268430","targetHints":{"allow":["GET"]}}],"collection":[{"href":"https:\/\/www.hashtag.al\/index.php\/wp-json\/wp\/v2\/posts"}],"about":[{"href":"https:\/\/www.hashtag.al\/index.php\/wp-json\/wp\/v2\/types\/post"}],"author":[{"embeddable":true,"href":"https:\/\/www.hashtag.al\/index.php\/wp-json\/wp\/v2\/users\/30"}],"replies":[{"embeddable":true,"href":"https:\/\/www.hashtag.al\/index.php\/wp-json\/wp\/v2\/comments?post=268430"}],"version-history":[{"count":0,"href":"https:\/\/www.hashtag.al\/index.php\/wp-json\/wp\/v2\/posts\/268430\/revisions"}],"wp:featuredmedia":[{"embeddable":true,"href":"https:\/\/www.hashtag.al\/index.php\/wp-json\/wp\/v2\/media\/268432"}],"wp:attachment":[{"href":"https:\/\/www.hashtag.al\/index.php\/wp-json\/wp\/v2\/media?parent=268430"}],"wp:term":[{"taxonomy":"category","embeddable":true,"href":"https:\/\/www.hashtag.al\/index.php\/wp-json\/wp\/v2\/categories?post=268430"},{"taxonomy":"post_tag","embeddable":true,"href":"https:\/\/www.hashtag.al\/index.php\/wp-json\/wp\/v2\/tags?post=268430"}],"curies":[{"name":"wp","href":"https:\/\/api.w.org\/{rel}","templated":true}]}}