{"id":268332,"date":"2019-01-24T11:09:49","date_gmt":"2019-01-24T10:09:49","guid":{"rendered":"https:\/\/hashtag.al\/?p=268332"},"modified":"2019-01-24T11:19:10","modified_gmt":"2019-01-24T10:19:10","slug":"propozimi-i-bahri-shaqirit-meta-te-zbatohet-interesi-publik","status":"publish","type":"post","link":"https:\/\/www.hashtag.al\/index.php\/2019\/01\/24\/propozimi-i-bahri-shaqirit-meta-te-zbatohet-interesi-publik\/","title":{"rendered":"Propozimi i Bahri Shaqirit, Meta: Udh\u00ebhiqem nga Kushtetuta, interesi komb\u00ebtar e publik","gt_translate_keys":[{"key":"rendered","format":"text"}]},"content":{"rendered":"<p><img loading=\"lazy\" decoding=\"async\" class=\"aligncenter size-full wp-image-268333\" src=\"https:\/\/hashtag.al\/wp-content\/uploads\/2019\/01\/Meta-Shaqiri.jpg\" alt=\"\" width=\"2000\" height=\"750\" srcset=\"https:\/\/www.hashtag.al\/wp-content\/uploads\/2019\/01\/Meta-Shaqiri.jpg 2000w, https:\/\/www.hashtag.al\/wp-content\/uploads\/2019\/01\/Meta-Shaqiri-300x113.jpg 300w, https:\/\/www.hashtag.al\/wp-content\/uploads\/2019\/01\/Meta-Shaqiri-768x288.jpg 768w, https:\/\/www.hashtag.al\/wp-content\/uploads\/2019\/01\/Meta-Shaqiri-1024x384.jpg 1024w\" sizes=\"auto, (max-width: 2000px) 100vw, 2000px\" \/><\/p>\n<p><span style=\"color: #000000;\">Presidenti i Republik\u00ebs Ilir Meta, \u00ebsht\u00eb pyetur sot nga gazetar\u00ebt lidhur me kandidatur\u00ebn e Bahri Shaqirit p\u00ebr kreun e KLSH-s\u00eb.<\/span><\/p>\n<p><span style=\"color: #000000;\">N\u00eb aktivitetin e organizuar sot p\u00ebr 100-vjetorin e vdekjes s\u00eb Ismail Qemalit, Meta tha se do udh\u00ebhiqej vet\u00ebm nga Kushtetuta dhe interesi publik.<\/span><\/p>\n<p><span style=\"color: #000000;\"><em>&#8220;Kushtetuta, interesi komb\u00ebtar dhe interesi publik jan\u00eb t\u00eb vetmet q\u00eb m\u00eb udh\u00ebheqin n\u00eb veprimet e mia. Faleminderit!&#8221;<\/em>, \u00ebsht\u00eb p\u00ebrgjigja e Met\u00ebs.<\/span><\/p>\n<p><span style=\"color: #000000;\">Kujtojm\u00eb se pak dit\u00eb m\u00eb par\u00eb, deputeti i Partis\u00eb Socialiste dhe kreu i Komisionit t\u00eb Ligjeve, Ulsi Manja, tha se propozimi i kreut t\u00eb shtetit \u00ebsht\u00eb antikushtetues duke qen\u00eb se emri i propozuar nuk \u00ebsht\u00eb ekspert n\u00eb fush\u00ebn e financave.<\/span><\/p>\n<p><span style=\"color: #000000;\">Nd\u00ebrsa ai p\u00ebrmend se problem tjet\u00ebr i kandidatur\u00ebs s\u00eb Shaqirit \u00ebsht\u00eb edhe profili sipas tij i lart\u00eb politik i kandidatit me LSI-n\u00eb.<\/span><\/p>\n","protected":false,"gt_translate_keys":[{"key":"rendered","format":"html"}]},"excerpt":{"rendered":"<p>Presidenti i Republik\u00ebs Ilir Meta, \u00ebsht\u00eb pyetur sot nga gazetar\u00ebt lidhur me kandidatur\u00ebn e Bahri Shaqirit p\u00ebr kreun e KLSH-s\u00eb. N\u00eb aktivitetin e organizuar sot p\u00ebr 100-vjetorin e vdekjes s\u00eb Ismail Qemalit, Meta tha se do udh\u00ebhiqej vet\u00ebm nga Kushtetuta dhe interesi publik. &#8220;Kushtetuta, interesi komb\u00ebtar dhe interesi publik jan\u00eb t\u00eb vetmet q\u00eb m\u00eb udh\u00ebheqin [&hellip;]<\/p>\n","protected":false,"gt_translate_keys":[{"key":"rendered","format":"html"}]},"author":30,"featured_media":268334,"comment_status":"open","ping_status":"open","sticky":false,"template":"","format":"standard","meta":{"footnotes":""},"categories":[65,13],"tags":[],"class_list":["post-268332","post","type-post","status-publish","format-standard","has-post-thumbnail","hentry","category-lajme","category-te-fundit"],"gt_translate_keys":[{"key":"link","format":"url"}],"_links":{"self":[{"href":"https:\/\/www.hashtag.al\/index.php\/wp-json\/wp\/v2\/posts\/268332","targetHints":{"allow":["GET"]}}],"collection":[{"href":"https:\/\/www.hashtag.al\/index.php\/wp-json\/wp\/v2\/posts"}],"about":[{"href":"https:\/\/www.hashtag.al\/index.php\/wp-json\/wp\/v2\/types\/post"}],"author":[{"embeddable":true,"href":"https:\/\/www.hashtag.al\/index.php\/wp-json\/wp\/v2\/users\/30"}],"replies":[{"embeddable":true,"href":"https:\/\/www.hashtag.al\/index.php\/wp-json\/wp\/v2\/comments?post=268332"}],"version-history":[{"count":0,"href":"https:\/\/www.hashtag.al\/index.php\/wp-json\/wp\/v2\/posts\/268332\/revisions"}],"wp:featuredmedia":[{"embeddable":true,"href":"https:\/\/www.hashtag.al\/index.php\/wp-json\/wp\/v2\/media\/268334"}],"wp:attachment":[{"href":"https:\/\/www.hashtag.al\/index.php\/wp-json\/wp\/v2\/media?parent=268332"}],"wp:term":[{"taxonomy":"category","embeddable":true,"href":"https:\/\/www.hashtag.al\/index.php\/wp-json\/wp\/v2\/categories?post=268332"},{"taxonomy":"post_tag","embeddable":true,"href":"https:\/\/www.hashtag.al\/index.php\/wp-json\/wp\/v2\/tags?post=268332"}],"curies":[{"name":"wp","href":"https:\/\/api.w.org\/{rel}","templated":true}]}}