{"id":268318,"date":"2019-01-24T10:44:36","date_gmt":"2019-01-24T09:44:36","guid":{"rendered":"https:\/\/hashtag.al\/?p=268318"},"modified":"2019-01-24T10:46:24","modified_gmt":"2019-01-24T09:46:24","slug":"venezuela-ne-prag-te-luftes-civile-maduro-nderpret-marredheniet-me-shba-ne","status":"publish","type":"post","link":"https:\/\/www.hashtag.al\/index.php\/2019\/01\/24\/venezuela-ne-prag-te-luftes-civile-maduro-nderpret-marredheniet-me-shba-ne\/","title":{"rendered":"Venezuela n\u00eb prag t\u00eb Luft\u00ebs Civile, Maduro nd\u00ebrpret marr\u00ebdh\u00ebniet me SHBA-n\u00eb","gt_translate_keys":[{"key":"rendered","format":"text"}]},"content":{"rendered":"<p><img loading=\"lazy\" decoding=\"async\" class=\"aligncenter size-full wp-image-268319\" src=\"https:\/\/hashtag.al\/wp-content\/uploads\/2019\/01\/maduroguaido.jpg\" alt=\"\" width=\"2000\" height=\"1039\" srcset=\"https:\/\/www.hashtag.al\/wp-content\/uploads\/2019\/01\/maduroguaido.jpg 2000w, https:\/\/www.hashtag.al\/wp-content\/uploads\/2019\/01\/maduroguaido-300x156.jpg 300w, https:\/\/www.hashtag.al\/wp-content\/uploads\/2019\/01\/maduroguaido-768x399.jpg 768w, https:\/\/www.hashtag.al\/wp-content\/uploads\/2019\/01\/maduroguaido-1024x532.jpg 1024w\" sizes=\"auto, (max-width: 2000px) 100vw, 2000px\" \/><\/p>\n<p><span style=\"color: #000000;\">T\u00eb pakt\u00ebn kat\u00ebr persona kan\u00eb humbur jet\u00ebn n\u00eb Venezuel\u00eb, pas p\u00ebrleshjeve gjat\u00eb nat\u00ebs, gjat\u00eb protestave rivale nga mb\u00ebshtet\u00ebsit dhe kund\u00ebrshtar\u00ebt e presidentit Nicolas Maduro, tha policia.<\/span><\/p>\n<p><span style=\"color: #000000;\">Vendi amerikano-jugor \u00ebsht\u00eb p\u00ebrfshir\u00eb nga protesta masive n\u00eb at\u00eb q\u00eb duket se mund t\u00eb \u00e7oj\u00eb n\u00eb nj\u00eb Grusht Shteti dhe Luft\u00eb Civile.<\/span><\/p>\n<p><span style=\"color: #000000;\">Tensionet jan\u00eb rritur n\u00eb vend q\u00eb prej s\u00eb h\u00ebn\u00ebs, kur nj\u00eb grup ushtar\u00ebsh mor\u00ebn nj\u00eb post ushtarake n\u00eb veri t\u00eb Karakasit dhe u ngrit\u00ebn kund\u00ebr Maduros, duke publikuar nj\u00eb video q\u00eb u b\u00ebnte thirrje njer\u00ebzve t\u00eb dilnin n\u00eb rrug\u00eb n\u00eb mb\u00ebshtetje t\u00eb tyre.<\/span><\/p>\n<p><span style=\"color: #000000;\">Edhe pse l\u00ebvizja u shtyp menj\u00ebher\u00eb nga policia, protestat shp\u00ebrthyen n\u00eb pjes\u00ebn m\u00eb t\u00eb madhe t\u00eb qyteteve n\u00eb vend.<\/span><\/p>\n<p><img loading=\"lazy\" decoding=\"async\" class=\"aligncenter size-full wp-image-268321\" src=\"https:\/\/hashtag.al\/wp-content\/uploads\/2019\/01\/Venezuele-2.jpg\" alt=\"\" width=\"1024\" height=\"683\" srcset=\"https:\/\/www.hashtag.al\/wp-content\/uploads\/2019\/01\/Venezuele-2.jpg 1024w, https:\/\/www.hashtag.al\/wp-content\/uploads\/2019\/01\/Venezuele-2-300x200.jpg 300w, https:\/\/www.hashtag.al\/wp-content\/uploads\/2019\/01\/Venezuele-2-768x512.jpg 768w\" sizes=\"auto, (max-width: 1024px) 100vw, 1024px\" \/><\/p>\n<p><span style=\"color: #000000;\">Parlamenti q\u00eb kontrollohet nga opozita ka paralajm\u00ebruar protesta masive n\u00eb mbar\u00eb vendin p\u00ebr t\u00eb kund\u00ebrshtuar qeverisjen e presidentit Nicolas Maduro.<\/span><\/p>\n<p><span style=\"color: #000000;\">Presidenti Maduro, nd\u00ebrpreu marr\u00ebdh\u00ebniet me Shtetet e Bashkuara dhe urdh\u00ebroi diplomat\u00ebt amerikan\u00eb t\u00eb largohen jasht\u00eb vendit, duke akuzuar Uashingtonin p\u00ebr orkestrimin e nj\u00eb grushti shteti, pasi lideri i opozit\u00ebs, Juan Guaido, njoftoi publikisht se ishte tani president i vendit.<\/span><\/p>\n<p><span style=\"color: #000000;\">Nd\u00ebrkoh\u00eb administrata amerikane ka deklaruar se nuk do i t\u00ebrheq\u00eb diplomat\u00ebt e saj nga Venezuela, pavr\u00ebsisht paralajm\u00ebrimit t\u00eb presidentit Maduro.<\/span><\/p>\n<p><span style=\"color: #000000;\">N\u00eb nj\u00eb transmetim televiziv nga pallati presidencial t\u00eb m\u00ebrkur\u00ebn von\u00eb, Maduro akuzoi opozit\u00ebn se po organizonte nj\u00eb grusht shteti me mb\u00ebshtetjen e SHBA-s\u00eb., t\u00eb cil\u00ebn ai tha se po k\u00ebrkon t\u00eb qeveris\u00eb Venezuel\u00ebn nga Uashingtoni.<\/span><\/p>\n<p><span style=\"color: #000000;\"><em>&#8220;Kemi pasur nd\u00ebrhyrje t\u00eb mjaftueshme, ne kemi dinjitetin ton\u00eb. K\u00ebtu \u00ebsht\u00eb nj\u00eb popull q\u00eb d\u00ebshiron ta mbroj\u00eb k\u00ebt\u00eb vend.&#8221;<\/em> &#8211; tha Maduro.<\/span><\/p>\n<p><img loading=\"lazy\" decoding=\"async\" class=\"aligncenter size-full wp-image-268322\" src=\"https:\/\/hashtag.al\/wp-content\/uploads\/2019\/01\/juanguaido12.jpg\" alt=\"\" width=\"1140\" height=\"684\" srcset=\"https:\/\/www.hashtag.al\/wp-content\/uploads\/2019\/01\/juanguaido12.jpg 1140w, https:\/\/www.hashtag.al\/wp-content\/uploads\/2019\/01\/juanguaido12-300x180.jpg 300w, https:\/\/www.hashtag.al\/wp-content\/uploads\/2019\/01\/juanguaido12-768x461.jpg 768w, https:\/\/www.hashtag.al\/wp-content\/uploads\/2019\/01\/juanguaido12-1024x614.jpg 1024w\" sizes=\"auto, (max-width: 1140px) 100vw, 1140px\" \/><\/p>\n<p><span style=\"color: #000000;\">M\u00eb her\u00ebt, t\u00eb m\u00ebrkur\u00ebn, kreu i opozit\u00ebs venezueliane, Juan Guaido u shpall president i p\u00ebrkohsh\u00ebm n\u00eb nj\u00eb fjalim para dhjet\u00ebra mij\u00ebra njer\u00ebzve n\u00eb rrug\u00ebt e Caracas-it.<\/span><\/p>\n<p><span style=\"color: #000000;\">N\u00eb tubimin masiv, Guaido akuzoi Maduro p\u00ebr uzurpimin e pushtetit dhe premtoi t\u00eb krijonte nj\u00eb qeveri kalimtare, q\u00eb do t\u00eb ndihmonte vendin t\u00eb shp\u00ebtonte nga kolapsi ekonomiko-financiar.<\/span><\/p>\n<p><span style=\"color: #000000;\">&#8220;Betohem se marr t\u00eb gjitha kompetencat e presidenc\u00ebs p\u00ebr t\u00eb siguruar fundin e uzurpimit.&#8221; &#8211; tha Guaido, 35 vje\u00e7, kreu i kongresit t\u00eb drejtuar nga opozita.<\/span><\/p>\n<p><span style=\"color: #000000;\">Ministri venezuelian i Mbrojtjes, Vladimir Padrino, tha se forcat e armatosura nuk e njohin nj\u00eb president t\u00eb vet\u00ebshpallur <em>&#8220;t\u00eb imponuar nga interesa t\u00eb fshehta e t\u00eb err\u00ebta,jasht\u00eb ligjit&#8221;<\/em>.<\/span><\/p>\n<p><span style=\"color: #000000;\">Pak minuta pas deklarat\u00ebs s\u00eb Guaido-s, Presidenti i SHBA-s\u00eb, Donald Trump, e njohu at\u00eb si udh\u00ebheq\u00ebs t\u00eb p\u00ebrkohsh\u00ebm dhe deklaroi se Asambleja e tij Komb\u00ebtare ishte &#8220;e vetmja deg\u00eb e ligjshme e qeveris\u00eb e zgjedhur si\u00e7 duhet nga populli venezuelian&#8221;.<\/span><\/p>\n<p><span style=\"color: #000000;\"><em>&#8220;Populli i Venezuel\u00ebs ka folur me guxim kund\u00ebr Maduro-s dhe regjimit t\u00eb tij dhe ka k\u00ebrkuar lirin\u00eb dhe sundimin e ligjit.&#8221;<\/em> tha Trump n\u00eb nj\u00eb deklarat\u00eb.<\/span><\/p>\n<p><span style=\"color: #000000;\">Vendet e rajonit, Brazili, Kolumbia, Kili, Peru dhe Argjentina t\u00eb gjith\u00eb dhan\u00eb mb\u00ebshtetjen e tyre p\u00ebr vet\u00eb-shpalljen e Guaidos si president kurse Meksika tha se marr\u00ebdh\u00ebniet me Venezuel\u00ebn mbeten t\u00eb pandryshuara, dhe Kuba e Bolivia gjithashtu shpreh\u00ebn mb\u00ebshtetjen ndaj Maduro-s.<strong><em> \/Hashtag.al<\/em><\/strong><\/span><\/p>\n<p><span style=\"color: #000000;\"><span style=\"color: #ff0000;\"><strong>VINI RE:<\/strong><\/span> Ky material \u00ebsht\u00eb pron\u00ebsi intelektuale e <a href=\"https:\/\/www.aljazeera.com\/news\/2019\/01\/venezuela-cuts-ties-citing-support-coup-attempt-190124062525471.html\"><span style=\"color: #0000ff;\">Aljazeera.com<\/span><\/a><\/span><\/p>\n<p><img loading=\"lazy\" decoding=\"async\" class=\"aligncenter size-full wp-image-268323\" src=\"https:\/\/hashtag.al\/wp-content\/uploads\/2019\/01\/maduro24janar.jpg\" alt=\"\" width=\"2500\" height=\"1770\" srcset=\"https:\/\/www.hashtag.al\/wp-content\/uploads\/2019\/01\/maduro24janar.jpg 2500w, https:\/\/www.hashtag.al\/wp-content\/uploads\/2019\/01\/maduro24janar-300x212.jpg 300w, https:\/\/www.hashtag.al\/wp-content\/uploads\/2019\/01\/maduro24janar-768x544.jpg 768w, https:\/\/www.hashtag.al\/wp-content\/uploads\/2019\/01\/maduro24janar-1024x725.jpg 1024w\" sizes=\"auto, (max-width: 2500px) 100vw, 2500px\" \/><\/p>\n","protected":false,"gt_translate_keys":[{"key":"rendered","format":"html"}]},"excerpt":{"rendered":"<p>T\u00eb pakt\u00ebn kat\u00ebr persona kan\u00eb humbur jet\u00ebn n\u00eb Venezuel\u00eb, pas p\u00ebrleshjeve gjat\u00eb nat\u00ebs, gjat\u00eb protestave rivale nga mb\u00ebshtet\u00ebsit dhe kund\u00ebrshtar\u00ebt e presidentit Nicolas Maduro, tha policia. Vendi amerikano-jugor \u00ebsht\u00eb p\u00ebrfshir\u00eb nga protesta masive n\u00eb at\u00eb q\u00eb duket se mund t\u00eb \u00e7oj\u00eb n\u00eb nj\u00eb Grusht Shteti dhe Luft\u00eb Civile. Tensionet jan\u00eb rritur n\u00eb vend q\u00eb prej [&hellip;]<\/p>\n","protected":false,"gt_translate_keys":[{"key":"rendered","format":"html"}]},"author":51,"featured_media":268320,"comment_status":"open","ping_status":"open","sticky":false,"template":"","format":"standard","meta":{"footnotes":""},"categories":[22],"tags":[],"class_list":["post-268318","post","type-post","status-publish","format-standard","has-post-thumbnail","hentry","category-ballina"],"gt_translate_keys":[{"key":"link","format":"url"}],"_links":{"self":[{"href":"https:\/\/www.hashtag.al\/index.php\/wp-json\/wp\/v2\/posts\/268318","targetHints":{"allow":["GET"]}}],"collection":[{"href":"https:\/\/www.hashtag.al\/index.php\/wp-json\/wp\/v2\/posts"}],"about":[{"href":"https:\/\/www.hashtag.al\/index.php\/wp-json\/wp\/v2\/types\/post"}],"author":[{"embeddable":true,"href":"https:\/\/www.hashtag.al\/index.php\/wp-json\/wp\/v2\/users\/51"}],"replies":[{"embeddable":true,"href":"https:\/\/www.hashtag.al\/index.php\/wp-json\/wp\/v2\/comments?post=268318"}],"version-history":[{"count":0,"href":"https:\/\/www.hashtag.al\/index.php\/wp-json\/wp\/v2\/posts\/268318\/revisions"}],"wp:featuredmedia":[{"embeddable":true,"href":"https:\/\/www.hashtag.al\/index.php\/wp-json\/wp\/v2\/media\/268320"}],"wp:attachment":[{"href":"https:\/\/www.hashtag.al\/index.php\/wp-json\/wp\/v2\/media?parent=268318"}],"wp:term":[{"taxonomy":"category","embeddable":true,"href":"https:\/\/www.hashtag.al\/index.php\/wp-json\/wp\/v2\/categories?post=268318"},{"taxonomy":"post_tag","embeddable":true,"href":"https:\/\/www.hashtag.al\/index.php\/wp-json\/wp\/v2\/tags?post=268318"}],"curies":[{"name":"wp","href":"https:\/\/api.w.org\/{rel}","templated":true}]}}