{"id":268207,"date":"2019-01-23T21:00:49","date_gmt":"2019-01-23T20:00:49","guid":{"rendered":"https:\/\/hashtag.al\/?p=268207"},"modified":"2019-01-23T20:47:44","modified_gmt":"2019-01-23T19:47:44","slug":"268207","status":"publish","type":"post","link":"https:\/\/www.hashtag.al\/index.php\/2019\/01\/23\/268207\/","title":{"rendered":"Victoria Beckahm shuan z\u00ebrat: Jam shum\u00eb e lumtur me Davidin, s&#8217;ka divorc","gt_translate_keys":[{"key":"rendered","format":"text"}]},"content":{"rendered":"<p><img loading=\"lazy\" decoding=\"async\" class=\"alignnone size-full wp-image-268210\" src=\"https:\/\/hashtag.al\/wp-content\/uploads\/2019\/01\/cifti.png\" alt=\"\" width=\"731\" height=\"405\" srcset=\"https:\/\/www.hashtag.al\/wp-content\/uploads\/2019\/01\/cifti.png 731w, https:\/\/www.hashtag.al\/wp-content\/uploads\/2019\/01\/cifti-300x166.png 300w\" sizes=\"auto, (max-width: 731px) 100vw, 731px\" \/><\/p>\n<p><span style=\"color: #000000;\">\u00c7ifti i njohur Victoria dhe David Beckahm po kalojn\u00eb nj\u00eb kriz\u00eb n\u00eb marrdh\u00ebnien e tyre. Flitet se \u00e7ifti po shkon drejt nj\u00eb divorci por t\u00eb gjitha k\u00ebto z\u00ebra i ka shuar vet\u00ebm Victoria.\u00a0<\/span><\/p>\n<p><span style=\"color: #000000;\">N\u00eb nj\u00eb intervist\u00eb p\u00ebr \u201cThe Guardian\u2019s Weekend\u201d, Victoria foli p\u00ebr jet\u00ebn e saj familjare\u00a0 dhe u shpreh se k\u00ebto jan\u00eb thashetheme.<\/span><\/p>\n<p><span style=\"color: #000000;\">\u201cNdonj\u00ebher\u00eb b\u00ebhet shum\u00eb frustuese gjith\u00eb kjo zhurm\u00eb mediatike, por un\u00eb nuk p\u00ebrzihem, Ja l\u00eb k\u00ebt\u00eb gj\u00eb grupit tim t\u00eb PR-ve. Un\u00eb dhe David jemi shum\u00eb t\u00eb lumtur. Njer\u00ebzit jan\u00eb mjaft t\u00eb interesuar n\u00eb jet\u00ebn time personale. Ndonj\u00ebher\u00eb kjo t\u00eb ndihmon n\u00eb pun\u00ebn q\u00eb ne b\u00ebjm\u00eb, por ka dhe gj\u00ebra q\u00eb nuk m\u00eb p\u00eblqejn\u00eb aspak.&#8221;, u shpreh ajo.\u00a0<\/span><\/p>\n","protected":false,"gt_translate_keys":[{"key":"rendered","format":"html"}]},"excerpt":{"rendered":"<p>\u00c7ifti i njohur Victoria dhe David Beckahm po kalojn\u00eb nj\u00eb kriz\u00eb n\u00eb marrdh\u00ebnien e tyre. Flitet se \u00e7ifti po shkon drejt nj\u00eb divorci por t\u00eb gjitha k\u00ebto z\u00ebra i ka shuar vet\u00ebm Victoria.\u00a0 N\u00eb nj\u00eb intervist\u00eb p\u00ebr \u201cThe Guardian\u2019s Weekend\u201d, Victoria foli p\u00ebr jet\u00ebn e saj familjare\u00a0 dhe u shpreh se k\u00ebto jan\u00eb thashetheme. \u201cNdonj\u00ebher\u00eb [&hellip;]<\/p>\n","protected":false,"gt_translate_keys":[{"key":"rendered","format":"html"}]},"author":30,"featured_media":268210,"comment_status":"open","ping_status":"open","sticky":false,"template":"","format":"standard","meta":{"footnotes":""},"categories":[53,13],"tags":[],"class_list":["post-268207","post","type-post","status-publish","format-standard","has-post-thumbnail","hentry","category-fast-foodi","category-te-fundit"],"gt_translate_keys":[{"key":"link","format":"url"}],"_links":{"self":[{"href":"https:\/\/www.hashtag.al\/index.php\/wp-json\/wp\/v2\/posts\/268207","targetHints":{"allow":["GET"]}}],"collection":[{"href":"https:\/\/www.hashtag.al\/index.php\/wp-json\/wp\/v2\/posts"}],"about":[{"href":"https:\/\/www.hashtag.al\/index.php\/wp-json\/wp\/v2\/types\/post"}],"author":[{"embeddable":true,"href":"https:\/\/www.hashtag.al\/index.php\/wp-json\/wp\/v2\/users\/30"}],"replies":[{"embeddable":true,"href":"https:\/\/www.hashtag.al\/index.php\/wp-json\/wp\/v2\/comments?post=268207"}],"version-history":[{"count":0,"href":"https:\/\/www.hashtag.al\/index.php\/wp-json\/wp\/v2\/posts\/268207\/revisions"}],"wp:featuredmedia":[{"embeddable":true,"href":"https:\/\/www.hashtag.al\/index.php\/wp-json\/wp\/v2\/media\/268210"}],"wp:attachment":[{"href":"https:\/\/www.hashtag.al\/index.php\/wp-json\/wp\/v2\/media?parent=268207"}],"wp:term":[{"taxonomy":"category","embeddable":true,"href":"https:\/\/www.hashtag.al\/index.php\/wp-json\/wp\/v2\/categories?post=268207"},{"taxonomy":"post_tag","embeddable":true,"href":"https:\/\/www.hashtag.al\/index.php\/wp-json\/wp\/v2\/tags?post=268207"}],"curies":[{"name":"wp","href":"https:\/\/api.w.org\/{rel}","templated":true}]}}