{"id":268094,"date":"2019-01-23T13:21:16","date_gmt":"2019-01-23T12:21:16","guid":{"rendered":"https:\/\/hashtag.al\/?p=268094"},"modified":"2019-01-23T13:31:24","modified_gmt":"2019-01-23T12:31:24","slug":"meta-komenton-levizjen-e-rames-per-cakajn-respektoj-kushtetuten","status":"publish","type":"post","link":"https:\/\/www.hashtag.al\/index.php\/2019\/01\/23\/meta-komenton-levizjen-e-rames-per-cakajn-respektoj-kushtetuten\/","title":{"rendered":"Meta komenton l\u00ebvizjen e Ram\u00ebs p\u00ebr Cakajn: Respektoj Kushtetut\u00ebn!","gt_translate_keys":[{"key":"rendered","format":"text"}]},"content":{"rendered":"<p><img loading=\"lazy\" decoding=\"async\" class=\"aligncenter size-full wp-image-268095\" src=\"https:\/\/hashtag.al\/wp-content\/uploads\/2019\/01\/meta-7.jpg\" alt=\"\" width=\"4000\" height=\"2670\" srcset=\"https:\/\/www.hashtag.al\/wp-content\/uploads\/2019\/01\/meta-7.jpg 4000w, https:\/\/www.hashtag.al\/wp-content\/uploads\/2019\/01\/meta-7-300x200.jpg 300w, https:\/\/www.hashtag.al\/wp-content\/uploads\/2019\/01\/meta-7-768x513.jpg 768w, https:\/\/www.hashtag.al\/wp-content\/uploads\/2019\/01\/meta-7-1024x684.jpg 1024w\" sizes=\"auto, (max-width: 4000px) 100vw, 4000px\" \/><\/p>\n<p><span style=\"color: #000000;\">Presidenti Meta ka reaguar pasi kryeministri Rama i delegoi kompetenct e drejtimit t\u00eb ministris\u00eb P\u00ebr Evrop\u00ebn dhe Pun\u00ebt e Jashtme, Gent Cakajt, t\u00eb cilin m\u00eb her\u00ebt nuk e ksihte dekretuar. <\/span><\/p>\n<p><span style=\"color: #000000;\">I pyetur p\u00ebr t\u00eb komentuar k\u00ebt\u00eb l\u00ebvizje t\u00eb kryeministrit Rama, Meta u p\u00ebrgjigj duke th\u00ebn\u00eb: \u201c<em>Presidenti nuk nd\u00ebrhyn dhe nuk komenton p\u00ebr aktet e organizimit t\u00eb brendsh\u00ebm t\u00eb ekzekutivit apo t\u00eb ministrive. <\/em><\/span><\/p>\n<p><span style=\"color: #000000;\"><em>Un\u00eb si President i Republik\u00ebs respektoj Kushtetut\u00ebn dhe i kam shum\u00eb t\u00eb qarta kompetencat e mia se cilit institucion mund t\u2019i delegoj autoritetin kushtetues p\u00ebr t\u00eb lidhur marr\u00ebveshjet nd\u00ebrkomb\u00ebtare n\u00eb em\u00ebr t\u00eb Republik\u00ebs s\u00eb Shqip\u00ebris\u00eb.\u201d<\/em><\/span><\/p>\n<p><img loading=\"lazy\" decoding=\"async\" class=\"aligncenter size-full wp-image-268078\" src=\"https:\/\/hashtag.al\/wp-content\/uploads\/2019\/01\/ramacakaj23janar.jpg\" alt=\"\" width=\"745\" height=\"423\" srcset=\"https:\/\/www.hashtag.al\/wp-content\/uploads\/2019\/01\/ramacakaj23janar.jpg 745w, https:\/\/www.hashtag.al\/wp-content\/uploads\/2019\/01\/ramacakaj23janar-300x170.jpg 300w\" sizes=\"auto, (max-width: 745px) 100vw, 745px\" \/><\/p>\n","protected":false,"gt_translate_keys":[{"key":"rendered","format":"html"}]},"excerpt":{"rendered":"<p>Presidenti Meta ka reaguar pasi kryeministri Rama i delegoi kompetenct e drejtimit t\u00eb ministris\u00eb P\u00ebr Evrop\u00ebn dhe Pun\u00ebt e Jashtme, Gent Cakajt, t\u00eb cilin m\u00eb her\u00ebt nuk e ksihte dekretuar. I pyetur p\u00ebr t\u00eb komentuar k\u00ebt\u00eb l\u00ebvizje t\u00eb kryeministrit Rama, Meta u p\u00ebrgjigj duke th\u00ebn\u00eb: \u201cPresidenti nuk nd\u00ebrhyn dhe nuk komenton p\u00ebr aktet e organizimit [&hellip;]<\/p>\n","protected":false,"gt_translate_keys":[{"key":"rendered","format":"html"}]},"author":51,"featured_media":268096,"comment_status":"open","ping_status":"open","sticky":false,"template":"","format":"standard","meta":{"footnotes":""},"categories":[65,13],"tags":[],"class_list":["post-268094","post","type-post","status-publish","format-standard","has-post-thumbnail","hentry","category-lajme","category-te-fundit"],"gt_translate_keys":[{"key":"link","format":"url"}],"_links":{"self":[{"href":"https:\/\/www.hashtag.al\/index.php\/wp-json\/wp\/v2\/posts\/268094","targetHints":{"allow":["GET"]}}],"collection":[{"href":"https:\/\/www.hashtag.al\/index.php\/wp-json\/wp\/v2\/posts"}],"about":[{"href":"https:\/\/www.hashtag.al\/index.php\/wp-json\/wp\/v2\/types\/post"}],"author":[{"embeddable":true,"href":"https:\/\/www.hashtag.al\/index.php\/wp-json\/wp\/v2\/users\/51"}],"replies":[{"embeddable":true,"href":"https:\/\/www.hashtag.al\/index.php\/wp-json\/wp\/v2\/comments?post=268094"}],"version-history":[{"count":0,"href":"https:\/\/www.hashtag.al\/index.php\/wp-json\/wp\/v2\/posts\/268094\/revisions"}],"wp:featuredmedia":[{"embeddable":true,"href":"https:\/\/www.hashtag.al\/index.php\/wp-json\/wp\/v2\/media\/268096"}],"wp:attachment":[{"href":"https:\/\/www.hashtag.al\/index.php\/wp-json\/wp\/v2\/media?parent=268094"}],"wp:term":[{"taxonomy":"category","embeddable":true,"href":"https:\/\/www.hashtag.al\/index.php\/wp-json\/wp\/v2\/categories?post=268094"},{"taxonomy":"post_tag","embeddable":true,"href":"https:\/\/www.hashtag.al\/index.php\/wp-json\/wp\/v2\/tags?post=268094"}],"curies":[{"name":"wp","href":"https:\/\/api.w.org\/{rel}","templated":true}]}}