{"id":267854,"date":"2019-01-22T16:48:20","date_gmt":"2019-01-22T15:48:20","guid":{"rendered":"https:\/\/hashtag.al\/?p=267854"},"modified":"2019-01-22T17:00:09","modified_gmt":"2019-01-22T16:00:09","slug":"rama-para-studenteve-ne-elbasan-mirepres-ironine-por-jo-rrugacerine","status":"publish","type":"post","link":"https:\/\/www.hashtag.al\/index.php\/2019\/01\/22\/rama-para-studenteve-ne-elbasan-mirepres-ironine-por-jo-rrugacerine\/","title":{"rendered":"Rama para student\u00ebve n\u00eb Elbasan: Mir\u00ebpres ironin\u00eb por jo rruga\u00e7\u00ebrin\u00eb","gt_translate_keys":[{"key":"rendered","format":"text"}]},"content":{"rendered":"<p><img loading=\"lazy\" decoding=\"async\" class=\"alignnone size-full wp-image-267855\" src=\"https:\/\/hashtag.al\/wp-content\/uploads\/2019\/01\/rama-7.jpg\" alt=\"\" width=\"783\" height=\"466\" srcset=\"https:\/\/www.hashtag.al\/wp-content\/uploads\/2019\/01\/rama-7.jpg 783w, https:\/\/www.hashtag.al\/wp-content\/uploads\/2019\/01\/rama-7-300x179.jpg 300w, https:\/\/www.hashtag.al\/wp-content\/uploads\/2019\/01\/rama-7-768x457.jpg 768w\" sizes=\"auto, (max-width: 783px) 100vw, 783px\" \/><\/p>\n<p><span style=\"color: #000000;\">Kryeministri Edi Rama \u00ebsht\u00eb duke zhvilluar nj\u00eb takim me disa student\u00eb t\u00eb Elbasanit n\u00eb lidhje me at\u00eb q\u00eb ai e quan &#8221; Paktin p\u00ebr Universitetin&#8221;.<\/span><\/p>\n<p><span style=\"color: #000000;\">Kryeministri n\u00eb fjal\u00ebn e tij u shpreh se qeveria matet dhe analizohet p\u00ebr m\u00ebnyr\u00ebn\u00a0 sesi reagon ndaj problemeve, n\u00eb k\u00ebt\u00eb rast jan\u00eb problemet n\u00eb arsim. Kreu i qeveris\u00eb theksoi se e r\u00ebnd\u00ebsishme \u00ebsht\u00eb bashk\u00ebbisedimi dhe jo rruga\u00e7\u00ebria dhe vullgariteti nga ana e student\u00ebve.\u00a0<\/span><\/p>\n<p><span style=\"color: #000000;\">&#8220;Ajo q\u00eb \u00ebsht\u00eb e r\u00ebnd\u00ebsishme \u00ebsht\u00eb q\u00eb ne jetojm\u00eb n\u00eb nj\u00eb sistem q\u00eb askush nuk i di t\u00eb gjitha. N\u00eb demokraci nuk ka p\u00ebrgjigje t\u00eb gatshm\u00eb sikush ka p\u00ebrgjigjet e veta. Jemi t\u00eb p\u00ebrkushtuar q\u00eb ta \u00e7ojm\u00eb n\u00eb nj\u00eb nivel tjet\u00ebr universitetin. Qeveria matet me raportin sesi reagon ndaj problemeve. \u00cbsht\u00eb e mir\u00ebseardhur ironia, sarkazma por jo rruga\u00e7\u00ebria dhe vullgariteti sepse k\u00ebto nuk jan\u00eb normale\u00a0 n\u00eb nj\u00eb bashk\u00ebbisedim.&#8221;, u shpreh Rama para student\u00ebve n\u00eb Elbasan.<\/span><\/p>\n<p><span style=\"color: #000000;\">\u00a0<img loading=\"lazy\" decoding=\"async\" class=\"alignnone size-full wp-image-267591\" src=\"https:\/\/hashtag.al\/wp-content\/uploads\/2019\/01\/rama-parlament.jpg\" alt=\"\" width=\"640\" height=\"360\" srcset=\"https:\/\/www.hashtag.al\/wp-content\/uploads\/2019\/01\/rama-parlament.jpg 640w, https:\/\/www.hashtag.al\/wp-content\/uploads\/2019\/01\/rama-parlament-300x169.jpg 300w\" sizes=\"auto, (max-width: 640px) 100vw, 640px\" \/><\/span><\/p>\n","protected":false,"gt_translate_keys":[{"key":"rendered","format":"html"}]},"excerpt":{"rendered":"<p>Kryeministri Edi Rama \u00ebsht\u00eb duke zhvilluar nj\u00eb takim me disa student\u00eb t\u00eb Elbasanit n\u00eb lidhje me at\u00eb q\u00eb ai e quan &#8221; Paktin p\u00ebr Universitetin&#8221;. Kryeministri n\u00eb fjal\u00ebn e tij u shpreh se qeveria matet dhe analizohet p\u00ebr m\u00ebnyr\u00ebn\u00a0 sesi reagon ndaj problemeve, n\u00eb k\u00ebt\u00eb rast jan\u00eb problemet n\u00eb arsim. Kreu i qeveris\u00eb theksoi se [&hellip;]<\/p>\n","protected":false,"gt_translate_keys":[{"key":"rendered","format":"html"}]},"author":30,"featured_media":267855,"comment_status":"open","ping_status":"open","sticky":false,"template":"","format":"standard","meta":{"footnotes":""},"categories":[65,13],"tags":[],"class_list":["post-267854","post","type-post","status-publish","format-standard","has-post-thumbnail","hentry","category-lajme","category-te-fundit"],"gt_translate_keys":[{"key":"link","format":"url"}],"_links":{"self":[{"href":"https:\/\/www.hashtag.al\/index.php\/wp-json\/wp\/v2\/posts\/267854","targetHints":{"allow":["GET"]}}],"collection":[{"href":"https:\/\/www.hashtag.al\/index.php\/wp-json\/wp\/v2\/posts"}],"about":[{"href":"https:\/\/www.hashtag.al\/index.php\/wp-json\/wp\/v2\/types\/post"}],"author":[{"embeddable":true,"href":"https:\/\/www.hashtag.al\/index.php\/wp-json\/wp\/v2\/users\/30"}],"replies":[{"embeddable":true,"href":"https:\/\/www.hashtag.al\/index.php\/wp-json\/wp\/v2\/comments?post=267854"}],"version-history":[{"count":0,"href":"https:\/\/www.hashtag.al\/index.php\/wp-json\/wp\/v2\/posts\/267854\/revisions"}],"wp:featuredmedia":[{"embeddable":true,"href":"https:\/\/www.hashtag.al\/index.php\/wp-json\/wp\/v2\/media\/267855"}],"wp:attachment":[{"href":"https:\/\/www.hashtag.al\/index.php\/wp-json\/wp\/v2\/media?parent=267854"}],"wp:term":[{"taxonomy":"category","embeddable":true,"href":"https:\/\/www.hashtag.al\/index.php\/wp-json\/wp\/v2\/categories?post=267854"},{"taxonomy":"post_tag","embeddable":true,"href":"https:\/\/www.hashtag.al\/index.php\/wp-json\/wp\/v2\/tags?post=267854"}],"curies":[{"name":"wp","href":"https:\/\/api.w.org\/{rel}","templated":true}]}}