{"id":267696,"date":"2019-01-22T08:48:26","date_gmt":"2019-01-22T07:48:26","guid":{"rendered":"https:\/\/hashtag.al\/?p=267696"},"modified":"2019-01-22T08:50:03","modified_gmt":"2019-01-22T07:50:03","slug":"meta-takon-kryeministrin-e-malit-te-zi-projekti-i-ri-per-te-cilin-folen","status":"publish","type":"post","link":"https:\/\/www.hashtag.al\/index.php\/2019\/01\/22\/meta-takon-kryeministrin-e-malit-te-zi-projekti-i-ri-per-te-cilin-folen\/","title":{"rendered":"Meta takon kryeministrin e Malit t\u00eb Zi, projekti i ri p\u00ebr t\u00eb cilin fol\u00ebn","gt_translate_keys":[{"key":"rendered","format":"text"}]},"content":{"rendered":"<p><img loading=\"lazy\" decoding=\"async\" class=\"aligncenter size-full wp-image-267700\" src=\"https:\/\/hashtag.al\/wp-content\/uploads\/2019\/01\/meta-6.jpg\" alt=\"\" width=\"853\" height=\"853\" srcset=\"https:\/\/www.hashtag.al\/wp-content\/uploads\/2019\/01\/meta-6.jpg 853w, https:\/\/www.hashtag.al\/wp-content\/uploads\/2019\/01\/meta-6-150x150.jpg 150w, https:\/\/www.hashtag.al\/wp-content\/uploads\/2019\/01\/meta-6-300x300.jpg 300w, https:\/\/www.hashtag.al\/wp-content\/uploads\/2019\/01\/meta-6-768x768.jpg 768w, https:\/\/www.hashtag.al\/wp-content\/uploads\/2019\/01\/meta-6-120x120.jpg 120w\" sizes=\"auto, (max-width: 853px) 100vw, 853px\" \/><\/p>\n<p><span style=\"color: #000000;\">Gjat\u00eb vizit\u00ebs s\u00eb tij n\u00eb Malin e Zi, presidenti Ilir Meta ka takuar kryeministrin malazes Dushko Markovi\u00e7. Gjat\u00eb takimit, Meta dhe Markovi\u00e7 kan\u00eb folur p\u00ebr komunitetin shqiptar q\u00eb jetonin n\u00eb Mal t\u00eb Zi.<\/span><\/p>\n<p><span style=\"color: #000000;\"><em>&#8220;Mir\u00ebprita me shum\u00eb k\u00ebnaq\u00ebsi angazhimin e Kryeministrit malazez, Dushko Markovi\u00e7 p\u00ebr thellimin e bashk\u00ebpunimit dypal\u00ebsh dhe p\u00ebr projektet e reja konkrete q\u00eb do t\u00eb nisin s\u00eb shpejti n\u00eb mb\u00ebshtetje t\u00eb zonave n\u00eb Malin e Zi ku banojn\u00eb shqiptar\u00ebt. Mb\u00ebshtesim me vendosm\u00ebri rrug\u00ebn e qart\u00eb europiane dhe euro-atlantike q\u00eb ka zgjedhur Mali i Zi.&#8221;,<\/em> shkruan Meta, i cili ka publikuar edhe nj\u00eb foto t\u00eb k\u00ebtij takimi.<\/span><\/p>\n<p><span style=\"color: #000000;\">Dit\u00ebn e djeshme, presidenti Meta nisi nj\u00eb vizit\u00eb shtet\u00ebrore dy ditore n\u00eb Mal t\u00eb Zi, me ftes\u00eb t\u00eb homologut t\u00eb tij malazez, Milo Gjukanovi\u00e7.<\/span><\/p>\n<p><em><span style=\"color: #000000;\">&#8220;Shum\u00eb i lumtur t\u00eb vizitoj zyrtarisht Malin e Zi dhe t\u00eb zhvilloja me Presidentin, Milo Gjukanovi\u00e7 nj\u00eb takim t\u00eb shk\u00eblqyer!\u00a0<\/span><\/em><br \/>\n<span style=\"color: #000000;\"><em> Forcimi edhe m\u00eb shum\u00eb i marr\u00ebdh\u00ebnieve dypal\u00ebshe, integrimi edhe m\u00eb i plot\u00eb i shqiptar\u00ebve t\u00eb Malit t\u00eb Zi, si dhe kursi europian dhe euro-atlantik i rajonit, n\u00eb interesin m\u00eb t\u00eb mir\u00eb t\u00eb p\u00ebrbashk\u00ebt.&#8221;,<\/em> tha Meta pas pritjes q\u00eb Gjukanovi\u00e7 i b\u00ebri.<\/span><\/p>\n<p><img loading=\"lazy\" decoding=\"async\" class=\"aligncenter size-full wp-image-267697\" src=\"https:\/\/hashtag.al\/wp-content\/uploads\/2019\/01\/meta-4-1.jpg\" alt=\"\" width=\"960\" height=\"640\" srcset=\"https:\/\/www.hashtag.al\/wp-content\/uploads\/2019\/01\/meta-4-1.jpg 960w, https:\/\/www.hashtag.al\/wp-content\/uploads\/2019\/01\/meta-4-1-300x200.jpg 300w, https:\/\/www.hashtag.al\/wp-content\/uploads\/2019\/01\/meta-4-1-768x512.jpg 768w\" sizes=\"auto, (max-width: 960px) 100vw, 960px\" \/> <img loading=\"lazy\" decoding=\"async\" class=\"aligncenter size-full wp-image-267698\" src=\"https:\/\/hashtag.al\/wp-content\/uploads\/2019\/01\/meta-3-1.jpg\" alt=\"\" width=\"960\" height=\"640\" srcset=\"https:\/\/www.hashtag.al\/wp-content\/uploads\/2019\/01\/meta-3-1.jpg 960w, https:\/\/www.hashtag.al\/wp-content\/uploads\/2019\/01\/meta-3-1-300x200.jpg 300w, https:\/\/www.hashtag.al\/wp-content\/uploads\/2019\/01\/meta-3-1-768x512.jpg 768w\" sizes=\"auto, (max-width: 960px) 100vw, 960px\" \/><\/p>\n<p><span style=\"color: #000000;\">Pas presidentit malazes, Meta takoi dhe kryetarin e Kuvendit t\u00eb Malit t\u00eb Zi, Ivan Brajovi\u00e7.<\/span><\/p>\n<p><em><span style=\"color: #000000;\">&#8220;K\u00ebnaq\u00ebsi e ve\u00e7ant\u00eb t\u00eb takoja sot Kryetarin e Kuvendit t\u00eb Malit t\u00eb Zi, Ivan Brajovi\u00e7 dhe t\u00eb ndanim s\u00eb bashku bindjen mbi r\u00ebnd\u00ebsin\u00eb e madhe t\u00eb forcimit t\u00eb marr\u00ebdh\u00ebnieve midis dy Parlamenteve dhe rolit t\u00eb madh q\u00eb ato kan\u00eb p\u00ebr t&#8217;i dh\u00ebn\u00eb impulse t\u00eb reja raporteve t\u00eb shk\u00eblqyera mes vendeve dhe popujve tan\u00eb.<\/span><\/em><br \/>\n<span style=\"color: #000000;\"><em> Theksova se \u00e7do reform\u00eb zgjedhore n\u00eb Malin e Zi duhet t\u00eb ket\u00eb n\u00eb konsiderat\u00eb p\u00ebrfaq\u00ebsimin e drejt\u00eb t\u00eb shqiptar\u00ebve n\u00eb nivel qendror dhe lokal.&#8221;<\/em>, tha Meta.<\/span><\/p>\n<p><img loading=\"lazy\" decoding=\"async\" class=\"aligncenter size-full wp-image-267699\" src=\"https:\/\/hashtag.al\/wp-content\/uploads\/2019\/01\/meta-2-2.jpg\" alt=\"\" width=\"960\" height=\"639\" srcset=\"https:\/\/www.hashtag.al\/wp-content\/uploads\/2019\/01\/meta-2-2.jpg 960w, https:\/\/www.hashtag.al\/wp-content\/uploads\/2019\/01\/meta-2-2-300x200.jpg 300w, https:\/\/www.hashtag.al\/wp-content\/uploads\/2019\/01\/meta-2-2-768x511.jpg 768w\" sizes=\"auto, (max-width: 960px) 100vw, 960px\" \/><\/p>\n<p><span style=\"color: #000000;\">Me rastin e vizit\u00ebs s\u00eb Met\u00ebs, rrug\u00ebt e Podgoric\u00ebs u vesh\u00ebn dje me flamujt kuqezi si asnj\u00ebher\u00eb tjet\u00ebr, n\u00eb nder t\u00eb presidentit shqiptar.<\/span><\/p>\n<p><span style=\"color: #000000;\">N\u00eb mediat malazeze qarkullojn\u00eb edhe fotot, q\u00eb tregojn\u00eb atmosfer\u00ebn e krijuar n\u00eb kryeqytetin malazez, ku jetojn\u00eb edhe shum\u00eb shqiptar\u00eb.<\/span><\/p>\n<p><img loading=\"lazy\" decoding=\"async\" class=\"aligncenter size-full wp-image-267386\" src=\"https:\/\/hashtag.al\/wp-content\/uploads\/2019\/01\/22E34C22-565D-461F-A1D2-8C1E76CEE226.jpeg\" alt=\"\" width=\"1280\" height=\"853\" srcset=\"https:\/\/www.hashtag.al\/wp-content\/uploads\/2019\/01\/22E34C22-565D-461F-A1D2-8C1E76CEE226.jpeg 1280w, https:\/\/www.hashtag.al\/wp-content\/uploads\/2019\/01\/22E34C22-565D-461F-A1D2-8C1E76CEE226-300x200.jpeg 300w, https:\/\/www.hashtag.al\/wp-content\/uploads\/2019\/01\/22E34C22-565D-461F-A1D2-8C1E76CEE226-768x512.jpeg 768w, https:\/\/www.hashtag.al\/wp-content\/uploads\/2019\/01\/22E34C22-565D-461F-A1D2-8C1E76CEE226-1024x682.jpeg 1024w\" sizes=\"auto, (max-width: 1280px) 100vw, 1280px\" \/> <img loading=\"lazy\" decoding=\"async\" class=\"aligncenter size-full wp-image-267387\" src=\"https:\/\/hashtag.al\/wp-content\/uploads\/2019\/01\/315F6176-C0F5-4646-8953-83908B19EC04.jpeg\" alt=\"\" width=\"1280\" height=\"853\" srcset=\"https:\/\/www.hashtag.al\/wp-content\/uploads\/2019\/01\/315F6176-C0F5-4646-8953-83908B19EC04.jpeg 1280w, https:\/\/www.hashtag.al\/wp-content\/uploads\/2019\/01\/315F6176-C0F5-4646-8953-83908B19EC04-300x200.jpeg 300w, https:\/\/www.hashtag.al\/wp-content\/uploads\/2019\/01\/315F6176-C0F5-4646-8953-83908B19EC04-768x512.jpeg 768w, https:\/\/www.hashtag.al\/wp-content\/uploads\/2019\/01\/315F6176-C0F5-4646-8953-83908B19EC04-1024x682.jpeg 1024w\" sizes=\"auto, (max-width: 1280px) 100vw, 1280px\" \/><\/p>\n","protected":false,"gt_translate_keys":[{"key":"rendered","format":"html"}]},"excerpt":{"rendered":"<p>Gjat\u00eb vizit\u00ebs s\u00eb tij n\u00eb Malin e Zi, presidenti Ilir Meta ka takuar kryeministrin malazes Dushko Markovi\u00e7. Gjat\u00eb takimit, Meta dhe Markovi\u00e7 kan\u00eb folur p\u00ebr komunitetin shqiptar q\u00eb jetonin n\u00eb Mal t\u00eb Zi. &#8220;Mir\u00ebprita me shum\u00eb k\u00ebnaq\u00ebsi angazhimin e Kryeministrit malazez, Dushko Markovi\u00e7 p\u00ebr thellimin e bashk\u00ebpunimit dypal\u00ebsh dhe p\u00ebr projektet e reja konkrete q\u00eb [&hellip;]<\/p>\n","protected":false,"gt_translate_keys":[{"key":"rendered","format":"html"}]},"author":30,"featured_media":267700,"comment_status":"open","ping_status":"open","sticky":false,"template":"","format":"standard","meta":{"footnotes":""},"categories":[65,13],"tags":[],"class_list":["post-267696","post","type-post","status-publish","format-standard","has-post-thumbnail","hentry","category-lajme","category-te-fundit"],"gt_translate_keys":[{"key":"link","format":"url"}],"_links":{"self":[{"href":"https:\/\/www.hashtag.al\/index.php\/wp-json\/wp\/v2\/posts\/267696","targetHints":{"allow":["GET"]}}],"collection":[{"href":"https:\/\/www.hashtag.al\/index.php\/wp-json\/wp\/v2\/posts"}],"about":[{"href":"https:\/\/www.hashtag.al\/index.php\/wp-json\/wp\/v2\/types\/post"}],"author":[{"embeddable":true,"href":"https:\/\/www.hashtag.al\/index.php\/wp-json\/wp\/v2\/users\/30"}],"replies":[{"embeddable":true,"href":"https:\/\/www.hashtag.al\/index.php\/wp-json\/wp\/v2\/comments?post=267696"}],"version-history":[{"count":0,"href":"https:\/\/www.hashtag.al\/index.php\/wp-json\/wp\/v2\/posts\/267696\/revisions"}],"wp:featuredmedia":[{"embeddable":true,"href":"https:\/\/www.hashtag.al\/index.php\/wp-json\/wp\/v2\/media\/267700"}],"wp:attachment":[{"href":"https:\/\/www.hashtag.al\/index.php\/wp-json\/wp\/v2\/media?parent=267696"}],"wp:term":[{"taxonomy":"category","embeddable":true,"href":"https:\/\/www.hashtag.al\/index.php\/wp-json\/wp\/v2\/categories?post=267696"},{"taxonomy":"post_tag","embeddable":true,"href":"https:\/\/www.hashtag.al\/index.php\/wp-json\/wp\/v2\/tags?post=267696"}],"curies":[{"name":"wp","href":"https:\/\/api.w.org\/{rel}","templated":true}]}}