{"id":267613,"date":"2019-01-21T19:20:00","date_gmt":"2019-01-21T18:20:00","guid":{"rendered":"https:\/\/hashtag.al\/?p=267613"},"modified":"2019-01-21T19:29:53","modified_gmt":"2019-01-21T18:29:53","slug":"267613","status":"publish","type":"post","link":"https:\/\/www.hashtag.al\/index.php\/2019\/01\/21\/267613\/","title":{"rendered":"&#8220;Student\u00ebt i thyejn\u00eb turinjt\u00eb Ram\u00ebs\u201d (VIDEO)","gt_translate_keys":[{"key":"rendered","format":"text"}]},"content":{"rendered":"<p><img loading=\"lazy\" decoding=\"async\" class=\"alignnone size-full wp-image-267614\" src=\"https:\/\/hashtag.al\/wp-content\/uploads\/2019\/01\/studentet-7.jpg\" alt=\"\" width=\"414\" height=\"423\" srcset=\"https:\/\/www.hashtag.al\/wp-content\/uploads\/2019\/01\/studentet-7.jpg 414w, https:\/\/www.hashtag.al\/wp-content\/uploads\/2019\/01\/studentet-7-294x300.jpg 294w\" sizes=\"auto, (max-width: 414px) 100vw, 414px\" \/><\/p>\n<p><span style=\"color: #000000;\">N\u00eb lidhje me protest\u00ebn e student\u00ebve ish-kryeministri Sali Berisha ka publikuar nj\u00eb video dhe \u00ebsht\u00eb shprehur se\u00a0student\u00ebt e fakultetit t\u00eb Ekonomis\u00eb i kan\u00eb thyer \u201cturinjt\u00eb\u201d me bojkot kryeministrit Rama.<\/span><\/p>\n<p><span style=\"color: #000000;\">Ai thekson se student\u00ebt meritojn\u00eb t\u00eb nderohen p\u00ebr pun\u00ebn q\u00eb po b\u00ebjn\u00eb, por shton se revolta e tyre \u00ebsht\u00eb nj\u00eb q\u00ebndrim i duhur ndaj pu\u00e7istit \u201cEdvin Kristaq urrejtja\u201d. \u201cFakulteti Ekonomik i thyen turinjte Edvinit me bojkot te plote. Nderim studenteve dhe pedagogeve per greven, bojkotit te tyre ndaj pu\u00e7istit Edvin Kristaq Urrejtja! Sb\u201d, shkruan Berisha.<\/span><\/p>\n<p><span style=\"color: #000000;\">N\u00eb fjal\u00ebn e tij n\u00eb parlament Rama u shpreh se protesta e student\u00ebve q\u00eb qeveria e tij t\u00eb reflektonte. Sipas Ram\u00ebs protesta e student\u00ebve tregoi se opozita nuk \u00ebsht\u00eb m\u00eb nj\u00eb aleternativ\u00eb p\u00ebr qytetar\u00ebt.\u00a0<\/span><\/p>\n<p>&nbsp;<\/p>\n<p><iframe loading=\"lazy\" style=\"border: none; overflow: hidden;\" src=\"https:\/\/www.facebook.com\/plugins\/video.php?href=https%3A%2F%2Fwww.facebook.com%2FSaliBerisha%2Fvideos%2F219597565660287%2F&amp;show_text=0&amp;width=267\" width=\"267\" height=\"476\" frameborder=\"0\" scrolling=\"no\" allowfullscreen=\"allowfullscreen\"><\/iframe><\/p>\n","protected":false,"gt_translate_keys":[{"key":"rendered","format":"html"}]},"excerpt":{"rendered":"<p>N\u00eb lidhje me protest\u00ebn e student\u00ebve ish-kryeministri Sali Berisha ka publikuar nj\u00eb video dhe \u00ebsht\u00eb shprehur se\u00a0student\u00ebt e fakultetit t\u00eb Ekonomis\u00eb i kan\u00eb thyer \u201cturinjt\u00eb\u201d me bojkot kryeministrit Rama. Ai thekson se student\u00ebt meritojn\u00eb t\u00eb nderohen p\u00ebr pun\u00ebn q\u00eb po b\u00ebjn\u00eb, por shton se revolta e tyre \u00ebsht\u00eb nj\u00eb q\u00ebndrim i duhur ndaj pu\u00e7istit \u201cEdvin [&hellip;]<\/p>\n","protected":false,"gt_translate_keys":[{"key":"rendered","format":"html"}]},"author":30,"featured_media":267614,"comment_status":"open","ping_status":"open","sticky":false,"template":"","format":"standard","meta":{"footnotes":""},"categories":[65,13],"tags":[],"class_list":["post-267613","post","type-post","status-publish","format-standard","has-post-thumbnail","hentry","category-lajme","category-te-fundit"],"gt_translate_keys":[{"key":"link","format":"url"}],"_links":{"self":[{"href":"https:\/\/www.hashtag.al\/index.php\/wp-json\/wp\/v2\/posts\/267613","targetHints":{"allow":["GET"]}}],"collection":[{"href":"https:\/\/www.hashtag.al\/index.php\/wp-json\/wp\/v2\/posts"}],"about":[{"href":"https:\/\/www.hashtag.al\/index.php\/wp-json\/wp\/v2\/types\/post"}],"author":[{"embeddable":true,"href":"https:\/\/www.hashtag.al\/index.php\/wp-json\/wp\/v2\/users\/30"}],"replies":[{"embeddable":true,"href":"https:\/\/www.hashtag.al\/index.php\/wp-json\/wp\/v2\/comments?post=267613"}],"version-history":[{"count":0,"href":"https:\/\/www.hashtag.al\/index.php\/wp-json\/wp\/v2\/posts\/267613\/revisions"}],"wp:featuredmedia":[{"embeddable":true,"href":"https:\/\/www.hashtag.al\/index.php\/wp-json\/wp\/v2\/media\/267614"}],"wp:attachment":[{"href":"https:\/\/www.hashtag.al\/index.php\/wp-json\/wp\/v2\/media?parent=267613"}],"wp:term":[{"taxonomy":"category","embeddable":true,"href":"https:\/\/www.hashtag.al\/index.php\/wp-json\/wp\/v2\/categories?post=267613"},{"taxonomy":"post_tag","embeddable":true,"href":"https:\/\/www.hashtag.al\/index.php\/wp-json\/wp\/v2\/tags?post=267613"}],"curies":[{"name":"wp","href":"https:\/\/api.w.org\/{rel}","templated":true}]}}