{"id":267567,"date":"2019-01-21T17:08:59","date_gmt":"2019-01-21T16:08:59","guid":{"rendered":"https:\/\/hashtag.al\/?p=267567"},"modified":"2019-01-21T17:15:26","modified_gmt":"2019-01-21T16:15:26","slug":"nis-seanca-plenare-opozita-ne-parlament-pritet-votimi-i-rames-si-minister-i-jashtem","status":"publish","type":"post","link":"https:\/\/www.hashtag.al\/index.php\/2019\/01\/21\/nis-seanca-plenare-opozita-ne-parlament-pritet-votimi-i-rames-si-minister-i-jashtem\/","title":{"rendered":"Nis seanca plenare, opozita n\u00eb parlament, pritet votimi i Ram\u00ebs si minist\u00ebr i Jasht\u00ebm","gt_translate_keys":[{"key":"rendered","format":"text"}]},"content":{"rendered":"<p><span style=\"color: #000000;\"><img loading=\"lazy\" decoding=\"async\" class=\"alignnone size-full wp-image-112631\" src=\"https:\/\/hashtag.al\/wp-content\/uploads\/2017\/04\/auto_Parlamenti-pa-pranine-e-opozites-1024x6831492535577.jpg\" alt=\"\" width=\"900\" height=\"635\" \/><\/span><\/p>\n<p><span style=\"color: #000000;\">Prej disa minuta ka filluar seanca plenare ku pritet t\u00eb votohen dekretet p\u00ebr ministrin\u00eb e Jashtme. N\u00eb sall\u00ebn e Kuvendit ndodhen edhe deputet\u00ebt e opozit\u00ebs. Ligjv\u00ebn\u00ebsit i rikthehen pun\u00ebs pas 4 jav\u00eb nd\u00ebrprerjeje aktiviteti parlamentar.\u00a0<\/span><\/p>\n<p><span style=\"color: #000000;\">Sot pritet t\u00eb votohet dekreti i kryeministrit Edi Rama p\u00ebr t\u00eb marr\u00eb edhe postin e ministrit t\u00eb Jasht\u00ebm t\u00eb vendit.Po ashtu do t\u00eb votohet edhe p\u00ebr shkakrimin ne Ditmir Bushatit si minist\u00ebr t\u00eb Jasht\u00ebm.<\/span><\/p>\n<p><span style=\"color: #000000;\">&#8221; T\u00eb miratojm\u00eb sa m\u00eb shpejt ndryshimet n\u00eb Kodin Zgjedhor. Zgjedhjet t\u00eb mos b\u00ebhen nj\u00eb penges\u00eb p\u00ebr rrug\u00ebn ton\u00eb n\u00eb BE. Shumica dhe opozita t\u00eb bashkojn\u00eb vullnetin dhe ambicitet pa kushte. Opozita t\u00eb b\u00ebhet vler\u00eb e shtuar p\u00ebr negociatat e vendit. &#8220;, u shpreh kreu i Kuvendit Gramoz Ru\u00e7i.\u00a0<\/span><\/p>\n<p>&nbsp;<\/p>\n","protected":false,"gt_translate_keys":[{"key":"rendered","format":"html"}]},"excerpt":{"rendered":"<p>Prej disa minuta ka filluar seanca plenare ku pritet t\u00eb votohen dekretet p\u00ebr ministrin\u00eb e Jashtme. N\u00eb sall\u00ebn e Kuvendit ndodhen edhe deputet\u00ebt e opozit\u00ebs. Ligjv\u00ebn\u00ebsit i rikthehen pun\u00ebs pas 4 jav\u00eb nd\u00ebrprerjeje aktiviteti parlamentar.\u00a0 Sot pritet t\u00eb votohet dekreti i kryeministrit Edi Rama p\u00ebr t\u00eb marr\u00eb edhe postin e ministrit t\u00eb Jasht\u00ebm t\u00eb vendit.Po [&hellip;]<\/p>\n","protected":false,"gt_translate_keys":[{"key":"rendered","format":"html"}]},"author":30,"featured_media":112632,"comment_status":"open","ping_status":"open","sticky":false,"template":"","format":"standard","meta":{"footnotes":""},"categories":[65,13],"tags":[],"class_list":["post-267567","post","type-post","status-publish","format-standard","has-post-thumbnail","hentry","category-lajme","category-te-fundit"],"gt_translate_keys":[{"key":"link","format":"url"}],"_links":{"self":[{"href":"https:\/\/www.hashtag.al\/index.php\/wp-json\/wp\/v2\/posts\/267567","targetHints":{"allow":["GET"]}}],"collection":[{"href":"https:\/\/www.hashtag.al\/index.php\/wp-json\/wp\/v2\/posts"}],"about":[{"href":"https:\/\/www.hashtag.al\/index.php\/wp-json\/wp\/v2\/types\/post"}],"author":[{"embeddable":true,"href":"https:\/\/www.hashtag.al\/index.php\/wp-json\/wp\/v2\/users\/30"}],"replies":[{"embeddable":true,"href":"https:\/\/www.hashtag.al\/index.php\/wp-json\/wp\/v2\/comments?post=267567"}],"version-history":[{"count":0,"href":"https:\/\/www.hashtag.al\/index.php\/wp-json\/wp\/v2\/posts\/267567\/revisions"}],"wp:featuredmedia":[{"embeddable":true,"href":"https:\/\/www.hashtag.al\/index.php\/wp-json\/"}],"wp:attachment":[{"href":"https:\/\/www.hashtag.al\/index.php\/wp-json\/wp\/v2\/media?parent=267567"}],"wp:term":[{"taxonomy":"category","embeddable":true,"href":"https:\/\/www.hashtag.al\/index.php\/wp-json\/wp\/v2\/categories?post=267567"},{"taxonomy":"post_tag","embeddable":true,"href":"https:\/\/www.hashtag.al\/index.php\/wp-json\/wp\/v2\/tags?post=267567"}],"curies":[{"name":"wp","href":"https:\/\/api.w.org\/{rel}","templated":true}]}}