{"id":267327,"date":"2019-01-20T22:33:07","date_gmt":"2019-01-20T21:33:07","guid":{"rendered":"https:\/\/hashtag.al\/?p=267327"},"modified":"2019-01-20T22:36:33","modified_gmt":"2019-01-20T21:36:33","slug":"perplasje-te-dhunshme-ne-athine-per-marreveshjen-e-emrit-me-maqedonine-mbi-40-te-plagosur","status":"publish","type":"post","link":"https:\/\/www.hashtag.al\/index.php\/2019\/01\/20\/perplasje-te-dhunshme-ne-athine-per-marreveshjen-e-emrit-me-maqedonine-mbi-40-te-plagosur\/","title":{"rendered":"Emri i Maqedonis\u00eb, mbi 40 t\u00eb plagosur nga p\u00ebrplasjet e dhunshme n\u00eb Athin\u00eb","gt_translate_keys":[{"key":"rendered","format":"text"}]},"content":{"rendered":"<p><img loading=\"lazy\" decoding=\"async\" class=\"aligncenter size-full wp-image-267328\" src=\"https:\/\/hashtag.al\/wp-content\/uploads\/2019\/01\/greqi.png\" alt=\"\" width=\"682\" height=\"457\" srcset=\"https:\/\/www.hashtag.al\/wp-content\/uploads\/2019\/01\/greqi.png 682w, https:\/\/www.hashtag.al\/wp-content\/uploads\/2019\/01\/greqi-300x201.png 300w\" sizes=\"auto, (max-width: 682px) 100vw, 682px\" \/><\/p>\n<p><span style=\"color: #000000;\">Policia p\u00ebrdori gazin lotsjell\u00ebs p\u00ebr t\u00eb shp\u00ebrndar\u00eb protestuesit q\u00eb u mblodh\u00ebn para parlamentit grek n\u00eb kryeqytetin Athin\u00eb, p\u00ebr t\u00eb kund\u00ebrshtuar marr\u00ebveshjen e emrit me fqinj\u00ebt e Ish-Republik\u00ebs Jugosllave t\u00eb Maqedonis\u00eb. <\/span><\/p>\n<p><span style=\"color: #000000;\">Pas n\u00ebnshkrimit t\u00eb marr\u00ebveshjes nga qeverit\u00eb respektive, Shkupi zyrtar e ratifikoi marr\u00ebveshjen n\u00eb parlamentin e tij dhe \u00ebsht\u00eb radha e Athin\u00ebs zyrtare q\u00eb t\u00eb b\u00ebj\u00eb t\u00eb nj\u00ebjt\u00ebn gj\u00eb jav\u00ebn q\u00eb vjen duke b\u00ebr\u00eb q\u00eb marr\u00ebveshja t\u00eb hyj\u00eb n\u00eb fuqi. <\/span><\/p>\n<p><span style=\"color: #000000;\">M\u00eb shum\u00eb se 40 persona kan\u00eb mbetur t\u00eb plagosur mes protestuesve dhe policis\u00eb q\u00eb u p\u00ebrpoq t\u00eb vendos\u00eb rendin duke p\u00ebrdorur bomba me gaz lotsjell\u00ebs, ujin si dhe shkopinjt\u00eb e gom\u00ebs.<\/span><\/p>\n<p><img loading=\"lazy\" decoding=\"async\" class=\"aligncenter size-full wp-image-267329\" src=\"https:\/\/hashtag.al\/wp-content\/uploads\/2019\/01\/greqi-3.png\" alt=\"\" width=\"708\" height=\"456\" srcset=\"https:\/\/www.hashtag.al\/wp-content\/uploads\/2019\/01\/greqi-3.png 708w, https:\/\/www.hashtag.al\/wp-content\/uploads\/2019\/01\/greqi-3-300x193.png 300w\" sizes=\"auto, (max-width: 708px) 100vw, 708px\" \/><\/p>\n<p><span style=\"color: #000000;\">Sipas marr\u00ebveshjes s\u00eb n\u00ebshkruar n\u00eb Presp\u00eb, pal\u00ebt jan\u00eb dakord\u00ebsuar q\u00eb emri i fqinjit verior t\u00eb jet\u00eb Maqedonia e Veriut, gj\u00eb q\u00eb i hap rrug\u00ebn asaj q\u00eb t\u00eb an\u00ebtar\u00ebsohet n\u00eb NATO si dhe t\u00eb \u00e7el\u00eb negociatat me BE-n\u00eb.<\/span><\/p>\n<p><span style=\"color: #000000;\"> Marr\u00ebveshja \u00ebsht\u00eb kund\u00ebrshtuar ashp\u00ebr nga opozita maqedonase VMRO-DPMNE si dhe ajo greke, Demokracia e Re, Agimi i Art\u00eb dhe aleati qeveris\u00eb, Grek\u00ebt e Pavarur. <\/span><\/p>\n<p><span style=\"color: #000000;\">N\u00ebnshkrimi i marr\u00ebveshjes \u00e7oi n\u00eb p\u00ebrplasje t\u00eb ashpra n\u00eb qeverin\u00eb greke, q\u00eb \u00e7uan n\u00eb daljen nga koalicioni t\u00eb kreut t\u00eb Grek\u00ebve t\u00eb Pavarur t\u00eb drejtuar nga Panos Kammenos, i cili sulmoi kryeministrin Tsipras si dhe ish-ministrin e Jasht\u00ebm, Kotzias p\u00ebr marr\u00ebveshjen n\u00eb fjal\u00eb. <\/span><\/p>\n<p><span style=\"color: #000000;\">N\u00eb dit\u00ebt n\u00eb vijim \u00ebsht\u00eb parashikuar q\u00eb marr\u00ebveshja t\u00eb votohet n\u00eb parlamentin grek, nd\u00ebrsa opozita ka lajm\u00ebruar p\u00ebr t\u00eb tjera protesta. <em><strong>\/Hashtag.al<\/strong><\/em><\/span><\/p>\n<p><img loading=\"lazy\" decoding=\"async\" class=\"aligncenter wp-image-267330\" src=\"https:\/\/hashtag.al\/wp-content\/uploads\/2019\/01\/greqi-5.png\" alt=\"\" width=\"725\" height=\"485\" srcset=\"https:\/\/www.hashtag.al\/wp-content\/uploads\/2019\/01\/greqi-5.png 693w, https:\/\/www.hashtag.al\/wp-content\/uploads\/2019\/01\/greqi-5-300x201.png 300w\" sizes=\"auto, (max-width: 725px) 100vw, 725px\" \/><\/p>\n<p><img loading=\"lazy\" decoding=\"async\" class=\"aligncenter size-full wp-image-267331\" src=\"https:\/\/hashtag.al\/wp-content\/uploads\/2019\/01\/greqi-4.png\" alt=\"\" width=\"725\" height=\"461\" srcset=\"https:\/\/www.hashtag.al\/wp-content\/uploads\/2019\/01\/greqi-4.png 725w, https:\/\/www.hashtag.al\/wp-content\/uploads\/2019\/01\/greqi-4-300x191.png 300w\" sizes=\"auto, (max-width: 725px) 100vw, 725px\" \/><\/p>\n","protected":false,"gt_translate_keys":[{"key":"rendered","format":"html"}]},"excerpt":{"rendered":"<p>Policia p\u00ebrdori gazin lotsjell\u00ebs p\u00ebr t\u00eb shp\u00ebrndar\u00eb protestuesit q\u00eb u mblodh\u00ebn para parlamentit grek n\u00eb kryeqytetin Athin\u00eb, p\u00ebr t\u00eb kund\u00ebrshtuar marr\u00ebveshjen e emrit me fqinj\u00ebt e Ish-Republik\u00ebs Jugosllave t\u00eb Maqedonis\u00eb. Pas n\u00ebnshkrimit t\u00eb marr\u00ebveshjes nga qeverit\u00eb respektive, Shkupi zyrtar e ratifikoi marr\u00ebveshjen n\u00eb parlamentin e tij dhe \u00ebsht\u00eb radha e Athin\u00ebs zyrtare q\u00eb t\u00eb b\u00ebj\u00eb [&hellip;]<\/p>\n","protected":false,"gt_translate_keys":[{"key":"rendered","format":"html"}]},"author":51,"featured_media":267332,"comment_status":"open","ping_status":"open","sticky":false,"template":"","format":"standard","meta":{"footnotes":""},"categories":[22,149,6],"tags":[],"class_list":["post-267327","post","type-post","status-publish","format-standard","has-post-thumbnail","hentry","category-ballina","category-kosoverajon","category-nderkombetare"],"gt_translate_keys":[{"key":"link","format":"url"}],"_links":{"self":[{"href":"https:\/\/www.hashtag.al\/index.php\/wp-json\/wp\/v2\/posts\/267327","targetHints":{"allow":["GET"]}}],"collection":[{"href":"https:\/\/www.hashtag.al\/index.php\/wp-json\/wp\/v2\/posts"}],"about":[{"href":"https:\/\/www.hashtag.al\/index.php\/wp-json\/wp\/v2\/types\/post"}],"author":[{"embeddable":true,"href":"https:\/\/www.hashtag.al\/index.php\/wp-json\/wp\/v2\/users\/51"}],"replies":[{"embeddable":true,"href":"https:\/\/www.hashtag.al\/index.php\/wp-json\/wp\/v2\/comments?post=267327"}],"version-history":[{"count":0,"href":"https:\/\/www.hashtag.al\/index.php\/wp-json\/wp\/v2\/posts\/267327\/revisions"}],"wp:featuredmedia":[{"embeddable":true,"href":"https:\/\/www.hashtag.al\/index.php\/wp-json\/wp\/v2\/media\/267332"}],"wp:attachment":[{"href":"https:\/\/www.hashtag.al\/index.php\/wp-json\/wp\/v2\/media?parent=267327"}],"wp:term":[{"taxonomy":"category","embeddable":true,"href":"https:\/\/www.hashtag.al\/index.php\/wp-json\/wp\/v2\/categories?post=267327"},{"taxonomy":"post_tag","embeddable":true,"href":"https:\/\/www.hashtag.al\/index.php\/wp-json\/wp\/v2\/tags?post=267327"}],"curies":[{"name":"wp","href":"https:\/\/api.w.org\/{rel}","templated":true}]}}