{"id":267241,"date":"2019-01-20T15:02:35","date_gmt":"2019-01-20T14:02:35","guid":{"rendered":"https:\/\/hashtag.al\/?p=267241"},"modified":"2019-01-20T15:03:34","modified_gmt":"2019-01-20T14:03:34","slug":"267241","status":"publish","type":"post","link":"https:\/\/www.hashtag.al\/index.php\/2019\/01\/20\/267241\/","title":{"rendered":"P\u00ebrleshje mes policis\u00eb dhe qytetar\u00ebve, rrethohet parlamenti grek (VIDEO)","gt_translate_keys":[{"key":"rendered","format":"text"}]},"content":{"rendered":"<p><img loading=\"lazy\" decoding=\"async\" class=\"aligncenter size-full wp-image-267242\" src=\"https:\/\/hashtag.al\/wp-content\/uploads\/2019\/01\/1-4.jpg\" alt=\"\" width=\"763\" height=\"508\" srcset=\"https:\/\/www.hashtag.al\/wp-content\/uploads\/2019\/01\/1-4.jpg 763w, https:\/\/www.hashtag.al\/wp-content\/uploads\/2019\/01\/1-4-300x200.jpg 300w\" sizes=\"auto, (max-width: 763px) 100vw, 763px\" \/><\/p>\n<p><span style=\"color: #000000;\">N\u00eb Athin\u00eb kan\u00eb filluar protestat para parlamentit n\u00eb lidhje me emrin e Maqedonis\u00eb. Mij\u00ebra qytetar\u00eb jan\u00eb ngritur n\u00eb protest\u00eb para parlamentit pasi nuk jan\u00eb dakort me emrin &#8220;Maqedoni Veriore&#8221;, kjo tashm\u00eb e votuar edhe nga parlamenti maqedonas pak dit\u00eb m\u00eb par\u00eb.<\/span><\/p>\n<p><span style=\"color: #000000;\">N\u00eb sheshin \u201cSintagma\u201d para Kuvendit grek kund\u00ebr marr\u00ebveshjes s\u00eb Presp\u00ebs n\u00ebn moton \u201cMaqedoni do t\u00eb thot\u00eb Greqi\u201d, qytetar\u00ebt k\u00ebrkojn\u00eb anullimin e k\u00ebsaj marr\u00ebveshje.\u00a0\u00a0T\u00eb pakt\u00ebn 100 mij\u00eb qyetar\u00eb kan\u00eb dal\u00eb sot p\u00ebr t\u00eb protestuar n\u00eb qend\u00ebr t\u00eb Athin\u00ebs dhe nuk kan\u00eb nguruar t\u00eb reagojn\u00eb ashp\u00ebr ndaj policis\u00eb, me gur\u00eb dhe zjarr.\u00a0<\/span><\/p>\n<p><span style=\"color: #000000;\">Dhjet\u00ebra autobus\u00eb jan\u00eb marr\u00eb me qira nga autoritetet lokale, por bashk\u00eb me ta kishat dhe manastiret kan\u00eb ndihmuar n\u00eb transportin e njer\u00ebzve nga qytetet e tjera drejt sheshit \u201cSintagma\u201d n\u00eb Athin\u00eb.<\/span><\/p>\n<p>&nbsp;<\/p>\n<p>&nbsp;<\/p>\n<p><iframe loading=\"lazy\" style=\"border: none; overflow: hidden;\" src=\"https:\/\/www.facebook.com\/plugins\/video.php?href=https%3A%2F%2Fwww.facebook.com%2FRTnews%2Fvideos%2F356177328551760%2F&amp;show_text=0&amp;width=560\" width=\"560\" height=\"315\" frameborder=\"0\" scrolling=\"no\" allowfullscreen=\"allowfullscreen\"><\/iframe><\/p>\n<p>&nbsp;<\/p>\n<p><img loading=\"lazy\" decoding=\"async\" class=\"aligncenter size-full wp-image-267243\" src=\"https:\/\/hashtag.al\/wp-content\/uploads\/2019\/01\/2-3.jpg\" alt=\"\" width=\"739\" height=\"485\" srcset=\"https:\/\/www.hashtag.al\/wp-content\/uploads\/2019\/01\/2-3.jpg 739w, https:\/\/www.hashtag.al\/wp-content\/uploads\/2019\/01\/2-3-300x197.jpg 300w\" sizes=\"auto, (max-width: 739px) 100vw, 739px\" \/><\/p>\n<p><img loading=\"lazy\" decoding=\"async\" class=\"aligncenter size-full wp-image-267244\" src=\"https:\/\/hashtag.al\/wp-content\/uploads\/2019\/01\/3-3.jpg\" alt=\"\" width=\"756\" height=\"503\" srcset=\"https:\/\/www.hashtag.al\/wp-content\/uploads\/2019\/01\/3-3.jpg 756w, https:\/\/www.hashtag.al\/wp-content\/uploads\/2019\/01\/3-3-300x200.jpg 300w\" sizes=\"auto, (max-width: 756px) 100vw, 756px\" \/><\/p>\n","protected":false,"gt_translate_keys":[{"key":"rendered","format":"html"}]},"excerpt":{"rendered":"<p>N\u00eb Athin\u00eb kan\u00eb filluar protestat para parlamentit n\u00eb lidhje me emrin e Maqedonis\u00eb. Mij\u00ebra qytetar\u00eb jan\u00eb ngritur n\u00eb protest\u00eb para parlamentit pasi nuk jan\u00eb dakort me emrin &#8220;Maqedoni Veriore&#8221;, kjo tashm\u00eb e votuar edhe nga parlamenti maqedonas pak dit\u00eb m\u00eb par\u00eb. N\u00eb sheshin \u201cSintagma\u201d para Kuvendit grek kund\u00ebr marr\u00ebveshjes s\u00eb Presp\u00ebs n\u00ebn moton \u201cMaqedoni do [&hellip;]<\/p>\n","protected":false,"gt_translate_keys":[{"key":"rendered","format":"html"}]},"author":30,"featured_media":267242,"comment_status":"open","ping_status":"open","sticky":false,"template":"","format":"standard","meta":{"footnotes":""},"categories":[149,13],"tags":[],"class_list":["post-267241","post","type-post","status-publish","format-standard","has-post-thumbnail","hentry","category-kosoverajon","category-te-fundit"],"gt_translate_keys":[{"key":"link","format":"url"}],"_links":{"self":[{"href":"https:\/\/www.hashtag.al\/index.php\/wp-json\/wp\/v2\/posts\/267241","targetHints":{"allow":["GET"]}}],"collection":[{"href":"https:\/\/www.hashtag.al\/index.php\/wp-json\/wp\/v2\/posts"}],"about":[{"href":"https:\/\/www.hashtag.al\/index.php\/wp-json\/wp\/v2\/types\/post"}],"author":[{"embeddable":true,"href":"https:\/\/www.hashtag.al\/index.php\/wp-json\/wp\/v2\/users\/30"}],"replies":[{"embeddable":true,"href":"https:\/\/www.hashtag.al\/index.php\/wp-json\/wp\/v2\/comments?post=267241"}],"version-history":[{"count":0,"href":"https:\/\/www.hashtag.al\/index.php\/wp-json\/wp\/v2\/posts\/267241\/revisions"}],"wp:featuredmedia":[{"embeddable":true,"href":"https:\/\/www.hashtag.al\/index.php\/wp-json\/wp\/v2\/media\/267242"}],"wp:attachment":[{"href":"https:\/\/www.hashtag.al\/index.php\/wp-json\/wp\/v2\/media?parent=267241"}],"wp:term":[{"taxonomy":"category","embeddable":true,"href":"https:\/\/www.hashtag.al\/index.php\/wp-json\/wp\/v2\/categories?post=267241"},{"taxonomy":"post_tag","embeddable":true,"href":"https:\/\/www.hashtag.al\/index.php\/wp-json\/wp\/v2\/tags?post=267241"}],"curies":[{"name":"wp","href":"https:\/\/api.w.org\/{rel}","templated":true}]}}