{"id":267226,"date":"2019-01-20T14:01:51","date_gmt":"2019-01-20T13:01:51","guid":{"rendered":"https:\/\/hashtag.al\/?p=267226"},"modified":"2019-01-20T14:57:50","modified_gmt":"2019-01-20T13:57:50","slug":"267226","status":"publish","type":"post","link":"https:\/\/www.hashtag.al\/index.php\/2019\/01\/20\/267226\/","title":{"rendered":"&#8220;Maqedoni do t\u00eb thot\u00eb Greqi\u201d, mij\u00ebra qytetar\u00eb n\u00eb protest\u00eb para parlamentit grek (VIDEO)","gt_translate_keys":[{"key":"rendered","format":"text"}]},"content":{"rendered":"<p><img loading=\"lazy\" decoding=\"async\" class=\"aligncenter size-full wp-image-267227\" src=\"https:\/\/hashtag.al\/wp-content\/uploads\/2019\/01\/greqi-1.jpg\" alt=\"\" width=\"860\" height=\"483\" srcset=\"https:\/\/www.hashtag.al\/wp-content\/uploads\/2019\/01\/greqi-1.jpg 860w, https:\/\/www.hashtag.al\/wp-content\/uploads\/2019\/01\/greqi-1-300x168.jpg 300w, https:\/\/www.hashtag.al\/wp-content\/uploads\/2019\/01\/greqi-1-768x431.jpg 768w\" sizes=\"auto, (max-width: 860px) 100vw, 860px\" \/><\/p>\n<p><span style=\"color: #000000;\">N\u00eb Athin\u00eb kan\u00eb filluar protestat para parlamentit n\u00eb lidhje me emrin e Maqedonis\u00eb. Mij\u00ebra qytetar\u00eb jan\u00eb ngritur n\u00eb protest\u00eb para parlamentit pasi nuk jan\u00eb dakort me emrin &#8220;Maqedoni Veriore&#8221;, kjo tashm\u00eb e votuar edhe nga parlamenti maqedonas pak dit\u00eb m\u00eb par\u00eb.<\/span><\/p>\n<p><span style=\"color: #000000;\">N\u00eb sheshin \u201cSintagma\u201d para Kuvendit grek kund\u00ebr marr\u00ebveshjes s\u00eb Presp\u00ebs n\u00ebn moton \u201cMaqedoni do t\u00eb thot\u00eb Greqi\u201d, qytetar\u00ebt k\u00ebrkojn\u00eb anullimin e k\u00ebsaj marr\u00ebveshje.\u00a0<\/span><\/p>\n<p><span style=\"color: #000000;\"><strong>DEBATET:<\/strong><\/span><\/p>\n<p><span style=\"color: #000000;\">Marr\u00ebveshja p\u00ebr emrin e ri t\u00eb Maqedonis\u00eb, e arritur mes kryeministrit Zoran Zaev dhe homologut t\u00eb tij grek, Alexis Tsipras, nuk \u00ebsht\u00eb pritur mir\u00eb nga kampet opozitare t\u00eb t\u00eb dy vendeve. N\u00eb Maqedoni \u00ebsht\u00eb presidenti Ivanov, q\u00eb refuzon k\u00ebt\u00eb. Nd\u00ebrsa n\u00eb Greqi, opozita dor\u00ebzoi nj\u00eb mocion mosbesimi p\u00ebr kryeministrin Tsipras.<\/span><\/p>\n<p><iframe loading=\"lazy\" style=\"border: none; overflow: hidden;\" src=\"https:\/\/www.facebook.com\/plugins\/video.php?href=https%3A%2F%2Fwww.facebook.com%2FRTnews%2Fvideos%2F356177328551760%2F&amp;show_text=0&amp;width=560\" width=\"560\" height=\"315\" frameborder=\"0\" scrolling=\"no\" allowfullscreen=\"allowfullscreen\"><\/iframe><\/p>\n","protected":false,"gt_translate_keys":[{"key":"rendered","format":"html"}]},"excerpt":{"rendered":"<p>N\u00eb Athin\u00eb kan\u00eb filluar protestat para parlamentit n\u00eb lidhje me emrin e Maqedonis\u00eb. Mij\u00ebra qytetar\u00eb jan\u00eb ngritur n\u00eb protest\u00eb para parlamentit pasi nuk jan\u00eb dakort me emrin &#8220;Maqedoni Veriore&#8221;, kjo tashm\u00eb e votuar edhe nga parlamenti maqedonas pak dit\u00eb m\u00eb par\u00eb. N\u00eb sheshin \u201cSintagma\u201d para Kuvendit grek kund\u00ebr marr\u00ebveshjes s\u00eb Presp\u00ebs n\u00ebn moton \u201cMaqedoni do [&hellip;]<\/p>\n","protected":false,"gt_translate_keys":[{"key":"rendered","format":"html"}]},"author":30,"featured_media":267227,"comment_status":"open","ping_status":"open","sticky":false,"template":"","format":"standard","meta":{"footnotes":""},"categories":[149,13],"tags":[],"class_list":["post-267226","post","type-post","status-publish","format-standard","has-post-thumbnail","hentry","category-kosoverajon","category-te-fundit"],"gt_translate_keys":[{"key":"link","format":"url"}],"_links":{"self":[{"href":"https:\/\/www.hashtag.al\/index.php\/wp-json\/wp\/v2\/posts\/267226","targetHints":{"allow":["GET"]}}],"collection":[{"href":"https:\/\/www.hashtag.al\/index.php\/wp-json\/wp\/v2\/posts"}],"about":[{"href":"https:\/\/www.hashtag.al\/index.php\/wp-json\/wp\/v2\/types\/post"}],"author":[{"embeddable":true,"href":"https:\/\/www.hashtag.al\/index.php\/wp-json\/wp\/v2\/users\/30"}],"replies":[{"embeddable":true,"href":"https:\/\/www.hashtag.al\/index.php\/wp-json\/wp\/v2\/comments?post=267226"}],"version-history":[{"count":0,"href":"https:\/\/www.hashtag.al\/index.php\/wp-json\/wp\/v2\/posts\/267226\/revisions"}],"wp:featuredmedia":[{"embeddable":true,"href":"https:\/\/www.hashtag.al\/index.php\/wp-json\/wp\/v2\/media\/267227"}],"wp:attachment":[{"href":"https:\/\/www.hashtag.al\/index.php\/wp-json\/wp\/v2\/media?parent=267226"}],"wp:term":[{"taxonomy":"category","embeddable":true,"href":"https:\/\/www.hashtag.al\/index.php\/wp-json\/wp\/v2\/categories?post=267226"},{"taxonomy":"post_tag","embeddable":true,"href":"https:\/\/www.hashtag.al\/index.php\/wp-json\/wp\/v2\/tags?post=267226"}],"curies":[{"name":"wp","href":"https:\/\/api.w.org\/{rel}","templated":true}]}}