{"id":267202,"date":"2019-01-20T13:07:12","date_gmt":"2019-01-20T12:07:12","guid":{"rendered":"https:\/\/hashtag.al\/?p=267202"},"modified":"2019-01-20T13:08:22","modified_gmt":"2019-01-20T12:08:22","slug":"o-zorraxhi","status":"publish","type":"post","link":"https:\/\/www.hashtag.al\/index.php\/2019\/01\/20\/o-zorraxhi\/","title":{"rendered":"&#8220;O zorraxhi, lentet n\u00ebn\u00ebs ia kam v\u00ebn\u00eb 400 euro&#8221;, qytetar\u00ebt &#8216;masakrojn\u00eb&#8217; Ram\u00ebn p\u00ebr sh\u00ebndet\u00ebsin\u00eb","gt_translate_keys":[{"key":"rendered","format":"text"}]},"content":{"rendered":"<p><img loading=\"lazy\" decoding=\"async\" class=\"aligncenter size-full wp-image-267205\" src=\"https:\/\/hashtag.al\/wp-content\/uploads\/2019\/01\/rama-qsut.jpg\" alt=\"\" width=\"463\" height=\"264\" srcset=\"https:\/\/www.hashtag.al\/wp-content\/uploads\/2019\/01\/rama-qsut.jpg 463w, https:\/\/www.hashtag.al\/wp-content\/uploads\/2019\/01\/rama-qsut-300x171.jpg 300w\" sizes=\"auto, (max-width: 463px) 100vw, 463px\" \/><\/p>\n<p><span style=\"color: #000000;\">Edhe k\u00ebt\u00eb t\u00eb diel\u00eb kryeministri Edi Rama nuk e ka kaluar n\u00eb qetesi. Por bashk\u00eb me ministres e Sh\u00ebndet\u00ebsis\u00eb Ogerta Manastirliun ka kryer nj\u00eb vizit\u00eb n\u00eb QSUT.\u00a0<\/span><\/p>\n<p><span style=\"color: #000000;\">&#8221; Lentet e syrit tanim\u00eb jan\u00eb nj\u00eb tjet\u00ebr paket\u00eb q\u00eb u shtohet sh\u00ebrbimeve FALAS n\u00eb sistemin ton\u00eb sh\u00ebndet\u00ebsor, nd\u00ebrkoh\u00eb q\u00eb nd\u00ebrtimi i depos moderne t\u00eb barnave n\u00eb QSUT garanton nj\u00eb ndryshim epokal t\u00eb sh\u00ebrbimit spitalor.\u00a0 Patjet\u00ebr sh\u00ebndet\u00ebsia ka ende shum\u00eb halle, po kujt nuk i&#8217;a shohin syt\u00eb ndryshimin tanim lentet i ofrohen FALAS&#8221;, shprehet Rama.<\/span><\/p>\n<p><span style=\"color: #000000;\">P\u00ebr videon q\u00eb ka publikuar kryeministri nuk kan\u00eb munguar edhe komentet nga ana e qytetar\u00ebve pasi kan\u00eb shum\u00eb kritika n\u00eb lidhje me politikat n\u00eb sh\u00ebndet\u00ebsi.<\/span><\/p>\n<p><span style=\"color: #000000;\">Nj\u00eb prej komentuese \u00ebsht\u00eb shprehur ndaj Ram\u00ebs: &#8220;O\u00a0rama o zorraxhi&#8221;. Nj\u00eb tjet\u00ebr \u00ebsht\u00eb shprehur se lentet e syrit ia ka v\u00ebn\u00eb n\u00ebn\u00ebs 400 euro n\u00eb Vlor\u00eb dhe jo n\u00eb spitalet e shtetit.\u00a0<\/span><\/p>\n<p><span style=\"color: #000000;\"><img loading=\"lazy\" decoding=\"async\" class=\"aligncenter size-full wp-image-267203\" src=\"https:\/\/hashtag.al\/wp-content\/uploads\/2019\/01\/88888.jpg\" alt=\"\" width=\"444\" height=\"213\" srcset=\"https:\/\/www.hashtag.al\/wp-content\/uploads\/2019\/01\/88888.jpg 444w, https:\/\/www.hashtag.al\/wp-content\/uploads\/2019\/01\/88888-300x144.jpg 300w\" sizes=\"auto, (max-width: 444px) 100vw, 444px\" \/><\/span><\/p>\n<p><span style=\"color: #000000;\"><img loading=\"lazy\" decoding=\"async\" class=\"aligncenter size-full wp-image-267204\" src=\"https:\/\/hashtag.al\/wp-content\/uploads\/2019\/01\/komentet-1.jpg\" alt=\"\" width=\"431\" height=\"249\" srcset=\"https:\/\/www.hashtag.al\/wp-content\/uploads\/2019\/01\/komentet-1.jpg 431w, https:\/\/www.hashtag.al\/wp-content\/uploads\/2019\/01\/komentet-1-300x173.jpg 300w\" sizes=\"auto, (max-width: 431px) 100vw, 431px\" \/><\/span><\/p>\n","protected":false,"gt_translate_keys":[{"key":"rendered","format":"html"}]},"excerpt":{"rendered":"<p>Edhe k\u00ebt\u00eb t\u00eb diel\u00eb kryeministri Edi Rama nuk e ka kaluar n\u00eb qetesi. Por bashk\u00eb me ministres e Sh\u00ebndet\u00ebsis\u00eb Ogerta Manastirliun ka kryer nj\u00eb vizit\u00eb n\u00eb QSUT.\u00a0 &#8221; Lentet e syrit tanim\u00eb jan\u00eb nj\u00eb tjet\u00ebr paket\u00eb q\u00eb u shtohet sh\u00ebrbimeve FALAS n\u00eb sistemin ton\u00eb sh\u00ebndet\u00ebsor, nd\u00ebrkoh\u00eb q\u00eb nd\u00ebrtimi i depos moderne t\u00eb barnave n\u00eb QSUT [&hellip;]<\/p>\n","protected":false,"gt_translate_keys":[{"key":"rendered","format":"html"}]},"author":30,"featured_media":267205,"comment_status":"open","ping_status":"open","sticky":false,"template":"","format":"standard","meta":{"footnotes":""},"categories":[65,13],"tags":[],"class_list":["post-267202","post","type-post","status-publish","format-standard","has-post-thumbnail","hentry","category-lajme","category-te-fundit"],"gt_translate_keys":[{"key":"link","format":"url"}],"_links":{"self":[{"href":"https:\/\/www.hashtag.al\/index.php\/wp-json\/wp\/v2\/posts\/267202","targetHints":{"allow":["GET"]}}],"collection":[{"href":"https:\/\/www.hashtag.al\/index.php\/wp-json\/wp\/v2\/posts"}],"about":[{"href":"https:\/\/www.hashtag.al\/index.php\/wp-json\/wp\/v2\/types\/post"}],"author":[{"embeddable":true,"href":"https:\/\/www.hashtag.al\/index.php\/wp-json\/wp\/v2\/users\/30"}],"replies":[{"embeddable":true,"href":"https:\/\/www.hashtag.al\/index.php\/wp-json\/wp\/v2\/comments?post=267202"}],"version-history":[{"count":0,"href":"https:\/\/www.hashtag.al\/index.php\/wp-json\/wp\/v2\/posts\/267202\/revisions"}],"wp:featuredmedia":[{"embeddable":true,"href":"https:\/\/www.hashtag.al\/index.php\/wp-json\/wp\/v2\/media\/267205"}],"wp:attachment":[{"href":"https:\/\/www.hashtag.al\/index.php\/wp-json\/wp\/v2\/media?parent=267202"}],"wp:term":[{"taxonomy":"category","embeddable":true,"href":"https:\/\/www.hashtag.al\/index.php\/wp-json\/wp\/v2\/categories?post=267202"},{"taxonomy":"post_tag","embeddable":true,"href":"https:\/\/www.hashtag.al\/index.php\/wp-json\/wp\/v2\/tags?post=267202"}],"curies":[{"name":"wp","href":"https:\/\/api.w.org\/{rel}","templated":true}]}}