{"id":267086,"date":"2019-01-19T19:13:22","date_gmt":"2019-01-19T18:13:22","guid":{"rendered":"https:\/\/hashtag.al\/?p=267086"},"modified":"2019-01-19T19:13:22","modified_gmt":"2019-01-19T18:13:22","slug":"meta-takim-me-perfaqesuesit-e-shoqates-tirana","status":"publish","type":"post","link":"https:\/\/www.hashtag.al\/index.php\/2019\/01\/19\/meta-takim-me-perfaqesuesit-e-shoqates-tirana\/","title":{"rendered":"Meta takim me p\u00ebrfaq\u00ebsuesit e shoqat\u00ebs \u201cTirana\u201d","gt_translate_keys":[{"key":"rendered","format":"text"}]},"content":{"rendered":"<p><img loading=\"lazy\" decoding=\"async\" class=\"aligncenter size-full wp-image-267088\" src=\"https:\/\/hashtag.al\/wp-content\/uploads\/2019\/01\/shoqata-tirana.jpg\" alt=\"\" width=\"1280\" height=\"853\" srcset=\"https:\/\/www.hashtag.al\/wp-content\/uploads\/2019\/01\/shoqata-tirana.jpg 1280w, https:\/\/www.hashtag.al\/wp-content\/uploads\/2019\/01\/shoqata-tirana-300x200.jpg 300w, https:\/\/www.hashtag.al\/wp-content\/uploads\/2019\/01\/shoqata-tirana-768x512.jpg 768w, https:\/\/www.hashtag.al\/wp-content\/uploads\/2019\/01\/shoqata-tirana-1024x682.jpg 1024w\" sizes=\"auto, (max-width: 1280px) 100vw, 1280px\" \/><\/p>\n<p><span style=\"color: #000000;\">Presidenti i Republik\u00ebs Ilir Meta priti n\u00eb nj\u00eb takim personalitete t\u00eb shquara t\u00eb shoqat\u00ebs \u201cTirana\u201d, Mjeshtrin e Madh t\u00eb Sportit, Shyqyri Rreli, Prof. Ismail Demneri, Prof. Rruzhdi Ke\u00e7i dhe Arben Tafaj.<\/span><\/p>\n<p><span style=\"color: #000000;\">Presidenti Meta, duke shprehur konsideratat m\u00eb t\u00eb larta p\u00ebr komunitetin tiranas, vler\u00ebsoi rolin e k\u00ebsaj shoqate n\u00eb ruajtjen dhe forcimin e identitetit komb\u00ebtar e n\u00eb ve\u00e7anti p\u00ebr promovimin e traditave qytetare, vlerave historike dhe pasuris\u00eb s\u00eb spikatur etnokulturore t\u00eb k\u00ebsaj treve.<\/span><\/p>\n<p><span style=\"color: #000000;\">\u201cVler\u00ebsoj lart p\u00ebrkushtimin, pasionin dhe pun\u00ebn e shk\u00eblqyer q\u00eb shoqata \u2018Tirana\u2019 ka kryer p\u00ebr promovimin e vlerave t\u00eb trash\u00ebgimis\u00eb historike e kulturore t\u00eb k\u00ebsaj treve. K\u00ebto p\u00ebrpjekje duhet t\u00eb mb\u00ebshteten m\u00eb shum\u00eb n\u00eb m\u00ebnyr\u00eb q\u00eb t\u00eb forcojm\u00eb rr\u00ebnj\u00ebt tona dhe ndjenjat e atdhedashuris\u00eb. T\u00eb duam vendlindjen dhe t\u00eb par\u00ebt tan\u00eb, t\u00eb ruajm\u00eb traditat dhe t\u2019i pasurojm\u00eb ato, q\u00eb t\u00eb vazhdojm\u00eb t\u00eb jemi krenar\u00eb p\u00ebr at\u00eb trash\u00ebgimi t\u00eb vyer q\u00eb na kan\u00eb l\u00ebn\u00eb t\u00eb par\u00ebt, n\u00eb m\u00ebnyr\u00eb q\u00eb f\u00ebmij\u00ebt dhe t\u00eb rinjt\u00eb t\u00eb jen\u00eb krenar\u00eb n\u00eb t\u00eb ardhmen p\u00ebr p\u00ebrkat\u00ebsin\u00eb e tyre si shqiptar\u00eb\u201d,\u00a0 citohet Meta n\u00eb njoftim nga zyra e shtypit pran\u00eb Presidenc\u00ebs.<\/span><\/p>\n<p><span style=\"color: #000000;\">P\u00ebrfaq\u00ebsuesit e shoqat\u00ebs \u201cTirana\u201d, pasi e njoh\u00ebn Kreun e Shtetit me aktivitetin e tyre kulturor e patriotik, e fal\u00ebnderuan p\u00ebr v\u00ebmendjen e treguar ndaj vlerave komb\u00ebtare.<\/span><\/p>\n<p><img loading=\"lazy\" decoding=\"async\" class=\"aligncenter size-full wp-image-267087\" src=\"https:\/\/hashtag.al\/wp-content\/uploads\/2019\/01\/shoqata-tirana1.jpg\" alt=\"\" width=\"1280\" height=\"853\" srcset=\"https:\/\/www.hashtag.al\/wp-content\/uploads\/2019\/01\/shoqata-tirana1.jpg 1280w, https:\/\/www.hashtag.al\/wp-content\/uploads\/2019\/01\/shoqata-tirana1-300x200.jpg 300w, https:\/\/www.hashtag.al\/wp-content\/uploads\/2019\/01\/shoqata-tirana1-768x512.jpg 768w, https:\/\/www.hashtag.al\/wp-content\/uploads\/2019\/01\/shoqata-tirana1-1024x682.jpg 1024w\" sizes=\"auto, (max-width: 1280px) 100vw, 1280px\" \/><\/p>\n","protected":false,"gt_translate_keys":[{"key":"rendered","format":"html"}]},"excerpt":{"rendered":"<p>Presidenti i Republik\u00ebs Ilir Meta priti n\u00eb nj\u00eb takim personalitete t\u00eb shquara t\u00eb shoqat\u00ebs \u201cTirana\u201d, Mjeshtrin e Madh t\u00eb Sportit, Shyqyri Rreli, Prof. Ismail Demneri, Prof. Rruzhdi Ke\u00e7i dhe Arben Tafaj. Presidenti Meta, duke shprehur konsideratat m\u00eb t\u00eb larta p\u00ebr komunitetin tiranas, vler\u00ebsoi rolin e k\u00ebsaj shoqate n\u00eb ruajtjen dhe forcimin e identitetit komb\u00ebtar e [&hellip;]<\/p>\n","protected":false,"gt_translate_keys":[{"key":"rendered","format":"html"}]},"author":32,"featured_media":267088,"comment_status":"open","ping_status":"open","sticky":false,"template":"","format":"standard","meta":{"footnotes":""},"categories":[65,13],"tags":[],"class_list":["post-267086","post","type-post","status-publish","format-standard","has-post-thumbnail","hentry","category-lajme","category-te-fundit"],"gt_translate_keys":[{"key":"link","format":"url"}],"_links":{"self":[{"href":"https:\/\/www.hashtag.al\/index.php\/wp-json\/wp\/v2\/posts\/267086","targetHints":{"allow":["GET"]}}],"collection":[{"href":"https:\/\/www.hashtag.al\/index.php\/wp-json\/wp\/v2\/posts"}],"about":[{"href":"https:\/\/www.hashtag.al\/index.php\/wp-json\/wp\/v2\/types\/post"}],"author":[{"embeddable":true,"href":"https:\/\/www.hashtag.al\/index.php\/wp-json\/wp\/v2\/users\/32"}],"replies":[{"embeddable":true,"href":"https:\/\/www.hashtag.al\/index.php\/wp-json\/wp\/v2\/comments?post=267086"}],"version-history":[{"count":0,"href":"https:\/\/www.hashtag.al\/index.php\/wp-json\/wp\/v2\/posts\/267086\/revisions"}],"wp:featuredmedia":[{"embeddable":true,"href":"https:\/\/www.hashtag.al\/index.php\/wp-json\/wp\/v2\/media\/267088"}],"wp:attachment":[{"href":"https:\/\/www.hashtag.al\/index.php\/wp-json\/wp\/v2\/media?parent=267086"}],"wp:term":[{"taxonomy":"category","embeddable":true,"href":"https:\/\/www.hashtag.al\/index.php\/wp-json\/wp\/v2\/categories?post=267086"},{"taxonomy":"post_tag","embeddable":true,"href":"https:\/\/www.hashtag.al\/index.php\/wp-json\/wp\/v2\/tags?post=267086"}],"curies":[{"name":"wp","href":"https:\/\/api.w.org\/{rel}","templated":true}]}}