{"id":266858,"date":"2019-01-18T20:27:00","date_gmt":"2019-01-18T19:27:00","guid":{"rendered":"https:\/\/hashtag.al\/?p=266858"},"modified":"2019-01-18T20:29:37","modified_gmt":"2019-01-18T19:29:37","slug":"pafytyresia-e-rames-ortakeria-e-tij-me-rektore-e-dekane-te-korruptuar","status":"publish","type":"post","link":"https:\/\/www.hashtag.al\/index.php\/2019\/01\/18\/pafytyresia-e-rames-ortakeria-e-tij-me-rektore-e-dekane-te-korruptuar\/","title":{"rendered":"Pafytyr\u00ebsia e Ram\u00ebs, ortak\u00ebria e tij me rektor\u00eb e dekan\u00eb t\u00eb korruptuar","gt_translate_keys":[{"key":"rendered","format":"text"}]},"content":{"rendered":"<p><span style=\"color: #000000;\"><strong>Nga Ergys M\u00ebrtiri<img loading=\"lazy\" decoding=\"async\" class=\" wp-image-208980 alignright\" src=\"https:\/\/hashtag.al\/wp-content\/uploads\/2018\/06\/ergysmertiri3.png\" alt=\"\" width=\"544\" height=\"299\" \/><\/strong><\/span><\/p>\n<p><span style=\"color: #000000;\">Pafytyr\u00ebsisht Rama vazhdon t&#8217;i m\u00ebshoj\u00eb idese se ai \u00ebsht\u00eb me student\u00ebt kund\u00ebr dekan\u00ebve dhe pedagog\u00ebve, t\u00eb cil\u00ebve k\u00ebrkon t\u2019ua faturoj\u00eb t\u00eb gjith\u00eb situat\u00ebn. Duke iu hak\u00ebrryer atyre ai tha se do t\u00eb vihet n\u00eb krye t\u00eb protest\u00ebs p\u00ebr ti rr\u00ebzuar ata n\u00ebse nuk reflektojn\u00eb.<\/span><\/p>\n<p><span style=\"color: #000000;\">Rama nuk \u00ebsht\u00eb dhe nuk mund t\u00eb jet\u00eb me student\u00ebt dhe student\u00ebt jan\u00eb, mbi t\u00eb gjitha, kund\u00ebr tij. Dekan\u00eb dhe rektor\u00eb kan\u00eb qen\u00eb ortak\u00ebt e tij n\u00eb k\u00ebt\u00eb mjedis mjeran ku ndodhet sot arsimi i lart\u00eb, ashtu si \u00e7do sektor tjet\u00ebr\u00a0<span class=\"text_exposed_show\">i vendit. Pazaret i kan\u00eb b\u00ebr\u00eb bashk\u00eb dhe p\u00ebrgjegj\u00ebsit\u00eb duhet t\u2019i ndajn\u00eb bashk\u00eb. Shfaqjet televizive ku Kryeministri i fyen dhe poshteron publikisht dekan\u00ebt, duke i pasur ball\u00eb p\u00ebr ball\u00eb n\u00eb sall\u00eb dhe ata nuk reagojn\u00eb tregon pik\u00ebrisht k\u00ebt\u00eb. Ata nuk reagojn\u00eb sepse e dine se qeveria eshte e vetmja shpres\u00eb p\u00ebr t\u00eb mbijetuar.<\/span><\/span><\/p>\n<div class=\"text_exposed_show\">\n<p><span style=\"color: #000000;\">Kjo ortak\u00ebri e Ram\u00ebs me rektor\u00eb e dekan\u00eb t\u00eb zhytur n\u00eb korrupsion e paaft\u00ebsi u shfaq hapur gjat\u00eb gjith\u00eb k\u00ebtyre dit\u00ebve, kur student\u00ebt u p\u00ebrball\u00ebn me sulme, akuza, k\u00ebrc\u00ebnime, p\u00ebr\u00e7arje e dhun\u00eb policore t\u00eb shkaktuar nga drejtuesit e universiteteve. Pra t\u00eb korruptuarit e din\u00eb shum\u00eb mir\u00eb se fati i tyre \u00ebsht\u00eb me qeverin\u00eb dhe qeveria e di shum\u00eb mir\u00eb se aseti i saj m\u00eb i madh jan\u00eb t\u00eb korruptuarit, t\u00eb paaft\u00ebt, servil\u00ebt. Prandaj, sado shafqje t\u00eb b\u00ebj\u00eb kryeministri, nuk mund t\u00eb shqitet dot nga llumi q\u00eb e mban.<\/span><\/p>\n<p><span style=\"color: #000000;\">Nj\u00eb vler\u00ebsim t\u00eb madh p\u00ebr pedagog\u00ebt e Filologjis\u00eb q\u00eb sot deklaruan grev\u00ebn e tyre paralajm\u00ebruese. Kjo \u00ebsht\u00eb nj\u00eb m\u00ebnyr\u00eb p\u00ebr t\u2019i dh\u00ebn\u00eb dinjitet figur\u00ebs s\u00eb pedagogut q\u00eb qeveria po mundohet ta n\u00ebp\u00ebrk\u00ebmb\u00eb. Protesta po tregon \u00e7do dit\u00eb e m\u00eb shum\u00eb se cil\u00ebt pedagog\u00eb e duan universitetin dhe cil\u00ebt mbahen me thonj pas statusquo-s\u00eb q\u00eb u ofron llokm\u00ebn e tyre. Praktikisht kemi sot dy lloj pedagog\u00ebsh: Ata qe reagojne dhe b\u00ebjn\u00eb grev\u00eb kund\u00ebr qeveris\u00eb n\u00eb krah t\u00eb student\u00ebve, dhe ata qe pranojn\u00eb t\u00eb shkojn\u00eb e t\u00eb p\u00ebshtyhen nga Rama para kamerave, pasi i kan\u00eb sh\u00ebrbyer m\u00eb par\u00eb p\u00ebr t\u00eb shuajtur protest\u00ebn. Kuptohet se cil\u00ebt jan\u00eb ata q\u00eb mund t\u00eb sjellin ndryshimin.<\/span><\/p>\n<\/div>\n","protected":false,"gt_translate_keys":[{"key":"rendered","format":"html"}]},"excerpt":{"rendered":"<p>Nga Ergys M\u00ebrtiri Pafytyr\u00ebsisht Rama vazhdon t&#8217;i m\u00ebshoj\u00eb idese se ai \u00ebsht\u00eb me student\u00ebt kund\u00ebr dekan\u00ebve dhe pedagog\u00ebve, t\u00eb cil\u00ebve k\u00ebrkon t\u2019ua faturoj\u00eb t\u00eb gjith\u00eb situat\u00ebn. Duke iu hak\u00ebrryer atyre ai tha se do t\u00eb vihet n\u00eb krye t\u00eb protest\u00ebs p\u00ebr ti rr\u00ebzuar ata n\u00ebse nuk reflektojn\u00eb. Rama nuk \u00ebsht\u00eb dhe nuk mund t\u00eb jet\u00eb [&hellip;]<\/p>\n","protected":false,"gt_translate_keys":[{"key":"rendered","format":"html"}]},"author":30,"featured_media":208980,"comment_status":"open","ping_status":"open","sticky":false,"template":"","format":"standard","meta":{"footnotes":""},"categories":[20,13],"tags":[],"class_list":["post-266858","post","type-post","status-publish","format-standard","has-post-thumbnail","hentry","category-blog","category-te-fundit"],"gt_translate_keys":[{"key":"link","format":"url"}],"_links":{"self":[{"href":"https:\/\/www.hashtag.al\/index.php\/wp-json\/wp\/v2\/posts\/266858","targetHints":{"allow":["GET"]}}],"collection":[{"href":"https:\/\/www.hashtag.al\/index.php\/wp-json\/wp\/v2\/posts"}],"about":[{"href":"https:\/\/www.hashtag.al\/index.php\/wp-json\/wp\/v2\/types\/post"}],"author":[{"embeddable":true,"href":"https:\/\/www.hashtag.al\/index.php\/wp-json\/wp\/v2\/users\/30"}],"replies":[{"embeddable":true,"href":"https:\/\/www.hashtag.al\/index.php\/wp-json\/wp\/v2\/comments?post=266858"}],"version-history":[{"count":0,"href":"https:\/\/www.hashtag.al\/index.php\/wp-json\/wp\/v2\/posts\/266858\/revisions"}],"wp:featuredmedia":[{"embeddable":true,"href":"https:\/\/www.hashtag.al\/index.php\/wp-json\/"}],"wp:attachment":[{"href":"https:\/\/www.hashtag.al\/index.php\/wp-json\/wp\/v2\/media?parent=266858"}],"wp:term":[{"taxonomy":"category","embeddable":true,"href":"https:\/\/www.hashtag.al\/index.php\/wp-json\/wp\/v2\/categories?post=266858"},{"taxonomy":"post_tag","embeddable":true,"href":"https:\/\/www.hashtag.al\/index.php\/wp-json\/wp\/v2\/tags?post=266858"}],"curies":[{"name":"wp","href":"https:\/\/api.w.org\/{rel}","templated":true}]}}