{"id":266851,"date":"2019-01-18T20:13:06","date_gmt":"2019-01-18T19:13:06","guid":{"rendered":"https:\/\/hashtag.al\/?p=266851"},"modified":"2019-01-18T20:14:16","modified_gmt":"2019-01-18T19:14:16","slug":"me-video-rama-je-qesharak-ploteso-8-kerkesat-si-u-prit-rama-te-turbina","status":"publish","type":"post","link":"https:\/\/www.hashtag.al\/index.php\/2019\/01\/18\/me-video-rama-je-qesharak-ploteso-8-kerkesat-si-u-prit-rama-te-turbina\/","title":{"rendered":"ME VIDEO\/ &#8220;Rama je qesharak, plot\u00ebso 8 k\u00ebrkesat&#8221;, si u prit Rama te Turbina","gt_translate_keys":[{"key":"rendered","format":"text"}]},"content":{"rendered":"<p><img loading=\"lazy\" decoding=\"async\" class=\"alignnone size-full wp-image-266853\" src=\"https:\/\/hashtag.al\/wp-content\/uploads\/2019\/01\/RAMA-TURBINA.jpg\" alt=\"\" width=\"381\" height=\"412\" srcset=\"https:\/\/www.hashtag.al\/wp-content\/uploads\/2019\/01\/RAMA-TURBINA.jpg 381w, https:\/\/www.hashtag.al\/wp-content\/uploads\/2019\/01\/RAMA-TURBINA-277x300.jpg 277w\" sizes=\"auto, (max-width: 381px) 100vw, 381px\" \/><\/p>\n<p><span style=\"color: #000000;\">Ish-kryeministri Sali Berisha ka publikuar s\u00eb fundmi nj\u00eb video ku student\u00ebt kan\u00eb protestuar p\u00ebr Ram\u00ebn te Trubina.\u00a0 &#8220;Rama je qesharak, plot\u00ebso 8 k\u00ebrkesat&#8221;, ishte pankarta q\u00eb student\u00ebt kan\u00eb mbajtur n\u00eb duar.<\/span><\/p>\n<p><span style=\"color: #000000;\">N\u00eb lidhje me k\u00ebt\u00eb \u00e7\u00ebshtje ka reaguar m\u00eb her\u00ebt edhe vet\u00eb kryeministri Edi Rama i cili publikoi t\u00eb plot\u00eb \u201cPaktin p\u00ebr Universitetin\u201d, nd\u00ebrsa\u00a0 u shpreh se \u00ebsht\u00eb kaluar p\u00ebrtej 8 k\u00ebrkesave t\u00eb student\u00ebve.<\/span><\/p>\n<p><span style=\"color: #000000;\">\u201cKy draft, q\u00eb e gjeni m\u00eb posht\u00eb dhe q\u00eb si\u00e7 mund ta shihni shkon shum\u00eb p\u00ebrtej 8 k\u00ebrkesave, do t\u00eb reflektoj\u00eb kritikat e sugjerimet q\u00eb do t\u00eb shprehen gjat\u00eb.\u00a0 Dialogut, duke u kthyer edhe n\u00eb baz\u00ebn nj\u00eb partneriteti t\u00eb ri qeveri\/universitet, si edhe t\u00eb marr\u00ebveshjeve t\u00eb partneritetit mes ministrive e universitetev<span class=\"text_exposed_show\">e.\u201d, shprehet Rama.\u00a0<\/span><\/span><\/p>\n<p><iframe loading=\"lazy\" style=\"border: none; overflow: hidden;\" src=\"https:\/\/www.facebook.com\/plugins\/video.php?href=https%3A%2F%2Fwww.facebook.com%2FSaliBerisha%2Fvideos%2F1339401912880252%2F&amp;show_text=0&amp;width=261\" width=\"261\" height=\"476\" frameborder=\"0\" scrolling=\"no\" allowfullscreen=\"allowfullscreen\"><\/iframe><\/p>\n","protected":false,"gt_translate_keys":[{"key":"rendered","format":"html"}]},"excerpt":{"rendered":"<p>Ish-kryeministri Sali Berisha ka publikuar s\u00eb fundmi nj\u00eb video ku student\u00ebt kan\u00eb protestuar p\u00ebr Ram\u00ebn te Trubina.\u00a0 &#8220;Rama je qesharak, plot\u00ebso 8 k\u00ebrkesat&#8221;, ishte pankarta q\u00eb student\u00ebt kan\u00eb mbajtur n\u00eb duar. N\u00eb lidhje me k\u00ebt\u00eb \u00e7\u00ebshtje ka reaguar m\u00eb her\u00ebt edhe vet\u00eb kryeministri Edi Rama i cili publikoi t\u00eb plot\u00eb \u201cPaktin p\u00ebr Universitetin\u201d, nd\u00ebrsa\u00a0 u [&hellip;]<\/p>\n","protected":false,"gt_translate_keys":[{"key":"rendered","format":"html"}]},"author":30,"featured_media":266853,"comment_status":"open","ping_status":"open","sticky":false,"template":"","format":"standard","meta":{"footnotes":""},"categories":[65,13],"tags":[],"class_list":["post-266851","post","type-post","status-publish","format-standard","has-post-thumbnail","hentry","category-lajme","category-te-fundit"],"gt_translate_keys":[{"key":"link","format":"url"}],"_links":{"self":[{"href":"https:\/\/www.hashtag.al\/index.php\/wp-json\/wp\/v2\/posts\/266851","targetHints":{"allow":["GET"]}}],"collection":[{"href":"https:\/\/www.hashtag.al\/index.php\/wp-json\/wp\/v2\/posts"}],"about":[{"href":"https:\/\/www.hashtag.al\/index.php\/wp-json\/wp\/v2\/types\/post"}],"author":[{"embeddable":true,"href":"https:\/\/www.hashtag.al\/index.php\/wp-json\/wp\/v2\/users\/30"}],"replies":[{"embeddable":true,"href":"https:\/\/www.hashtag.al\/index.php\/wp-json\/wp\/v2\/comments?post=266851"}],"version-history":[{"count":0,"href":"https:\/\/www.hashtag.al\/index.php\/wp-json\/wp\/v2\/posts\/266851\/revisions"}],"wp:featuredmedia":[{"embeddable":true,"href":"https:\/\/www.hashtag.al\/index.php\/wp-json\/wp\/v2\/media\/266853"}],"wp:attachment":[{"href":"https:\/\/www.hashtag.al\/index.php\/wp-json\/wp\/v2\/media?parent=266851"}],"wp:term":[{"taxonomy":"category","embeddable":true,"href":"https:\/\/www.hashtag.al\/index.php\/wp-json\/wp\/v2\/categories?post=266851"},{"taxonomy":"post_tag","embeddable":true,"href":"https:\/\/www.hashtag.al\/index.php\/wp-json\/wp\/v2\/tags?post=266851"}],"curies":[{"name":"wp","href":"https:\/\/api.w.org\/{rel}","templated":true}]}}