{"id":266825,"date":"2019-01-18T18:33:41","date_gmt":"2019-01-18T17:33:41","guid":{"rendered":"https:\/\/hashtag.al\/?p=266825"},"modified":"2019-01-18T18:43:20","modified_gmt":"2019-01-18T17:43:20","slug":"266825","status":"publish","type":"post","link":"https:\/\/www.hashtag.al\/index.php\/2019\/01\/18\/266825\/","title":{"rendered":"Rama k\u00ebrkon dialog me student\u00ebt dhe pedagog\u00ebt, publikon draftin","gt_translate_keys":[{"key":"rendered","format":"text"}]},"content":{"rendered":"<p><img loading=\"lazy\" decoding=\"async\" class=\"alignnone size-full wp-image-257770\" src=\"https:\/\/hashtag.al\/wp-content\/uploads\/2018\/12\/protestaramastudentet.jpg\" alt=\"\" width=\"2000\" height=\"903\" srcset=\"https:\/\/www.hashtag.al\/wp-content\/uploads\/2018\/12\/protestaramastudentet.jpg 2000w, https:\/\/www.hashtag.al\/wp-content\/uploads\/2018\/12\/protestaramastudentet-300x135.jpg 300w, https:\/\/www.hashtag.al\/wp-content\/uploads\/2018\/12\/protestaramastudentet-768x347.jpg 768w, https:\/\/www.hashtag.al\/wp-content\/uploads\/2018\/12\/protestaramastudentet-1024x462.jpg 1024w\" sizes=\"auto, (max-width: 2000px) 100vw, 2000px\" \/><\/p>\n<p>Kryeministri Edi Rama, ka reaguar n\u00eb lidhje me at\u00eb ministrja e arsimit Besa Shahimi e quajti \u201cPakti p\u00ebr Universitetin\u201d.\u00a0 Me an\u00eb t\u00eb nj\u00eb postimi n\u00eb rrjetet sociale, Rama ka publikuar t\u00eb plot\u00eb \u201cPaktin p\u00ebr Universitetin\u201d, nd\u00ebrsa shprehet se \u00ebsht\u00eb kaluar p\u00ebrtej 8 k\u00ebrkesave t\u00eb student\u00ebve.<\/p>\n<p>&#8220;Ky draft, q\u00eb e gjeni m\u00eb posht\u00eb dhe q\u00eb si\u00e7 mund ta shihni shkon shum\u00eb p\u00ebrtej 8 k\u00ebrkesave, do t\u00eb reflektoj\u00eb kritikat e sugjerimet q\u00eb do t\u00eb shprehen gjat\u00eb.\u00a0 Dialogut, duke u kthyer edhe n\u00eb baz\u00ebn nj\u00eb partneriteti t\u00eb ri qeveri\/universitet, si edhe t\u00eb marr\u00ebveshjeve t\u00eb partneritetit mes ministrive e universitetev<span class=\"text_exposed_show\">e.&#8221;, shprehet Rama.\u00a0<\/span><\/p>\n<p><strong>Reagimi i Ram\u00ebs:<\/strong><\/p>\n<p>Drafti i PAKTIT PER UNIVERSITETIN u prezantua sot nga ministrja Besa Shahini, si nj\u00eb ftes\u00eb p\u00ebr nj\u00eb Dialog gjith\u00ebp\u00ebrfshir\u00ebs, me pedagog\u00eb, student\u00eb e drejtues t\u00eb Universitetit.<\/p>\n<p>Ky draft, q\u00eb e gjeni m\u00eb posht\u00eb dhe q\u00eb si\u00e7 mund ta shihni shkon shum\u00eb p\u00ebrtej 8 k\u00ebrkesave, do t\u00eb reflektoj\u00eb kritikat e sugjerimet q\u00eb do t\u00eb shprehen gjat\u00eb.\u00a0 Dialogut, duke u kthyer edhe n\u00eb baz\u00ebn nj\u00eb partneriteti t\u00eb ri qeveri\/universitet, si edhe t\u00eb marr\u00ebveshjeve t\u00eb partneritetit mes ministrive e universitetev<span class=\"text_exposed_show\">e.<\/span><\/p>\n<div class=\"text_exposed_show\">\n<p>N\u00eb k\u00ebt\u00eb draft mund t\u00eb gjeni edhe rrug\u00ebt e adresimit t\u00eb 8 pikave dhe afatet e p\u00ebrmbushjes s\u00eb tyre.<\/p>\n<div data-url=\"https:\/\/issuu.com\/shqd\/docs\/pakti_pe_r_universitetin_\" style=\"width: 1170px; height: 826px;\" class=\"issuuembed\"><\/div>\n<p><script type=\"text\/javascript\" src=\"\/\/e.issuu.com\/embed.js\" async=\"true\"><\/script><\/p>\n<\/div>\n","protected":false,"gt_translate_keys":[{"key":"rendered","format":"html"}]},"excerpt":{"rendered":"<p>Kryeministri Edi Rama, ka reaguar n\u00eb lidhje me at\u00eb ministrja e arsimit Besa Shahimi e quajti \u201cPakti p\u00ebr Universitetin\u201d.\u00a0 Me an\u00eb t\u00eb nj\u00eb postimi n\u00eb rrjetet sociale, Rama ka publikuar t\u00eb plot\u00eb \u201cPaktin p\u00ebr Universitetin\u201d, nd\u00ebrsa shprehet se \u00ebsht\u00eb kaluar p\u00ebrtej 8 k\u00ebrkesave t\u00eb student\u00ebve. &#8220;Ky draft, q\u00eb e gjeni m\u00eb posht\u00eb dhe q\u00eb si\u00e7 [&hellip;]<\/p>\n","protected":false,"gt_translate_keys":[{"key":"rendered","format":"html"}]},"author":30,"featured_media":256354,"comment_status":"open","ping_status":"open","sticky":false,"template":"","format":"standard","meta":{"footnotes":""},"categories":[65,13],"tags":[],"class_list":["post-266825","post","type-post","status-publish","format-standard","has-post-thumbnail","hentry","category-lajme","category-te-fundit"],"gt_translate_keys":[{"key":"link","format":"url"}],"_links":{"self":[{"href":"https:\/\/www.hashtag.al\/index.php\/wp-json\/wp\/v2\/posts\/266825","targetHints":{"allow":["GET"]}}],"collection":[{"href":"https:\/\/www.hashtag.al\/index.php\/wp-json\/wp\/v2\/posts"}],"about":[{"href":"https:\/\/www.hashtag.al\/index.php\/wp-json\/wp\/v2\/types\/post"}],"author":[{"embeddable":true,"href":"https:\/\/www.hashtag.al\/index.php\/wp-json\/wp\/v2\/users\/30"}],"replies":[{"embeddable":true,"href":"https:\/\/www.hashtag.al\/index.php\/wp-json\/wp\/v2\/comments?post=266825"}],"version-history":[{"count":0,"href":"https:\/\/www.hashtag.al\/index.php\/wp-json\/wp\/v2\/posts\/266825\/revisions"}],"wp:featuredmedia":[{"embeddable":true,"href":"https:\/\/www.hashtag.al\/index.php\/wp-json\/wp\/v2\/media\/256354"}],"wp:attachment":[{"href":"https:\/\/www.hashtag.al\/index.php\/wp-json\/wp\/v2\/media?parent=266825"}],"wp:term":[{"taxonomy":"category","embeddable":true,"href":"https:\/\/www.hashtag.al\/index.php\/wp-json\/wp\/v2\/categories?post=266825"},{"taxonomy":"post_tag","embeddable":true,"href":"https:\/\/www.hashtag.al\/index.php\/wp-json\/wp\/v2\/tags?post=266825"}],"curies":[{"name":"wp","href":"https:\/\/api.w.org\/{rel}","templated":true}]}}