{"id":266822,"date":"2019-01-18T18:16:46","date_gmt":"2019-01-18T17:16:46","guid":{"rendered":"https:\/\/hashtag.al\/?p=266822"},"modified":"2019-01-18T18:26:16","modified_gmt":"2019-01-18T17:26:16","slug":"266822","status":"publish","type":"post","link":"https:\/\/www.hashtag.al\/index.php\/2019\/01\/18\/266822\/","title":{"rendered":"Letra e personaliteteve gjermane, i k\u00ebrkojn\u00eb Britanis\u00eb t\u00eb q\u00ebndroj\u00eb n\u00eb BE","gt_translate_keys":[{"key":"rendered","format":"text"}]},"content":{"rendered":"<p><img loading=\"lazy\" decoding=\"async\" class=\"alignnone size-full wp-image-266823\" src=\"https:\/\/hashtag.al\/wp-content\/uploads\/2019\/01\/22-1.jpg\" alt=\"\" width=\"660\" height=\"371\" srcset=\"https:\/\/www.hashtag.al\/wp-content\/uploads\/2019\/01\/22-1.jpg 660w, https:\/\/www.hashtag.al\/wp-content\/uploads\/2019\/01\/22-1-300x169.jpg 300w\" sizes=\"auto, (max-width: 660px) 100vw, 660px\" \/><\/p>\n<p><span style=\"color: #000000;\">Gjerman\u00ebt i kan\u00eb k\u00ebrkuar Britanis\u00eb s\u00eb Madhe q\u00eb t\u00eb q\u00ebndroj\u00eb n\u00eb BE.\u00a0 Letra, e botuar n\u00eb &#8220;Times&#8221;, \u00ebsht\u00eb n\u00ebnshkruar nga 31 persona, p\u00ebrfshir\u00eb edhe udh\u00ebheq\u00ebsen e Bashkimit Kristian Demokratik, pasuesen Angela Merkel,\u00a0 Annegret Kramp-Karrenbauer dhe ish-portierin e Arsenal Jens Lehmann.<\/span><\/p>\n<p><span style=\"color: #000000;\">&#8220;Pa kombin tuaj t\u00eb madh, ky kontinent nuk do t\u00eb ishte ajo q\u00eb \u00ebsht\u00eb sot,&#8221; shkruajn\u00eb ata n\u00eb let\u00ebr.\u00a0 Letra \u00ebsht\u00eb n\u00ebnshkruar gjithashtu nga shefi ekzekutiv i Airbus, Thomas Enders dhe k\u00ebng\u00ebtarja punk Campino\u00a0 dhe kan\u00eb theksuar se Mbret\u00ebria e Bashkuar ka ndihmuar n\u00eb p\u00ebrcaktimin e Bashkimit Evropian si nj\u00eb komunitet i &#8220;liris\u00eb dhe prosperitetit&#8221;.<\/span><\/p>\n<p><span style=\"color: #000000;\">&#8220;Ky shtet e ka mir\u00ebpritur Gjermanin\u00eb p\u00ebrs\u00ebri si nj\u00eb komb sovran dhe nj\u00eb fuqi evropiane. Kjo, ne si gjerman\u00ebt, nuk kemi harruar dhe jemi mir\u00ebnjoh\u00ebs&#8221;., thuhet m\u00eb tej n\u00eb let\u00ebr.\u00a0<\/span><\/p>\n<p><span style=\"color: #000000;\"> N\u00ebnshkruesit than\u00eb se ata &#8220;respektojn\u00eb zgjedhjen&#8221; e njer\u00ebzve britanik\u00eb q\u00eb duan t\u00eb largohen nga BE dhe n\u00ebse vendi d\u00ebshiron t\u00eb largohet p\u00ebr t\u00eb mir\u00eb, &#8220;do t\u00eb ket\u00eb gjithmon\u00eb miq n\u00eb Gjermani dhe Evrop\u00eb&#8221;. Por ata than\u00eb se zgjedhja nuk ishte e pakthyeshme dhe &#8220;dera jon\u00eb gjithmon\u00eb do t\u00eb mbetet e hapur&#8221;.<\/span><\/p>\n<p><strong>Burimi:<\/strong> <a href=\"https:\/\/www.bbc.com\/news\/uk-politics-46918009\">BBC<\/a><\/p>\n","protected":false,"gt_translate_keys":[{"key":"rendered","format":"html"}]},"excerpt":{"rendered":"<p>Gjerman\u00ebt i kan\u00eb k\u00ebrkuar Britanis\u00eb s\u00eb Madhe q\u00eb t\u00eb q\u00ebndroj\u00eb n\u00eb BE.\u00a0 Letra, e botuar n\u00eb &#8220;Times&#8221;, \u00ebsht\u00eb n\u00ebnshkruar nga 31 persona, p\u00ebrfshir\u00eb edhe udh\u00ebheq\u00ebsen e Bashkimit Kristian Demokratik, pasuesen Angela Merkel,\u00a0 Annegret Kramp-Karrenbauer dhe ish-portierin e Arsenal Jens Lehmann. &#8220;Pa kombin tuaj t\u00eb madh, ky kontinent nuk do t\u00eb ishte ajo q\u00eb \u00ebsht\u00eb sot,&#8221; [&hellip;]<\/p>\n","protected":false,"gt_translate_keys":[{"key":"rendered","format":"html"}]},"author":30,"featured_media":266823,"comment_status":"open","ping_status":"open","sticky":false,"template":"","format":"standard","meta":{"footnotes":""},"categories":[6,13],"tags":[],"class_list":["post-266822","post","type-post","status-publish","format-standard","has-post-thumbnail","hentry","category-nderkombetare","category-te-fundit"],"gt_translate_keys":[{"key":"link","format":"url"}],"_links":{"self":[{"href":"https:\/\/www.hashtag.al\/index.php\/wp-json\/wp\/v2\/posts\/266822","targetHints":{"allow":["GET"]}}],"collection":[{"href":"https:\/\/www.hashtag.al\/index.php\/wp-json\/wp\/v2\/posts"}],"about":[{"href":"https:\/\/www.hashtag.al\/index.php\/wp-json\/wp\/v2\/types\/post"}],"author":[{"embeddable":true,"href":"https:\/\/www.hashtag.al\/index.php\/wp-json\/wp\/v2\/users\/30"}],"replies":[{"embeddable":true,"href":"https:\/\/www.hashtag.al\/index.php\/wp-json\/wp\/v2\/comments?post=266822"}],"version-history":[{"count":0,"href":"https:\/\/www.hashtag.al\/index.php\/wp-json\/wp\/v2\/posts\/266822\/revisions"}],"wp:featuredmedia":[{"embeddable":true,"href":"https:\/\/www.hashtag.al\/index.php\/wp-json\/wp\/v2\/media\/266823"}],"wp:attachment":[{"href":"https:\/\/www.hashtag.al\/index.php\/wp-json\/wp\/v2\/media?parent=266822"}],"wp:term":[{"taxonomy":"category","embeddable":true,"href":"https:\/\/www.hashtag.al\/index.php\/wp-json\/wp\/v2\/categories?post=266822"},{"taxonomy":"post_tag","embeddable":true,"href":"https:\/\/www.hashtag.al\/index.php\/wp-json\/wp\/v2\/tags?post=266822"}],"curies":[{"name":"wp","href":"https:\/\/api.w.org\/{rel}","templated":true}]}}