{"id":266595,"date":"2019-01-17T22:30:50","date_gmt":"2019-01-17T21:30:50","guid":{"rendered":"https:\/\/hashtag.al\/?p=266595"},"modified":"2019-01-17T22:15:39","modified_gmt":"2019-01-17T21:15:39","slug":"kryemadhi-aksioni-opozitar-15-mujor-coi-ne-rrezimin-e-qeverise","status":"publish","type":"post","link":"https:\/\/www.hashtag.al\/index.php\/2019\/01\/17\/kryemadhi-aksioni-opozitar-15-mujor-coi-ne-rrezimin-e-qeverise\/","title":{"rendered":"Kryemadhi: Aksioni opozitar 15-mujor \u00e7oi n\u00eb rr\u00ebzimin e qeveris\u00eb","gt_translate_keys":[{"key":"rendered","format":"text"}]},"content":{"rendered":"<p><span style=\"color: #000000;\"><img loading=\"lazy\" decoding=\"async\" class=\"aligncenter size-full wp-image-266590\" src=\"https:\/\/hashtag.al\/wp-content\/uploads\/2019\/01\/1-17.jpg\" alt=\"\" width=\"509\" height=\"353\" srcset=\"https:\/\/www.hashtag.al\/wp-content\/uploads\/2019\/01\/1-17.jpg 509w, https:\/\/www.hashtag.al\/wp-content\/uploads\/2019\/01\/1-17-300x208.jpg 300w\" sizes=\"auto, (max-width: 509px) 100vw, 509px\" \/><\/span><\/p>\n<p><span style=\"color: #000000;\">Kryetarja e LSI-s\u00eb, Monika Kryemadhi e cil\u00ebsoi aksionin politik t\u00eb opozit\u00ebs n\u00eb k\u00ebto 15 muaj, si pozitiv.<\/span><\/p>\n<p><span style=\"color: #000000;\">Kryemadhi tha se n\u00ebse nuk do t\u00eb ishte aksioni politik i opozit\u00ebs, sot nuk do t\u00eb kishim nj\u00eb qeveri e cila ka ndryshuar pothuajse t\u00ebr\u00ebsisht dhe q\u00eb tashm\u00eb \u00ebsht\u00eb pothuajse e r\u00ebn\u00eb n\u00eb nj\u00eb periudh\u00eb shum\u00eb t\u00eb shkurt\u00ebr.<\/span><\/p>\n<p><span style=\"color: #000000;\">Kryemadhi tha se aksioni politik i opozit\u00ebs i ka dh\u00ebn\u00eb shansin Presidentit t\u00eb ushtroj\u00eb funksionin e tij dhe sot t\u00eb ket\u00eb debat dhe diskutime p\u00ebr dekretimet.<\/span><\/p>\n<p><span style=\"color: #000000;\">\u201c<em>N\u00ebse maxhoranca nuk arrin dot t\u00eb lexoj\u00eb opozit\u00ebn apo dhe opinioni publik, nuk po themi mediat nuk arrijn\u00eb t\u00eb lexojn\u00eb q\u00eb opozita ka dh\u00ebn\u00eb nj\u00eb shans dhe nj\u00eb mund\u00ebsi q\u00eb Presidenti t\u00eb ushtroj\u00eb funksionin e tij. Sepse po t\u00eb mos ishte kjo opozit\u00eb e cila ka ndryshuar, n\u00eb 15 muaj ke gati nj\u00eb qeveri t\u00eb t\u00ebr\u00eb t\u00eb r\u00ebn\u00eb, pra 9 ministra. Kjo \u00ebsht\u00eb ajo q\u00eb i jep rol Presidentit. Po t\u00eb mos kishte ndryshuar opozita dhe t\u00eb mos kishte krijuar t\u00eb gjith\u00eb k\u00ebt\u00eb situat\u00eb q\u00eb \u00ebsht\u00eb krijuar sot p\u00ebr shkak t\u00eb opozit\u00ebs dhe opozitarizmit, p\u00ebr shkak t\u00eb shum\u00eb gj\u00ebrave bashk\u00eb, sot nuk do ishte duke diskutuar dekretin e Presidentit. Do vazhdonte Presidenti, do jepte gjak, do dekoronte njer\u00ebz, do vazhdonte me arb\u00ebresh\u00ebt, me Kosov\u00ebn, me Maqedonin\u00eb. Por \u00ebsht\u00eb kjo opozit\u00eb q\u00eb krijon. Por si gjithmon\u00eb\u00a0 mazhoranca q\u00eb k\u00ebrkon qoft\u00eb n\u00eb nj\u00eb m\u00ebnyr\u00eb t\u00eb kompleksoj\u00eb po themi Presidentin apo n\u00eb nj\u00ebfar\u00eb m\u00ebnyre edhe opozit\u00ebn. Q\u00eb un\u00eb personalisht nuk e kam problem fare, se m\u00eb shum\u00eb m\u00eb rriten pik\u00ebt se thon\u00eb qenka n\u00eb rregull. Por ajo nga ana tjet\u00ebr \u00ebsht\u00eb faktikisht aksioni politik i opozit\u00ebs, q\u00eb i ka dh\u00ebn\u00eb shansin po themi edhe mediave, edhe analist\u00ebve, edhe Presidentit p\u00ebr t\u00eb krijuar nj\u00eb debat politik p\u00ebr sa i p\u00ebrket situat\u00ebs<\/em>\u201d- u shpreh Kryemadhi n\u00eb intervist\u00ebn e saj n\u00eb emisionin \u201cOpen\u201d n\u00eb Top Channel.<\/span><\/p>\n","protected":false,"gt_translate_keys":[{"key":"rendered","format":"html"}]},"excerpt":{"rendered":"<p>Kryetarja e LSI-s\u00eb, Monika Kryemadhi e cil\u00ebsoi aksionin politik t\u00eb opozit\u00ebs n\u00eb k\u00ebto 15 muaj, si pozitiv. Kryemadhi tha se n\u00ebse nuk do t\u00eb ishte aksioni politik i opozit\u00ebs, sot nuk do t\u00eb kishim nj\u00eb qeveri e cila ka ndryshuar pothuajse t\u00ebr\u00ebsisht dhe q\u00eb tashm\u00eb \u00ebsht\u00eb pothuajse e r\u00ebn\u00eb n\u00eb nj\u00eb periudh\u00eb shum\u00eb t\u00eb shkurt\u00ebr. [&hellip;]<\/p>\n","protected":false,"gt_translate_keys":[{"key":"rendered","format":"html"}]},"author":32,"featured_media":266590,"comment_status":"open","ping_status":"open","sticky":false,"template":"","format":"standard","meta":{"footnotes":""},"categories":[65,13],"tags":[],"class_list":["post-266595","post","type-post","status-publish","format-standard","has-post-thumbnail","hentry","category-lajme","category-te-fundit"],"gt_translate_keys":[{"key":"link","format":"url"}],"_links":{"self":[{"href":"https:\/\/www.hashtag.al\/index.php\/wp-json\/wp\/v2\/posts\/266595","targetHints":{"allow":["GET"]}}],"collection":[{"href":"https:\/\/www.hashtag.al\/index.php\/wp-json\/wp\/v2\/posts"}],"about":[{"href":"https:\/\/www.hashtag.al\/index.php\/wp-json\/wp\/v2\/types\/post"}],"author":[{"embeddable":true,"href":"https:\/\/www.hashtag.al\/index.php\/wp-json\/wp\/v2\/users\/32"}],"replies":[{"embeddable":true,"href":"https:\/\/www.hashtag.al\/index.php\/wp-json\/wp\/v2\/comments?post=266595"}],"version-history":[{"count":0,"href":"https:\/\/www.hashtag.al\/index.php\/wp-json\/wp\/v2\/posts\/266595\/revisions"}],"wp:featuredmedia":[{"embeddable":true,"href":"https:\/\/www.hashtag.al\/index.php\/wp-json\/wp\/v2\/media\/266590"}],"wp:attachment":[{"href":"https:\/\/www.hashtag.al\/index.php\/wp-json\/wp\/v2\/media?parent=266595"}],"wp:term":[{"taxonomy":"category","embeddable":true,"href":"https:\/\/www.hashtag.al\/index.php\/wp-json\/wp\/v2\/categories?post=266595"},{"taxonomy":"post_tag","embeddable":true,"href":"https:\/\/www.hashtag.al\/index.php\/wp-json\/wp\/v2\/tags?post=266595"}],"curies":[{"name":"wp","href":"https:\/\/api.w.org\/{rel}","templated":true}]}}