{"id":266589,"date":"2019-01-17T22:16:05","date_gmt":"2019-01-17T21:16:05","guid":{"rendered":"https:\/\/hashtag.al\/?p=266589"},"modified":"2019-01-17T22:04:24","modified_gmt":"2019-01-17T21:04:24","slug":"kryemadhi-balili-eshte-takuar-me-saimir-tahirin","status":"publish","type":"post","link":"https:\/\/www.hashtag.al\/index.php\/2019\/01\/17\/kryemadhi-balili-eshte-takuar-me-saimir-tahirin\/","title":{"rendered":"Kryemadhi: Balili \u00ebsht\u00eb takuar me Saimir Tahirin","gt_translate_keys":[{"key":"rendered","format":"text"}]},"content":{"rendered":"<p><img loading=\"lazy\" decoding=\"async\" class=\"aligncenter size-full wp-image-266590\" src=\"https:\/\/hashtag.al\/wp-content\/uploads\/2019\/01\/1-17.jpg\" alt=\"\" width=\"509\" height=\"353\" srcset=\"https:\/\/www.hashtag.al\/wp-content\/uploads\/2019\/01\/1-17.jpg 509w, https:\/\/www.hashtag.al\/wp-content\/uploads\/2019\/01\/1-17-300x208.jpg 300w\" sizes=\"auto, (max-width: 509px) 100vw, 509px\" \/><\/p>\n<p><span style=\"color: #000000;\">Monika Kryemadhi e ftuar n\u00eb studion e \u201cOpen\u201d ka mohuar q\u00eb ta ket\u00eb njohur Klement Balilin, teksa pretendimin se Meta \u00ebsht\u00eb takuar me t\u00eb, ajo thot\u00eb se edhe Saimir Tahiri, e persona t\u00eb tjer\u00eb publik\u00eb e kan\u00eb takuar at\u00eb, por kjo s\u2019n\u00ebnkupton asgj\u00eb.<\/span><\/p>\n<p><span style=\"color: #000000;\">\u201cNipi i Klement Balilit, Rigelsi ka qen\u00eb kandidat i p\u00ebrbashk\u00ebt p\u00ebr kryetar bashkie. Por ai s\u2019mban p\u00ebrgjegj\u00ebsi se \u00e7far\u00eb b\u00ebn xhaxhai t\u00eb tij, e as un\u00eb s\u2019mbaj p\u00ebrgjegj\u00ebsi p\u00ebr \u00e7far\u00eb b\u00ebn Rigels Balili. Asnj\u00eb prej kandidat\u00ebve t\u00eb LSI nuk ka qen\u00eb i p\u00ebrfshir\u00eb n\u00eb krime. Nuk jam policia q\u00eb t\u2019i b\u00ebj CV njer\u00ebzve. N\u00ebse Rigels Balili ka probleme, ne si LSI i themi largohu. Nj\u00eb person q\u00eb \u00ebsht\u00eb an\u00ebtar i LSI, ose jo, dhe ka indicie se ka shkelur ligjin, t\u00eb dal\u00eb e t\u00eb p\u00ebrballet para ligjit\u201d, u shpreh Kryemadhi.<\/span><\/p>\n<p><span style=\"color: #000000;\">Duke iu p\u00ebrgjigjur pretendimeve se ka nj\u00eb q\u00ebndrim t\u00eb koordinuar me Met\u00ebn, Kryemadhi thekson se ajo nuk e takuar Klement Balilin e nuk e njeh at\u00eb, duke shtuar se as Met\u00ebn nuk e ka takuar prej dy dit\u00ebsh.<\/span><\/p>\n","protected":false,"gt_translate_keys":[{"key":"rendered","format":"html"}]},"excerpt":{"rendered":"<p>Monika Kryemadhi e ftuar n\u00eb studion e \u201cOpen\u201d ka mohuar q\u00eb ta ket\u00eb njohur Klement Balilin, teksa pretendimin se Meta \u00ebsht\u00eb takuar me t\u00eb, ajo thot\u00eb se edhe Saimir Tahiri, e persona t\u00eb tjer\u00eb publik\u00eb e kan\u00eb takuar at\u00eb, por kjo s\u2019n\u00ebnkupton asgj\u00eb. \u201cNipi i Klement Balilit, Rigelsi ka qen\u00eb kandidat i p\u00ebrbashk\u00ebt p\u00ebr kryetar [&hellip;]<\/p>\n","protected":false,"gt_translate_keys":[{"key":"rendered","format":"html"}]},"author":32,"featured_media":266590,"comment_status":"open","ping_status":"open","sticky":false,"template":"","format":"standard","meta":{"footnotes":""},"categories":[65,13],"tags":[],"class_list":["post-266589","post","type-post","status-publish","format-standard","has-post-thumbnail","hentry","category-lajme","category-te-fundit"],"gt_translate_keys":[{"key":"link","format":"url"}],"_links":{"self":[{"href":"https:\/\/www.hashtag.al\/index.php\/wp-json\/wp\/v2\/posts\/266589","targetHints":{"allow":["GET"]}}],"collection":[{"href":"https:\/\/www.hashtag.al\/index.php\/wp-json\/wp\/v2\/posts"}],"about":[{"href":"https:\/\/www.hashtag.al\/index.php\/wp-json\/wp\/v2\/types\/post"}],"author":[{"embeddable":true,"href":"https:\/\/www.hashtag.al\/index.php\/wp-json\/wp\/v2\/users\/32"}],"replies":[{"embeddable":true,"href":"https:\/\/www.hashtag.al\/index.php\/wp-json\/wp\/v2\/comments?post=266589"}],"version-history":[{"count":0,"href":"https:\/\/www.hashtag.al\/index.php\/wp-json\/wp\/v2\/posts\/266589\/revisions"}],"wp:featuredmedia":[{"embeddable":true,"href":"https:\/\/www.hashtag.al\/index.php\/wp-json\/wp\/v2\/media\/266590"}],"wp:attachment":[{"href":"https:\/\/www.hashtag.al\/index.php\/wp-json\/wp\/v2\/media?parent=266589"}],"wp:term":[{"taxonomy":"category","embeddable":true,"href":"https:\/\/www.hashtag.al\/index.php\/wp-json\/wp\/v2\/categories?post=266589"},{"taxonomy":"post_tag","embeddable":true,"href":"https:\/\/www.hashtag.al\/index.php\/wp-json\/wp\/v2\/tags?post=266589"}],"curies":[{"name":"wp","href":"https:\/\/api.w.org\/{rel}","templated":true}]}}