{"id":266428,"date":"2019-01-17T12:26:13","date_gmt":"2019-01-17T11:26:13","guid":{"rendered":"https:\/\/hashtag.al\/?p=266428"},"modified":"2019-01-17T12:37:34","modified_gmt":"2019-01-17T11:37:34","slug":"lame-sulmon-meten-per-kadastren-asnje-argument-ne-14-faqe-raport","status":"publish","type":"post","link":"https:\/\/www.hashtag.al\/index.php\/2019\/01\/17\/lame-sulmon-meten-per-kadastren-asnje-argument-ne-14-faqe-raport\/","title":{"rendered":"Lame &#8220;sulmon&#8221; Met\u00ebn p\u00ebr Kadastr\u00ebn: Asnj\u00eb argument n\u00eb 14 faqe raport","gt_translate_keys":[{"key":"rendered","format":"text"}]},"content":{"rendered":"<p><img loading=\"lazy\" decoding=\"async\" class=\"aligncenter size-full wp-image-266429\" src=\"https:\/\/hashtag.al\/wp-content\/uploads\/2019\/01\/artan-lame-1.jpg\" alt=\"\" width=\"1025\" height=\"739\" srcset=\"https:\/\/www.hashtag.al\/wp-content\/uploads\/2019\/01\/artan-lame-1.jpg 1025w, https:\/\/www.hashtag.al\/wp-content\/uploads\/2019\/01\/artan-lame-1-300x216.jpg 300w, https:\/\/www.hashtag.al\/wp-content\/uploads\/2019\/01\/artan-lame-1-768x554.jpg 768w, https:\/\/www.hashtag.al\/wp-content\/uploads\/2019\/01\/artan-lame-1-1024x738.jpg 1024w\" sizes=\"auto, (max-width: 1025px) 100vw, 1025px\" \/><\/p>\n<p><span style=\"color: #000000;\">Kreu i ALUIZNI-t, Artan Lame, ka sulmuar presidentin Meta lidhur me kthimin n\u00eb Kuvend p\u00ebr rishqyrtim t\u00eb Ligjit p\u00ebr Kadastr\u00ebn. <\/span><\/p>\n<p><span style=\"color: #000000;\">N\u00eb deklarat\u00ebn e tij p\u00ebr mediat, Lame tha se as godina e Presidenc\u00ebs, as Kuvendi, as Ministria e Jashtme dhe as Kryeministria, vend ku Meta kishte ushtruar detyr\u00ebn e tij n\u00eb koh\u00eb t\u00eb ndryshme nuk ishin t\u00eb regjistruara dhe nuk kan\u00eb certifikat\u00eb pron\u00ebsie.<\/span><\/p>\n<p><span style=\"color: #000000;\">Ai tha m\u00eb tej se n\u00eb vend ka m\u00eb shum\u00eb se 600 mij\u00eb prona private t\u00eb paregjistruara dhe vonesa n\u00eb miratimin e ligjit vet\u00ebm sa shtonte problematik\u00ebn sidomos te familjet dhe fermer\u00ebt q\u00eb presin miratimin e ligjit dhe veprimin e tij duke shtuar se vonesa e k\u00ebtij ligji penalizon \u00e7do shqiptar.<\/span><\/p>\n<p><span style=\"color: #000000;\"><em>\u201cMir\u00eb se 74 deputet\u00ebve q\u00eb do ta rivotojn\u00eb ligjin e Kadastr\u00ebs po ju themi t\u00eb presin, po si t\u2019ua shpjegojm\u00eb hallin e Presidentit 60.000 familjeve q\u00eb presin t\u00eb mbyllin legalizimet, 220.000 fermer\u00ebve q\u00eb presin t\u00eb regjistrojn\u00eb tok\u00ebn, 50.000 familjeve q\u00eb presin t\u00eb ligj\u00ebrojn\u00eb banesat e vjetra, apo 2.800.000 pronave q\u00eb presin t\u00eb rimaten nga themelet se jan\u00eb l\u00ebmsh.<\/em><\/span><\/p>\n<p><span style=\"color: #000000;\"><em> N\u00ebse p\u00ebr shum\u00eb ligje t\u00eb tjera q\u00eb Presidenti ka kthyer, vonesa penalizon grupe t\u00eb ve\u00e7anta njer\u00ebzish, kthimi i Ligjit t\u00eb Kadastr\u00ebs penalizon \u00e7do shqiptar q\u00eb ka nj\u00eb \u00e7erek shekulli q\u00eb gjen belan\u00eb me pron\u00ebn.\u201d<\/em> &#8211; tha Lame.<\/span><\/p>\n<p><span style=\"color: #000000;\">M\u00eb tej ai shtoi se n\u00eb 14 faqet e raportit t\u00eb kreut t\u00eb shtetit p\u00ebr ligjin n\u00eb fjal\u00eb nuk kishte pasur asnj\u00eb argument.<\/span><\/p>\n<p><span style=\"color: #000000;\"><em>\u201cDuke qen\u00eb njeri i letrave, modestisht di t\u00eb vler\u00ebsoj gj\u00ebn\u00eb e shkruar. Ndaj admiroj aft\u00ebsin\u00eb e Presidenc\u00ebs p\u00ebr t\u00eb mbushur 14 faqe kund\u00ebr ligjit t\u00eb Kadastr\u00ebs dhe t\u00eb mos thoj\u00eb asgj\u00eb. Kemi q\u00eb dje qe jemi mbedhur dhe p\u00ebrpiqemi t\u00eb gjejm\u00eb nj\u00eb argument n\u00eb ato 14 faqe dhe s\u2019po ja dalim dot. Sidoqoft\u00eb, nj\u00ebr\u00ebn prej shqet\u00ebsimeve presidenciale do m\u00eb lejoni ta analizoj. <\/em><\/span><\/p>\n<p><span style=\"color: #000000;\"><em>Presidenti shkruan se \u201cme k\u00ebt\u00eb ligj Kryeministri merr atributet e administratorit t\u00eb Regjistrit t\u00eb Pasurive t\u00eb paluajtshme\u201d. Kaq u desh q\u00eb ca nga ato portalet q\u00eb b\u00ebjn\u00eb l\u00ebmsh dynjan\u00eb, t\u00eb shkruanin se Edi Rama po grabit regjistrin e pronave t\u00eb shqiptar\u00ebve.<\/em><\/span><\/p>\n<p><span style=\"color: #000000;\"><em>D\u00ebshiroj t\u00eb siguroj Presidentin se, jo vet\u00ebm Kryeministri i sot\u00ebm, por asnj\u00ebri nga 34 Kryeministrat e historis\u00eb s\u00eb k\u00ebtij vendi nuk e kan\u00eb patur iden\u00eb se si lexohet Regjistri i Hipotek\u00ebs, ndaj s\u2019kan\u00eb \u00e7\u2019e duan. Ve\u00e7 k\u00ebsaj, un\u00eb u p\u00ebrpoqa t\u00eb b\u00ebj verifikime dhe nuk m\u00eb rezulton q\u00eb Edi Rama t\u00eb ket\u00eb nd\u00ebrmend t\u00eb \u00e7oj\u00eb n\u00eb Surrel arkivin e Kadastr\u00ebs.\u201d<\/em> &#8211; shtoi Lame.<\/span><\/p>\n<p><img loading=\"lazy\" decoding=\"async\" class=\"aligncenter size-full wp-image-266430\" src=\"https:\/\/hashtag.al\/wp-content\/uploads\/2019\/01\/tani.jpg\" alt=\"\" width=\"1280\" height=\"720\" srcset=\"https:\/\/www.hashtag.al\/wp-content\/uploads\/2019\/01\/tani.jpg 1280w, https:\/\/www.hashtag.al\/wp-content\/uploads\/2019\/01\/tani-300x169.jpg 300w, https:\/\/www.hashtag.al\/wp-content\/uploads\/2019\/01\/tani-768x432.jpg 768w, https:\/\/www.hashtag.al\/wp-content\/uploads\/2019\/01\/tani-1024x576.jpg 1024w\" sizes=\"auto, (max-width: 1280px) 100vw, 1280px\" \/><\/p>\n","protected":false,"gt_translate_keys":[{"key":"rendered","format":"html"}]},"excerpt":{"rendered":"<p>Kreu i ALUIZNI-t, Artan Lame, ka sulmuar presidentin Meta lidhur me kthimin n\u00eb Kuvend p\u00ebr rishqyrtim t\u00eb Ligjit p\u00ebr Kadastr\u00ebn. N\u00eb deklarat\u00ebn e tij p\u00ebr mediat, Lame tha se as godina e Presidenc\u00ebs, as Kuvendi, as Ministria e Jashtme dhe as Kryeministria, vend ku Meta kishte ushtruar detyr\u00ebn e tij n\u00eb koh\u00eb t\u00eb ndryshme nuk [&hellip;]<\/p>\n","protected":false,"gt_translate_keys":[{"key":"rendered","format":"html"}]},"author":51,"featured_media":266431,"comment_status":"open","ping_status":"open","sticky":false,"template":"","format":"standard","meta":{"footnotes":""},"categories":[65,13],"tags":[],"class_list":["post-266428","post","type-post","status-publish","format-standard","has-post-thumbnail","hentry","category-lajme","category-te-fundit"],"gt_translate_keys":[{"key":"link","format":"url"}],"_links":{"self":[{"href":"https:\/\/www.hashtag.al\/index.php\/wp-json\/wp\/v2\/posts\/266428","targetHints":{"allow":["GET"]}}],"collection":[{"href":"https:\/\/www.hashtag.al\/index.php\/wp-json\/wp\/v2\/posts"}],"about":[{"href":"https:\/\/www.hashtag.al\/index.php\/wp-json\/wp\/v2\/types\/post"}],"author":[{"embeddable":true,"href":"https:\/\/www.hashtag.al\/index.php\/wp-json\/wp\/v2\/users\/51"}],"replies":[{"embeddable":true,"href":"https:\/\/www.hashtag.al\/index.php\/wp-json\/wp\/v2\/comments?post=266428"}],"version-history":[{"count":0,"href":"https:\/\/www.hashtag.al\/index.php\/wp-json\/wp\/v2\/posts\/266428\/revisions"}],"wp:featuredmedia":[{"embeddable":true,"href":"https:\/\/www.hashtag.al\/index.php\/wp-json\/wp\/v2\/media\/266431"}],"wp:attachment":[{"href":"https:\/\/www.hashtag.al\/index.php\/wp-json\/wp\/v2\/media?parent=266428"}],"wp:term":[{"taxonomy":"category","embeddable":true,"href":"https:\/\/www.hashtag.al\/index.php\/wp-json\/wp\/v2\/categories?post=266428"},{"taxonomy":"post_tag","embeddable":true,"href":"https:\/\/www.hashtag.al\/index.php\/wp-json\/wp\/v2\/tags?post=266428"}],"curies":[{"name":"wp","href":"https:\/\/api.w.org\/{rel}","templated":true}]}}