{"id":266292,"date":"2019-01-16T23:22:05","date_gmt":"2019-01-16T22:22:05","guid":{"rendered":"https:\/\/hashtag.al\/?p=266292"},"modified":"2019-01-16T23:22:05","modified_gmt":"2019-01-16T22:22:05","slug":"salvini-thirrje-macron-te-kuqte-qe-e-pijne-shampanjen-poshte-kulles-eifel-e-kane-vendin-ne-burg","status":"publish","type":"post","link":"https:\/\/www.hashtag.al\/index.php\/2019\/01\/16\/salvini-thirrje-macron-te-kuqte-qe-e-pijne-shampanjen-poshte-kulles-eifel-e-kane-vendin-ne-burg\/","title":{"rendered":"Salvini thirrje Macron: &#8220;T\u00eb kuqt\u00eb&#8221; q\u00eb e pijn\u00eb shampanj\u00ebn posht\u00eb kull\u00ebs Eifel e kan\u00eb vendin n\u00eb Burg","gt_translate_keys":[{"key":"rendered","format":"text"}]},"content":{"rendered":"<p><img loading=\"lazy\" decoding=\"async\" class=\"aligncenter size-full wp-image-266074\" src=\"https:\/\/hashtag.al\/wp-content\/uploads\/2019\/01\/SALVINI-VS-MACRON.jpg\" alt=\"\" width=\"1762\" height=\"1000\" srcset=\"https:\/\/www.hashtag.al\/wp-content\/uploads\/2019\/01\/SALVINI-VS-MACRON.jpg 1762w, https:\/\/www.hashtag.al\/wp-content\/uploads\/2019\/01\/SALVINI-VS-MACRON-300x170.jpg 300w, https:\/\/www.hashtag.al\/wp-content\/uploads\/2019\/01\/SALVINI-VS-MACRON-768x436.jpg 768w, https:\/\/www.hashtag.al\/wp-content\/uploads\/2019\/01\/SALVINI-VS-MACRON-1024x581.jpg 1024w\" sizes=\"auto, (max-width: 1762px) 100vw, 1762px\" \/><\/p>\n<p><span style=\"color: #000000;\">Ministri i Brendsh\u00ebm italian, Matteo Salvini i ka b\u00ebr\u00eb thirrje presidentit francez Emmanuel Macron t\u00eb dor\u00ebzoj\u00eb militant\u00ebt ish komunist\u00eb q\u00eb thuhet se jetojn\u00eb n\u00eb Franc\u00eb n\u00eb vend q\u00eb t\u00eb sh\u00ebrbejn\u00eb n\u00eb burg p\u00ebr vrasje dhe krime t\u00eb tjera historike.<\/span><\/p>\n<p><span style=\"color: #000000;\">\u201cI b\u00ebj thirrje presidentit francez q\u00eb t\u00eb kthej\u00eb n\u00eb Itali t\u00eb arratisurit q\u00eb nuk duhet t\u00eb pijn\u00eb shampanj\u00eb n\u00ebn Kull\u00ebn Eifel, por duhet t\u00eb kalben n\u00eb burg n\u00eb Itali,\u201d tha Salvini, kreu i partis\u00eb s\u00eb krahut t\u00eb djatht\u00eb Lega Nord, p\u00ebr Canale 5 TV t\u00eb mart\u00ebn.<\/span><\/p>\n<p><span style=\"color: #000000;\">Koh\u00ebt e fundit ai i ka hyr\u00eb nj\u00eb mision p\u00ebr t\u00eb kthyer 50 t\u00eb ikur \u201ct\u00eb kuq\u201d t\u00eb cil\u00ebt jan\u00eb t\u00eb shp\u00ebrndar\u00eb n\u00ebp\u00ebr bot\u00eb. N\u00ebnt\u00eb prej tyre thuhet se jan\u00eb fshehur n\u00eb Franc\u00eb, t\u00eb mbrojtur nga doktrina e ish presidentit francez Francois Mitterrand q\u00eb ndalonte ekstradimin e guerilave majtiste, duke cituar sistemin e drejt\u00ebsis\u00eb t\u00eb dyshuar t\u00eb Italis\u00eb, shkruan Rt.com.<\/span><\/p>\n<p><span style=\"color: #000000;\">Ministri italian nuk i identifikoi kriminel\u00ebt me em\u00ebr, por vuri n\u00eb dukje se nj\u00eb an\u00ebtar i Brigadave t\u00eb Kuqe p\u00ebrgjegj\u00ebs p\u00ebr rr\u00ebmbimin dhe vrasjen e ish-kryeministrit italian Aldo Moro n\u00eb vitin 1978 mund t\u00eb shikonte transmetimin nga Franca.<\/span><\/p>\n<p><span style=\"color: #000000;\">Salvini tha se t\u00eb arratisurit, \u201ct\u00eb kuq apo t\u00eb zinj\u201d, t\u00eb cil\u00ebt \u201cvran\u00eb n\u00eb em\u00ebr t\u00eb ideologjis\u00eb s\u00eb tyre t\u00eb \u00e7mendur\u201d\u00a0 duhet t\u00eb sillen para drejt\u00ebsis\u00eb, gjithashtu jetojn\u00eb n\u00eb Nikaragua dhe n\u00eb vendet e tjera t\u00eb Amerik\u00ebs Jugore.<\/span><\/p>\n","protected":false,"gt_translate_keys":[{"key":"rendered","format":"html"}]},"excerpt":{"rendered":"<p>Ministri i Brendsh\u00ebm italian, Matteo Salvini i ka b\u00ebr\u00eb thirrje presidentit francez Emmanuel Macron t\u00eb dor\u00ebzoj\u00eb militant\u00ebt ish komunist\u00eb q\u00eb thuhet se jetojn\u00eb n\u00eb Franc\u00eb n\u00eb vend q\u00eb t\u00eb sh\u00ebrbejn\u00eb n\u00eb burg p\u00ebr vrasje dhe krime t\u00eb tjera historike. \u201cI b\u00ebj thirrje presidentit francez q\u00eb t\u00eb kthej\u00eb n\u00eb Itali t\u00eb arratisurit q\u00eb nuk duhet t\u00eb [&hellip;]<\/p>\n","protected":false,"gt_translate_keys":[{"key":"rendered","format":"html"}]},"author":32,"featured_media":227625,"comment_status":"open","ping_status":"open","sticky":false,"template":"","format":"standard","meta":{"footnotes":""},"categories":[6,13],"tags":[],"class_list":["post-266292","post","type-post","status-publish","format-standard","has-post-thumbnail","hentry","category-nderkombetare","category-te-fundit"],"gt_translate_keys":[{"key":"link","format":"url"}],"_links":{"self":[{"href":"https:\/\/www.hashtag.al\/index.php\/wp-json\/wp\/v2\/posts\/266292","targetHints":{"allow":["GET"]}}],"collection":[{"href":"https:\/\/www.hashtag.al\/index.php\/wp-json\/wp\/v2\/posts"}],"about":[{"href":"https:\/\/www.hashtag.al\/index.php\/wp-json\/wp\/v2\/types\/post"}],"author":[{"embeddable":true,"href":"https:\/\/www.hashtag.al\/index.php\/wp-json\/wp\/v2\/users\/32"}],"replies":[{"embeddable":true,"href":"https:\/\/www.hashtag.al\/index.php\/wp-json\/wp\/v2\/comments?post=266292"}],"version-history":[{"count":0,"href":"https:\/\/www.hashtag.al\/index.php\/wp-json\/wp\/v2\/posts\/266292\/revisions"}],"wp:featuredmedia":[{"embeddable":true,"href":"https:\/\/www.hashtag.al\/index.php\/wp-json\/"}],"wp:attachment":[{"href":"https:\/\/www.hashtag.al\/index.php\/wp-json\/wp\/v2\/media?parent=266292"}],"wp:term":[{"taxonomy":"category","embeddable":true,"href":"https:\/\/www.hashtag.al\/index.php\/wp-json\/wp\/v2\/categories?post=266292"},{"taxonomy":"post_tag","embeddable":true,"href":"https:\/\/www.hashtag.al\/index.php\/wp-json\/wp\/v2\/tags?post=266292"}],"curies":[{"name":"wp","href":"https:\/\/api.w.org\/{rel}","templated":true}]}}