{"id":266279,"date":"2019-01-16T22:08:44","date_gmt":"2019-01-16T21:08:44","guid":{"rendered":"https:\/\/hashtag.al\/?p=266279"},"modified":"2019-01-16T22:13:47","modified_gmt":"2019-01-16T21:13:47","slug":"tsipras-i-mbijeton-mocionit-te-mosbesimit-pas-largimit-nga-qeveria-te-kamenos","status":"publish","type":"post","link":"https:\/\/www.hashtag.al\/index.php\/2019\/01\/16\/tsipras-i-mbijeton-mocionit-te-mosbesimit-pas-largimit-nga-qeveria-te-kamenos\/","title":{"rendered":"Tsipras i mbijeton mocionit t\u00eb mosbesimit pas largimit nga qeveria t\u00eb Kamenos","gt_translate_keys":[{"key":"rendered","format":"text"}]},"content":{"rendered":"<p><img loading=\"lazy\" decoding=\"async\" class=\"size-full wp-image-244400\" src=\"https:\/\/hashtag.al\/wp-content\/uploads\/2018\/10\/GettyImages-813776090-714x476-1.jpg\" alt=\"\" width=\"714\" height=\"476\" srcset=\"https:\/\/www.hashtag.al\/wp-content\/uploads\/2018\/10\/GettyImages-813776090-714x476-1.jpg 714w, https:\/\/www.hashtag.al\/wp-content\/uploads\/2018\/10\/GettyImages-813776090-714x476-1-300x200.jpg 300w\" sizes=\"auto, (max-width: 714px) 100vw, 714px\" \/><\/p>\n<p><span style=\"color: #000000;\">Kryeministri grek, Alexis Tsipras, e kaloi t\u00eb m\u00ebrkur\u00ebn mocionin e vot\u00ebbesimit, duke ia hapur rrug\u00ebn Parlamentit q\u00eb ta procedoj\u00eb ratifikimin e marr\u00ebveshjes t\u00eb cil\u00ebn ai e mb\u00ebrriti me Maqedonin\u00eb n\u00eb fund t\u00eb vitin e shkuar p\u00ebr t\u2019i dh\u00ebn\u00eb fund p\u00ebrplasjes s\u00eb kamotshme rreth emrit.<\/span><\/p>\n<p><span style=\"color: #000000;\">Ai mori mb\u00ebshtetjen e 151 deputet\u00ebve nga 300.<\/span><\/p>\n<p><span style=\"color: #000000;\">Pasi q\u00eb ai e siguroi shumic\u00ebn e nevojshme p\u00ebr vazhdimin e qeverisjes, Tsipras tha se do ta nxjerr\u00eb t\u00eb ashtuquajtur\u00ebn marr\u00ebveshje t\u00eb Presp\u00ebs p\u00ebr votim n\u00eb Parlament deri n\u00eb fund t\u00eb k\u00ebtij muaji.<\/span><\/p>\n<p><span style=\"color: #000000;\">Tsipras thirri mbajtjen e vot\u00ebs s\u00eb besimit pas t\u00ebrheqjes nga koalicioni qeveris\u00ebs i partnerit t\u00eb s\u00eb djatht\u00ebs, Panos Kammenos, n\u00eb shenj\u00eb proteste ndaj marr\u00ebveshjes.<\/span><\/p>\n","protected":false,"gt_translate_keys":[{"key":"rendered","format":"html"}]},"excerpt":{"rendered":"<p>Kryeministri grek, Alexis Tsipras, e kaloi t\u00eb m\u00ebrkur\u00ebn mocionin e vot\u00ebbesimit, duke ia hapur rrug\u00ebn Parlamentit q\u00eb ta procedoj\u00eb ratifikimin e marr\u00ebveshjes t\u00eb cil\u00ebn ai e mb\u00ebrriti me Maqedonin\u00eb n\u00eb fund t\u00eb vitin e shkuar p\u00ebr t\u2019i dh\u00ebn\u00eb fund p\u00ebrplasjes s\u00eb kamotshme rreth emrit. Ai mori mb\u00ebshtetjen e 151 deputet\u00ebve nga 300. Pasi q\u00eb ai [&hellip;]<\/p>\n","protected":false,"gt_translate_keys":[{"key":"rendered","format":"html"}]},"author":32,"featured_media":185926,"comment_status":"open","ping_status":"open","sticky":false,"template":"","format":"standard","meta":{"footnotes":""},"categories":[149,13],"tags":[],"class_list":["post-266279","post","type-post","status-publish","format-standard","has-post-thumbnail","hentry","category-kosoverajon","category-te-fundit"],"gt_translate_keys":[{"key":"link","format":"url"}],"_links":{"self":[{"href":"https:\/\/www.hashtag.al\/index.php\/wp-json\/wp\/v2\/posts\/266279","targetHints":{"allow":["GET"]}}],"collection":[{"href":"https:\/\/www.hashtag.al\/index.php\/wp-json\/wp\/v2\/posts"}],"about":[{"href":"https:\/\/www.hashtag.al\/index.php\/wp-json\/wp\/v2\/types\/post"}],"author":[{"embeddable":true,"href":"https:\/\/www.hashtag.al\/index.php\/wp-json\/wp\/v2\/users\/32"}],"replies":[{"embeddable":true,"href":"https:\/\/www.hashtag.al\/index.php\/wp-json\/wp\/v2\/comments?post=266279"}],"version-history":[{"count":0,"href":"https:\/\/www.hashtag.al\/index.php\/wp-json\/wp\/v2\/posts\/266279\/revisions"}],"wp:featuredmedia":[{"embeddable":true,"href":"https:\/\/www.hashtag.al\/index.php\/wp-json\/"}],"wp:attachment":[{"href":"https:\/\/www.hashtag.al\/index.php\/wp-json\/wp\/v2\/media?parent=266279"}],"wp:term":[{"taxonomy":"category","embeddable":true,"href":"https:\/\/www.hashtag.al\/index.php\/wp-json\/wp\/v2\/categories?post=266279"},{"taxonomy":"post_tag","embeddable":true,"href":"https:\/\/www.hashtag.al\/index.php\/wp-json\/wp\/v2\/tags?post=266279"}],"curies":[{"name":"wp","href":"https:\/\/api.w.org\/{rel}","templated":true}]}}