{"id":266272,"date":"2019-01-16T21:27:16","date_gmt":"2019-01-16T20:27:16","guid":{"rendered":"https:\/\/hashtag.al\/?p=266272"},"modified":"2019-01-16T21:30:44","modified_gmt":"2019-01-16T20:30:44","slug":"te-shtena-me-arme-ne-kryeqytet-prane-qsut-se","status":"publish","type":"post","link":"https:\/\/www.hashtag.al\/index.php\/2019\/01\/16\/te-shtena-me-arme-ne-kryeqytet-prane-qsut-se\/","title":{"rendered":"T\u00eb sht\u00ebna me arm\u00eb n\u00eb kryeqytet pran\u00eb QSUT-s\u00eb","gt_translate_keys":[{"key":"rendered","format":"text"}]},"content":{"rendered":"<p><img loading=\"lazy\" decoding=\"async\" class=\"aligncenter size-full wp-image-261572\" src=\"https:\/\/hashtag.al\/wp-content\/uploads\/2018\/12\/policia-naten-1.jpg\" alt=\"\" width=\"569\" height=\"394\" srcset=\"https:\/\/www.hashtag.al\/wp-content\/uploads\/2018\/12\/policia-naten-1.jpg 569w, https:\/\/www.hashtag.al\/wp-content\/uploads\/2018\/12\/policia-naten-1-300x208.jpg 300w\" sizes=\"auto, (max-width: 569px) 100vw, 569px\" \/><\/p>\n<p>T\u00eb sht\u00ebnat me arm\u00eb jan\u00eb d\u00ebgjuar n\u00eb rrug\u00ebn e \u201cDibr\u00ebs\u201d pran\u00eb QSUT-s\u00eb<\/p>\n<p>N\u00eb vendngjarje jan\u00eb mbledhur dhe forca t\u00eb shumta policie.<\/p>\n<p>Nga t\u00eb sht\u00ebnat por nuk ka persona t\u00eb l\u00ebnduar. Shk\u00ebmbimi i zjarrit ka ndodhur nga dy makina n\u00eb l\u00ebvizje.<\/p>\n<p>Policia po punon p\u00ebr identifikimin e personave q\u00eb kan\u00eb p\u00ebrdorur arm\u00ebt. Po k\u00ebshtu jan\u00eb ngritur postblloqe p\u00ebr evidentimin e personave t\u00eb dyshimt\u00eb.<\/p>\n","protected":false,"gt_translate_keys":[{"key":"rendered","format":"html"}]},"excerpt":{"rendered":"<p>T\u00eb sht\u00ebnat me arm\u00eb jan\u00eb d\u00ebgjuar n\u00eb rrug\u00ebn e \u201cDibr\u00ebs\u201d pran\u00eb QSUT-s\u00eb N\u00eb vendngjarje jan\u00eb mbledhur dhe forca t\u00eb shumta policie. Nga t\u00eb sht\u00ebnat por nuk ka persona t\u00eb l\u00ebnduar. Shk\u00ebmbimi i zjarrit ka ndodhur nga dy makina n\u00eb l\u00ebvizje. Policia po punon p\u00ebr identifikimin e personave q\u00eb kan\u00eb p\u00ebrdorur arm\u00ebt. Po k\u00ebshtu jan\u00eb ngritur [&hellip;]<\/p>\n","protected":false,"gt_translate_keys":[{"key":"rendered","format":"html"}]},"author":32,"featured_media":229380,"comment_status":"open","ping_status":"open","sticky":false,"template":"","format":"standard","meta":{"footnotes":""},"categories":[65,13],"tags":[],"class_list":["post-266272","post","type-post","status-publish","format-standard","has-post-thumbnail","hentry","category-lajme","category-te-fundit"],"gt_translate_keys":[{"key":"link","format":"url"}],"_links":{"self":[{"href":"https:\/\/www.hashtag.al\/index.php\/wp-json\/wp\/v2\/posts\/266272","targetHints":{"allow":["GET"]}}],"collection":[{"href":"https:\/\/www.hashtag.al\/index.php\/wp-json\/wp\/v2\/posts"}],"about":[{"href":"https:\/\/www.hashtag.al\/index.php\/wp-json\/wp\/v2\/types\/post"}],"author":[{"embeddable":true,"href":"https:\/\/www.hashtag.al\/index.php\/wp-json\/wp\/v2\/users\/32"}],"replies":[{"embeddable":true,"href":"https:\/\/www.hashtag.al\/index.php\/wp-json\/wp\/v2\/comments?post=266272"}],"version-history":[{"count":0,"href":"https:\/\/www.hashtag.al\/index.php\/wp-json\/wp\/v2\/posts\/266272\/revisions"}],"wp:featuredmedia":[{"embeddable":true,"href":"https:\/\/www.hashtag.al\/index.php\/wp-json\/"}],"wp:attachment":[{"href":"https:\/\/www.hashtag.al\/index.php\/wp-json\/wp\/v2\/media?parent=266272"}],"wp:term":[{"taxonomy":"category","embeddable":true,"href":"https:\/\/www.hashtag.al\/index.php\/wp-json\/wp\/v2\/categories?post=266272"},{"taxonomy":"post_tag","embeddable":true,"href":"https:\/\/www.hashtag.al\/index.php\/wp-json\/wp\/v2\/tags?post=266272"}],"curies":[{"name":"wp","href":"https:\/\/api.w.org\/{rel}","templated":true}]}}