{"id":266169,"date":"2019-01-16T16:08:21","date_gmt":"2019-01-16T15:08:21","guid":{"rendered":"https:\/\/hashtag.al\/?p=266169"},"modified":"2019-01-16T16:09:09","modified_gmt":"2019-01-16T15:09:09","slug":"266169","status":"publish","type":"post","link":"https:\/\/www.hashtag.al\/index.php\/2019\/01\/16\/266169\/","title":{"rendered":"Vasili: Qytetar\u00eb hapni syt\u00eb, kjo qeveri nuk e njeh ligjin (VIDEO)","gt_translate_keys":[{"key":"rendered","format":"text"}]},"content":{"rendered":"<p><img loading=\"lazy\" decoding=\"async\" class=\"alignnone size-full wp-image-265823\" src=\"https:\/\/hashtag.al\/wp-content\/uploads\/2019\/01\/vasili15janar.jpg\" alt=\"\" width=\"1280\" height=\"853\" srcset=\"https:\/\/www.hashtag.al\/wp-content\/uploads\/2019\/01\/vasili15janar.jpg 1280w, https:\/\/www.hashtag.al\/wp-content\/uploads\/2019\/01\/vasili15janar-300x200.jpg 300w, https:\/\/www.hashtag.al\/wp-content\/uploads\/2019\/01\/vasili15janar-768x512.jpg 768w, https:\/\/www.hashtag.al\/wp-content\/uploads\/2019\/01\/vasili15janar-1024x682.jpg 1024w\" sizes=\"auto, (max-width: 1280px) 100vw, 1280px\" \/><\/p>\n<p><span style=\"color: #000000;\">Kreu i Grupit Parlamentar t\u00eb LSI-s\u00eb Petrit Vasili ka deklaruar s\u00eb fundmi se kjo9 qeveri nuk njeh\u00a0zbatimin e ligjit.\u00a0<\/span><span style=\"color: #000000;\">Duke iu referuar p\u00ebrgjimeve t\u00eb publikuar nga Z\u00ebri i Amerik\u00ebs p\u00ebr em\u00ebrime politike n\u00eb Drejtorin\u00eb e Burgjeve, Vasili u shpreh se p\u00ebrgjimet jan\u00eb prov\u00eb e pakund\u00ebrshtueshme e shkeljes s\u00eb ligjit.<\/span><\/p>\n<p><span style=\"color: #000000;\">\u201cKjo qeveri gjykon t\u2019i shpall\u00eb luft\u00eb edhe Z\u00ebrit t\u00eb Amerik\u00ebs q\u00eb ka v\u00ebn\u00eb p\u00ebrball\u00eb publikut fakte p\u00ebr em\u00ebrimet politike n\u00eb burgje. P\u00ebrgjimet e publikuara nga VOA jan\u00eb prov\u00eb e pakund\u00ebrshtueshme. Kryeministri Edi Rama mban n\u00eb zyr\u00eb em\u00ebrimet.<\/span><\/p>\n<p><span style=\"color: #000000;\">Thirrja ime eshte e p\u00ebrs\u00ebritur p\u00ebr nj\u00eb ligj q\u00eb nuk funksionon dhe \u00ebsht\u00eb kapur nga kryeministri. U them vet\u00ebm kaq: Qytetar\u00eb hapni syt\u00eb. Kjo qeveri dhe k\u00ebta ministra nuk njohin ligj. K\u00ebta nuk kan\u00eb trup edhe para provave q\u00eb i thon\u00eb po vet\u00eb.\u201d,tha Vasili n\u00eb nj\u00eb deklarat\u00eb p\u00ebr mediat.<\/span><\/p>\n<p>&nbsp;<\/p>\n<p><iframe loading=\"lazy\" style=\"border: none; overflow: hidden;\" src=\"https:\/\/www.facebook.com\/plugins\/video.php?href=https%3A%2F%2Fwww.facebook.com%2Fpetritvasil%2Fvideos%2F1306442562872164%2F&amp;show_text=0&amp;width=560\" width=\"560\" height=\"315\" frameborder=\"0\" scrolling=\"no\" allowfullscreen=\"allowfullscreen\"><\/iframe><\/p>\n","protected":false,"gt_translate_keys":[{"key":"rendered","format":"html"}]},"excerpt":{"rendered":"<p>Kreu i Grupit Parlamentar t\u00eb LSI-s\u00eb Petrit Vasili ka deklaruar s\u00eb fundmi se kjo9 qeveri nuk njeh\u00a0zbatimin e ligjit.\u00a0Duke iu referuar p\u00ebrgjimeve t\u00eb publikuar nga Z\u00ebri i Amerik\u00ebs p\u00ebr em\u00ebrime politike n\u00eb Drejtorin\u00eb e Burgjeve, Vasili u shpreh se p\u00ebrgjimet jan\u00eb prov\u00eb e pakund\u00ebrshtueshme e shkeljes s\u00eb ligjit. \u201cKjo qeveri gjykon t\u2019i shpall\u00eb luft\u00eb edhe [&hellip;]<\/p>\n","protected":false,"gt_translate_keys":[{"key":"rendered","format":"html"}]},"author":30,"featured_media":265823,"comment_status":"open","ping_status":"open","sticky":false,"template":"","format":"standard","meta":{"footnotes":""},"categories":[65,13],"tags":[],"class_list":["post-266169","post","type-post","status-publish","format-standard","has-post-thumbnail","hentry","category-lajme","category-te-fundit"],"gt_translate_keys":[{"key":"link","format":"url"}],"_links":{"self":[{"href":"https:\/\/www.hashtag.al\/index.php\/wp-json\/wp\/v2\/posts\/266169","targetHints":{"allow":["GET"]}}],"collection":[{"href":"https:\/\/www.hashtag.al\/index.php\/wp-json\/wp\/v2\/posts"}],"about":[{"href":"https:\/\/www.hashtag.al\/index.php\/wp-json\/wp\/v2\/types\/post"}],"author":[{"embeddable":true,"href":"https:\/\/www.hashtag.al\/index.php\/wp-json\/wp\/v2\/users\/30"}],"replies":[{"embeddable":true,"href":"https:\/\/www.hashtag.al\/index.php\/wp-json\/wp\/v2\/comments?post=266169"}],"version-history":[{"count":0,"href":"https:\/\/www.hashtag.al\/index.php\/wp-json\/wp\/v2\/posts\/266169\/revisions"}],"wp:featuredmedia":[{"embeddable":true,"href":"https:\/\/www.hashtag.al\/index.php\/wp-json\/wp\/v2\/media\/265823"}],"wp:attachment":[{"href":"https:\/\/www.hashtag.al\/index.php\/wp-json\/wp\/v2\/media?parent=266169"}],"wp:term":[{"taxonomy":"category","embeddable":true,"href":"https:\/\/www.hashtag.al\/index.php\/wp-json\/wp\/v2\/categories?post=266169"},{"taxonomy":"post_tag","embeddable":true,"href":"https:\/\/www.hashtag.al\/index.php\/wp-json\/wp\/v2\/tags?post=266169"}],"curies":[{"name":"wp","href":"https:\/\/api.w.org\/{rel}","templated":true}]}}