{"id":265949,"date":"2019-01-15T20:20:59","date_gmt":"2019-01-15T19:20:59","guid":{"rendered":"https:\/\/hashtag.al\/?p=265949"},"modified":"2019-01-15T20:20:59","modified_gmt":"2019-01-15T19:20:59","slug":"basha-reagon-ndaj-rames-balili-prova-e-kapitullimit-para-krimit","status":"publish","type":"post","link":"https:\/\/www.hashtag.al\/index.php\/2019\/01\/15\/basha-reagon-ndaj-rames-balili-prova-e-kapitullimit-para-krimit\/","title":{"rendered":"Basha reagon ndaj Ram\u00ebs: Balili prova e kapitullimit para krimit","gt_translate_keys":[{"key":"rendered","format":"text"}]},"content":{"rendered":"<p><img loading=\"lazy\" decoding=\"async\" class=\"aligncenter size-full wp-image-265952\" src=\"https:\/\/hashtag.al\/wp-content\/uploads\/2019\/01\/basha-balili-rama.jpg\" alt=\"\" width=\"2071\" height=\"1175\" srcset=\"https:\/\/www.hashtag.al\/wp-content\/uploads\/2019\/01\/basha-balili-rama.jpg 2071w, https:\/\/www.hashtag.al\/wp-content\/uploads\/2019\/01\/basha-balili-rama-300x170.jpg 300w, https:\/\/www.hashtag.al\/wp-content\/uploads\/2019\/01\/basha-balili-rama-768x436.jpg 768w, https:\/\/www.hashtag.al\/wp-content\/uploads\/2019\/01\/basha-balili-rama-1024x581.jpg 1024w\" sizes=\"auto, (max-width: 2071px) 100vw, 2071px\" \/><\/p>\n<p>Kreu i opozit\u00ebs Lulzim Basha ka reaguar me nj\u00eb postim n\u00eb \u201cTwitter\u201d lidhur me deklaratat e kryeministrit Edi Rama pas kapjes s\u00eb Klement Balilit, i cili tha se i djeg posa\u00e7\u00ebrisht opozit\u00ebs.<\/p>\n<p>Basha shkruan se kjo i djeg Ram\u00ebs pasi Balili \u00ebsht\u00eb prova e kapitullimit t\u00eb tij para krimit dhe se s\u00eb shpejti ai do leht\u00ebsohet nga akuzat, duke sjell\u00eb si precedent rastin e ish-ministrit t\u00eb Brendsh\u00ebm Saimir Tahiri.<\/p>\n<p>\u201cRam\u00ebs i djeg e v\u00ebrteta sepse Balili \u00ebsht\u00eb prova e kapitullimit t\u00eb tij para krimit. I djeg sepse ka ulur kok\u00ebn para t\u00eb gjitha kushteve t\u00eb trafikantit t\u00eb drog\u00ebs. I djeg sepse shqiptar\u00ebt do ta shohin shpejt leht\u00ebsimin nga akuzat p\u00ebr trafik droge. E kemi pare k\u00ebt\u00eb film me S. Tahirin\u201d, shkruan Basha.<\/p>\n","protected":false,"gt_translate_keys":[{"key":"rendered","format":"html"}]},"excerpt":{"rendered":"<p>Kreu i opozit\u00ebs Lulzim Basha ka reaguar me nj\u00eb postim n\u00eb \u201cTwitter\u201d lidhur me deklaratat e kryeministrit Edi Rama pas kapjes s\u00eb Klement Balilit, i cili tha se i djeg posa\u00e7\u00ebrisht opozit\u00ebs. Basha shkruan se kjo i djeg Ram\u00ebs pasi Balili \u00ebsht\u00eb prova e kapitullimit t\u00eb tij para krimit dhe se s\u00eb shpejti ai do [&hellip;]<\/p>\n","protected":false,"gt_translate_keys":[{"key":"rendered","format":"html"}]},"author":32,"featured_media":265952,"comment_status":"open","ping_status":"open","sticky":false,"template":"","format":"standard","meta":{"footnotes":""},"categories":[65,13],"tags":[],"class_list":["post-265949","post","type-post","status-publish","format-standard","has-post-thumbnail","hentry","category-lajme","category-te-fundit"],"gt_translate_keys":[{"key":"link","format":"url"}],"_links":{"self":[{"href":"https:\/\/www.hashtag.al\/index.php\/wp-json\/wp\/v2\/posts\/265949","targetHints":{"allow":["GET"]}}],"collection":[{"href":"https:\/\/www.hashtag.al\/index.php\/wp-json\/wp\/v2\/posts"}],"about":[{"href":"https:\/\/www.hashtag.al\/index.php\/wp-json\/wp\/v2\/types\/post"}],"author":[{"embeddable":true,"href":"https:\/\/www.hashtag.al\/index.php\/wp-json\/wp\/v2\/users\/32"}],"replies":[{"embeddable":true,"href":"https:\/\/www.hashtag.al\/index.php\/wp-json\/wp\/v2\/comments?post=265949"}],"version-history":[{"count":0,"href":"https:\/\/www.hashtag.al\/index.php\/wp-json\/wp\/v2\/posts\/265949\/revisions"}],"wp:featuredmedia":[{"embeddable":true,"href":"https:\/\/www.hashtag.al\/index.php\/wp-json\/wp\/v2\/media\/265952"}],"wp:attachment":[{"href":"https:\/\/www.hashtag.al\/index.php\/wp-json\/wp\/v2\/media?parent=265949"}],"wp:term":[{"taxonomy":"category","embeddable":true,"href":"https:\/\/www.hashtag.al\/index.php\/wp-json\/wp\/v2\/categories?post=265949"},{"taxonomy":"post_tag","embeddable":true,"href":"https:\/\/www.hashtag.al\/index.php\/wp-json\/wp\/v2\/tags?post=265949"}],"curies":[{"name":"wp","href":"https:\/\/api.w.org\/{rel}","templated":true}]}}