{"id":265935,"date":"2019-01-15T19:40:01","date_gmt":"2019-01-15T18:40:01","guid":{"rendered":"https:\/\/hashtag.al\/?p=265935"},"modified":"2019-01-15T19:47:06","modified_gmt":"2019-01-15T18:47:06","slug":"vetedorezimi-i-balilit-reagon-osbe-nje-hap-tjeter-i-rendesishem-ne-luften-kunder-krimit","status":"publish","type":"post","link":"https:\/\/www.hashtag.al\/index.php\/2019\/01\/15\/vetedorezimi-i-balilit-reagon-osbe-nje-hap-tjeter-i-rendesishem-ne-luften-kunder-krimit\/","title":{"rendered":"Vet\u00ebdor\u00ebzimi i Balilit, reagon OSBE: Nj\u00eb hap tjet\u00ebr i r\u00ebnd\u00ebsish\u00ebm n\u00eb luft\u00ebn kund\u00ebr krimit","gt_translate_keys":[{"key":"rendered","format":"text"}]},"content":{"rendered":"<p><img loading=\"lazy\" decoding=\"async\" class=\"alignnone size-full wp-image-183474\" src=\"https:\/\/hashtag.al\/wp-content\/uploads\/2018\/04\/osbe.jpg\" alt=\"\" width=\"1200\" height=\"600\" \/><\/p>\n<p><span style=\"color: #000000;\">Pasi Klement Balili u vet\u00ebdor\u00ebzua n\u00eb polici kan\u00eb reaguar nj\u00eb s\u00ebr\u00eb institucionesh t\u00eb huaja.\u00a0 Me an\u00eb t\u00eb nj\u00eb postimi n\u00eb rrjetet sociale OSBE shprehet se \u201cky \u00ebsht\u00eb nj\u00eb hap tjet\u00ebr i r\u00ebnd\u00ebsish\u00ebm n\u00eb luft\u00ebn e Shqip\u00ebris\u00eb kund\u00ebr krimit t\u00eb organizuar\u201d.<\/span><\/p>\n<p>&nbsp;<\/p>\n<p><span style=\"color: #000000;\">\u201cShohim q\u00eb p\u00ebrpjekjet disavje\u00e7are n\u00eb luft\u00ebn kund\u00ebr krimit t\u00eb organizuar, edhe nj\u00eb her\u00eb, po sjellin rezultate konkrete dhe t\u00eb r\u00ebnd\u00ebsishme n\u00eb Shqip\u00ebri. E p\u00ebrg\u00ebzojm\u00eb Policin\u00eb e Shtetit p\u00ebr arrestimin e trafikantit t\u00eb akuzuar nd\u00ebrkomb\u00ebtar t\u00eb drog\u00ebs, Klement Balili. Ky \u00ebsht\u00eb nj\u00eb hap tjet\u00ebr i r\u00ebnd\u00ebsish\u00ebm n\u00eb luft\u00ebn e Shqip\u00ebris\u00eb kund\u00ebr krimit t\u00eb organizuar. Ne do t\u00eb vijojm\u00eb t\u00eb mb\u00ebshtesim p\u00ebrpjekjet e vendit p\u00ebr fuqizimin e shtetit t\u00eb s\u00eb drejt\u00ebs.\u201d, shprehet OSBE<em>.\u00a0<\/em><\/span><\/p>\n<p><span style=\"color: #000000;\">Pak m\u00ebher\u00ebt reagoi edhe ambasada amerikan e cila ngriti edhe pyetjen se &#8220;Kush e ka rradh\u00ebn?&#8221;.<\/span><\/p>\n<p><span style=\"color: #000000;\"><strong>Reagimi i ambasad\u00ebs:<\/strong><\/span><\/p>\n<p><span style=\"color: #000000;\">\u201cNe p\u00ebrg\u00ebzojm\u00eb Policin\u00eb e Shtetit dhe agjensit\u00eb ligjzbatuese partnere p\u00ebr arrestimin e trafikantit nd\u00ebrkomb\u00ebtar t\u00eb drog\u00ebs, Klement Balili. Ky sh\u00ebnon nj\u00eb hap t\u00eb madh p\u00ebr popullin shqiptar n\u00eb rrug\u00ebn drejt sundimit t\u00eb zbatimit t\u00eb ligjit, dhe sh\u00ebrben si nj\u00eb p\u00ebrparim i preksh\u00ebm drejt hapjes s\u00eb bisedimeve me BE. Ne mir\u00ebpresim nj\u00eb hetim dhe gjyq t\u00eb shpejt\u00eb dhe t\u00eb plot\u00eb. Shtetet e Bashkuara q\u00ebndrojn\u00eb t\u00eb gatshme p\u00ebr t\u00eb ndihmuar Shqip\u00ebrin\u00eb n\u00eb p\u00ebrpjekjet e saj n\u00eb luft\u00ebn kund\u00ebr krimit t\u00eb organizuar. #KushEKaRradh\u00ebn.<\/span><\/p>\n","protected":false,"gt_translate_keys":[{"key":"rendered","format":"html"}]},"excerpt":{"rendered":"<p>Pasi Klement Balili u vet\u00ebdor\u00ebzua n\u00eb polici kan\u00eb reaguar nj\u00eb s\u00ebr\u00eb institucionesh t\u00eb huaja.\u00a0 Me an\u00eb t\u00eb nj\u00eb postimi n\u00eb rrjetet sociale OSBE shprehet se \u201cky \u00ebsht\u00eb nj\u00eb hap tjet\u00ebr i r\u00ebnd\u00ebsish\u00ebm n\u00eb luft\u00ebn e Shqip\u00ebris\u00eb kund\u00ebr krimit t\u00eb organizuar\u201d. &nbsp; \u201cShohim q\u00eb p\u00ebrpjekjet disavje\u00e7are n\u00eb luft\u00ebn kund\u00ebr krimit t\u00eb organizuar, edhe nj\u00eb her\u00eb, po [&hellip;]<\/p>\n","protected":false,"gt_translate_keys":[{"key":"rendered","format":"html"}]},"author":30,"featured_media":183474,"comment_status":"open","ping_status":"open","sticky":false,"template":"","format":"standard","meta":{"footnotes":""},"categories":[65,13],"tags":[],"class_list":["post-265935","post","type-post","status-publish","format-standard","has-post-thumbnail","hentry","category-lajme","category-te-fundit"],"gt_translate_keys":[{"key":"link","format":"url"}],"_links":{"self":[{"href":"https:\/\/www.hashtag.al\/index.php\/wp-json\/wp\/v2\/posts\/265935","targetHints":{"allow":["GET"]}}],"collection":[{"href":"https:\/\/www.hashtag.al\/index.php\/wp-json\/wp\/v2\/posts"}],"about":[{"href":"https:\/\/www.hashtag.al\/index.php\/wp-json\/wp\/v2\/types\/post"}],"author":[{"embeddable":true,"href":"https:\/\/www.hashtag.al\/index.php\/wp-json\/wp\/v2\/users\/30"}],"replies":[{"embeddable":true,"href":"https:\/\/www.hashtag.al\/index.php\/wp-json\/wp\/v2\/comments?post=265935"}],"version-history":[{"count":0,"href":"https:\/\/www.hashtag.al\/index.php\/wp-json\/wp\/v2\/posts\/265935\/revisions"}],"wp:featuredmedia":[{"embeddable":true,"href":"https:\/\/www.hashtag.al\/index.php\/wp-json\/"}],"wp:attachment":[{"href":"https:\/\/www.hashtag.al\/index.php\/wp-json\/wp\/v2\/media?parent=265935"}],"wp:term":[{"taxonomy":"category","embeddable":true,"href":"https:\/\/www.hashtag.al\/index.php\/wp-json\/wp\/v2\/categories?post=265935"},{"taxonomy":"post_tag","embeddable":true,"href":"https:\/\/www.hashtag.al\/index.php\/wp-json\/wp\/v2\/tags?post=265935"}],"curies":[{"name":"wp","href":"https:\/\/api.w.org\/{rel}","templated":true}]}}