{"id":265820,"date":"2019-01-15T13:08:03","date_gmt":"2019-01-15T12:08:03","guid":{"rendered":"https:\/\/hashtag.al\/?p=265820"},"modified":"2019-01-15T13:09:05","modified_gmt":"2019-01-15T12:09:05","slug":"vasili-i-nxjerr-videon-rames-me-ze-e-figure-cdeklaronte-kryeministri-per-punesimet-ne-administrate","status":"publish","type":"post","link":"https:\/\/www.hashtag.al\/index.php\/2019\/01\/15\/vasili-i-nxjerr-videon-rames-me-ze-e-figure-cdeklaronte-kryeministri-per-punesimet-ne-administrate\/","title":{"rendered":"Vasili i nxjerr videon Ram\u00ebs: Me z\u00eb e figur\u00eb, \u00e7&#8217;deklaronte kryeministri p\u00ebr pun\u00ebsimet n\u00eb administrat\u00eb","gt_translate_keys":[{"key":"rendered","format":"text"}]},"content":{"rendered":"<div style=\"width: 640px;\" class=\"wp-video\"><video class=\"wp-video-shortcode\" id=\"video-265820-1\" width=\"640\" height=\"360\" preload=\"metadata\" controls=\"controls\"><source type=\"video\/mp4\" src=\"https:\/\/hashtag.al\/wp-content\/uploads\/2019\/01\/sd-Petrit-Vasili.mp4?_=1\" \/><a href=\"https:\/\/hashtag.al\/wp-content\/uploads\/2019\/01\/sd-Petrit-Vasili.mp4\">https:\/\/hashtag.al\/wp-content\/uploads\/2019\/01\/sd-Petrit-Vasili.mp4<\/a><\/video><\/div>\n<p><span style=\"color: #000000;\">Kreu i grupit parlamentar t\u00eb LSI-s\u00eb, Vasili, ka dal\u00eb sot n\u00eb nj\u00eb konferenc\u00eb p\u00ebr shtyp p\u00ebr t\u00eb denoncuar pun\u00ebsimet politike n\u00eb administrat\u00ebn shtet\u00ebrore, q\u00eb u publikua dit\u00ebn e djeshme nga Z\u00ebri i Amerik\u00ebs n\u00eb edicionin e lajmeve.<\/span><\/p>\n<p><span style=\"color: #000000;\">Vasili tregoi fillimisht nj\u00eb video, ku Rama, deklaronte me z\u00eb dhe figur\u00eb se koha e pun\u00ebsimeve politike n\u00eb administrat\u00eb kishte p\u00ebrfunduar me koh\u00eb.<\/span><\/p>\n<p><span style=\"color: #000000;\"><em>\u201cKy kryeminist\u00ebr \u00ebsht\u00eb thjesht nj\u00eb mashtrim dhe nj\u00eb demagogji, pa deklaratat e tij p\u00ebr zhdukjen e listave politike, p\u00ebr asgj\u00ebsimin e pun\u00ebsimeve politike dhe qartazi n\u00eb kronik\u00ebn e Z\u00ebrit t\u00eb Amerik\u00ebs, n\u00eb investigimin e kryer doli qart\u00eb q\u00eb deputet\u00eb t\u00ebr\u00eb, lista t\u00eb t\u00ebra me qindra militant\u00eb deri m\u00eb mij\u00ebra, p\u00ebr shkak se 1350 q\u00eb kishin konkurruar edhe ata ishin me list\u00eb partie, e zeza n\u00eb t\u00eb bardh\u00eb, e p\u00ebrgjuar jo nga askush tjet\u00ebr, por nga Prokuroria e Krimeve t\u00eb R\u00ebnda nxjerr sheshit qart\u00eb, gjith\u00eb m\u00ebnyr\u00ebn metodik\u00ebn, form\u00ebn kriminale, t\u00eb pun\u00ebsimit n\u00eb Shqip\u00ebri, pra do t\u00eb thot\u00eb kthehemi n\u00eb nj\u00eb situat\u00eb nga m\u00eb t\u00eb sh\u00ebmtuarat ku pun\u00ebsimet i ka partia dhe ky korifeu i madh i qeveris\u00eb, ky demagogu q\u00eb e pat\u00eb n\u00eb nj\u00eb deklarat\u00eb t\u00ebr\u00ebsisht histerike t\u00eb mbushura me pasion p\u00ebr t\u00eb ngopur psikik\u00ebn e njer\u00ebzve me mashtrime, p\u00ebrbetohej p\u00ebr lista politike.\u201d<\/em> &#8211; tha Vasili.<\/span><\/p>\n<p><span style=\"color: #000000;\">Ai tha se n\u00ebse vendi do kishte nj\u00eb prokurori t\u00eb pakapur, at\u00ebher\u00eb ndaj deputet\u00ebve q\u00eb dilni n\u00eb kronik\u00eb dhe ndaj shefes s\u00eb kabintetit duhet t\u00eb kishte nisur nj\u00eb hetim penal, nd\u00ebrsa tha se as Z\u00ebri i Amerik\u00ebs dhe as media e lir\u00eb n\u00eb vend q\u00eb publikon t\u00eb v\u00ebrtet\u00ebn nuk \u00ebsht\u00eb kazan.<\/span><\/p>\n<p><img loading=\"lazy\" decoding=\"async\" class=\"aligncenter size-full wp-image-265822\" src=\"https:\/\/hashtag.al\/wp-content\/uploads\/2019\/01\/vasili15janar2.jpg\" alt=\"\" width=\"1280\" height=\"853\" srcset=\"https:\/\/www.hashtag.al\/wp-content\/uploads\/2019\/01\/vasili15janar2.jpg 1280w, https:\/\/www.hashtag.al\/wp-content\/uploads\/2019\/01\/vasili15janar2-300x200.jpg 300w, https:\/\/www.hashtag.al\/wp-content\/uploads\/2019\/01\/vasili15janar2-768x512.jpg 768w, https:\/\/www.hashtag.al\/wp-content\/uploads\/2019\/01\/vasili15janar2-1024x682.jpg 1024w\" sizes=\"auto, (max-width: 1280px) 100vw, 1280px\" \/><\/p>\n","protected":false,"gt_translate_keys":[{"key":"rendered","format":"html"}]},"excerpt":{"rendered":"<p>Kreu i grupit parlamentar t\u00eb LSI-s\u00eb, Vasili, ka dal\u00eb sot n\u00eb nj\u00eb konferenc\u00eb p\u00ebr shtyp p\u00ebr t\u00eb denoncuar pun\u00ebsimet politike n\u00eb administrat\u00ebn shtet\u00ebrore, q\u00eb u publikua dit\u00ebn e djeshme nga Z\u00ebri i Amerik\u00ebs n\u00eb edicionin e lajmeve. Vasili tregoi fillimisht nj\u00eb video, ku Rama, deklaronte me z\u00eb dhe figur\u00eb se koha e pun\u00ebsimeve politike n\u00eb [&hellip;]<\/p>\n","protected":false,"gt_translate_keys":[{"key":"rendered","format":"html"}]},"author":51,"featured_media":265823,"comment_status":"open","ping_status":"open","sticky":false,"template":"","format":"standard","meta":{"footnotes":""},"categories":[65,13],"tags":[],"class_list":["post-265820","post","type-post","status-publish","format-standard","has-post-thumbnail","hentry","category-lajme","category-te-fundit"],"gt_translate_keys":[{"key":"link","format":"url"}],"_links":{"self":[{"href":"https:\/\/www.hashtag.al\/index.php\/wp-json\/wp\/v2\/posts\/265820","targetHints":{"allow":["GET"]}}],"collection":[{"href":"https:\/\/www.hashtag.al\/index.php\/wp-json\/wp\/v2\/posts"}],"about":[{"href":"https:\/\/www.hashtag.al\/index.php\/wp-json\/wp\/v2\/types\/post"}],"author":[{"embeddable":true,"href":"https:\/\/www.hashtag.al\/index.php\/wp-json\/wp\/v2\/users\/51"}],"replies":[{"embeddable":true,"href":"https:\/\/www.hashtag.al\/index.php\/wp-json\/wp\/v2\/comments?post=265820"}],"version-history":[{"count":0,"href":"https:\/\/www.hashtag.al\/index.php\/wp-json\/wp\/v2\/posts\/265820\/revisions"}],"wp:featuredmedia":[{"embeddable":true,"href":"https:\/\/www.hashtag.al\/index.php\/wp-json\/wp\/v2\/media\/265823"}],"wp:attachment":[{"href":"https:\/\/www.hashtag.al\/index.php\/wp-json\/wp\/v2\/media?parent=265820"}],"wp:term":[{"taxonomy":"category","embeddable":true,"href":"https:\/\/www.hashtag.al\/index.php\/wp-json\/wp\/v2\/categories?post=265820"},{"taxonomy":"post_tag","embeddable":true,"href":"https:\/\/www.hashtag.al\/index.php\/wp-json\/wp\/v2\/tags?post=265820"}],"curies":[{"name":"wp","href":"https:\/\/api.w.org\/{rel}","templated":true}]}}