{"id":265813,"date":"2019-01-15T12:54:38","date_gmt":"2019-01-15T11:54:38","guid":{"rendered":"https:\/\/hashtag.al\/?p=265813"},"modified":"2019-01-15T13:09:26","modified_gmt":"2019-01-15T12:09:26","slug":"meta-nga-lezha-per-ndalimin-e-balilit-falenderoj-partneret-nderkombetare","status":"publish","type":"post","link":"https:\/\/www.hashtag.al\/index.php\/2019\/01\/15\/meta-nga-lezha-per-ndalimin-e-balilit-falenderoj-partneret-nderkombetare\/","title":{"rendered":"Meta nga Lezha p\u00ebr ndalimin e Balilit: Falenderoj partner\u00ebt nd\u00ebrkomb\u00ebtar\u00eb","gt_translate_keys":[{"key":"rendered","format":"text"}]},"content":{"rendered":"<p><span style=\"color: #000000;\"><img loading=\"lazy\" decoding=\"async\" class=\"aligncenter size-full wp-image-265816\" src=\"https:\/\/hashtag.al\/wp-content\/uploads\/2019\/01\/meta2.jpg\" alt=\"\" width=\"1024\" height=\"683\" \/><\/span><\/p>\n<p><span style=\"color: #000000;\">Presidenti Meta, ka p\u00ebrsh\u00ebndetur ndalimin e Klement Balilit. Kreu i Shtetit ndodhet n\u00eb Lezh\u00eb dhe \u00ebsht\u00eb pyetur nga gazetar\u00ebt lidhur me ndalimin e Balilit.<\/span><\/p>\n<p><span style=\"color: #000000;\">I pyetur si e komentonte k\u00ebt\u00eb ngjarje, kreu i shtetit tha se Balili ishte nj\u00eb person me probleme serioze me ligjin nd\u00ebrsa falenderoi agjencit\u00eb ligjzbatuese t\u00eb vendit dhe partner\u00ebt nd\u00ebrkomb\u00ebtar\u00eb p\u00ebr ndalimin e tij.<\/span><\/p>\n<p><span style=\"color: #000000;\"><em>\u201cP\u00ebrsh\u00ebndes ndalimin e Klement Balilit. Nj\u00eb person me probleme mjaft serioze me ligjin dhe me k\u00ebt\u00eb rast dua t\u00eb falenderoj jo vet\u00ebm agjencit\u00eb ligjzbatuese por edhe partner\u00ebt tan\u00eb nd\u00ebrkom\u00ebb\u00ebtar\u00eb p\u00ebr presionin e gjithansh\u00ebm p\u00ebr t\u00eb arritur k\u00ebt\u00eb rezultat sot.\u201d<\/em> &#8211; tha Meta.<\/span><\/p>\n<p><span style=\"color: #000000;\">Kreu i Shtetit u pyet edhe p\u00ebr \u00e7\u00ebshtjen e dekretimit t\u00eb kryeministri Edi Rama si minist\u00ebr i Jasht\u00ebm, duke u p\u00ebrgjigjur: <\/span><\/p>\n<p><span style=\"color: #000000;\">\u201c<em>K\u00ebtu jemi p\u00ebr t\u00eb promovuar edhe nj\u00eb her\u00eb solidaritetin p\u00ebr dhurimin e gjakut. P\u00ebr k\u00ebt\u00eb \u00e7\u00ebshtje besoj se e kam dh\u00ebn\u00eb nj\u00eb p\u00ebrgjigje dje. Dhe do t\u00eb jap nj\u00eb p\u00ebrgjigje t\u00eb qart\u00eb, t\u00eb p\u00ebrgjegjshme, shteruese, me qet\u00ebsi, por pa dashuri, brenda afateve kushtetuese.\u201d<\/em><\/span><\/p>\n<div style=\"width: 1170px;\" class=\"wp-video\"><video class=\"wp-video-shortcode\" id=\"video-265813-1\" width=\"1170\" height=\"658\" preload=\"metadata\" controls=\"controls\"><source type=\"video\/mp4\" src=\"https:\/\/hashtag.al\/wp-content\/uploads\/2019\/01\/metabalili.mp4?_=1\" \/><a href=\"https:\/\/hashtag.al\/wp-content\/uploads\/2019\/01\/metabalili.mp4\">https:\/\/hashtag.al\/wp-content\/uploads\/2019\/01\/metabalili.mp4<\/a><\/video><\/div>\n","protected":false,"gt_translate_keys":[{"key":"rendered","format":"html"}]},"excerpt":{"rendered":"<p>Presidenti Meta, ka p\u00ebrsh\u00ebndetur ndalimin e Klement Balilit. Kreu i Shtetit ndodhet n\u00eb Lezh\u00eb dhe \u00ebsht\u00eb pyetur nga gazetar\u00ebt lidhur me ndalimin e Balilit. I pyetur si e komentonte k\u00ebt\u00eb ngjarje, kreu i shtetit tha se Balili ishte nj\u00eb person me probleme serioze me ligjin nd\u00ebrsa falenderoi agjencit\u00eb ligjzbatuese t\u00eb vendit dhe partner\u00ebt nd\u00ebrkomb\u00ebtar\u00eb p\u00ebr [&hellip;]<\/p>\n","protected":false,"gt_translate_keys":[{"key":"rendered","format":"html"}]},"author":51,"featured_media":265816,"comment_status":"open","ping_status":"open","sticky":false,"template":"","format":"standard","meta":{"footnotes":""},"categories":[65,13],"tags":[],"class_list":["post-265813","post","type-post","status-publish","format-standard","has-post-thumbnail","hentry","category-lajme","category-te-fundit"],"gt_translate_keys":[{"key":"link","format":"url"}],"_links":{"self":[{"href":"https:\/\/www.hashtag.al\/index.php\/wp-json\/wp\/v2\/posts\/265813","targetHints":{"allow":["GET"]}}],"collection":[{"href":"https:\/\/www.hashtag.al\/index.php\/wp-json\/wp\/v2\/posts"}],"about":[{"href":"https:\/\/www.hashtag.al\/index.php\/wp-json\/wp\/v2\/types\/post"}],"author":[{"embeddable":true,"href":"https:\/\/www.hashtag.al\/index.php\/wp-json\/wp\/v2\/users\/51"}],"replies":[{"embeddable":true,"href":"https:\/\/www.hashtag.al\/index.php\/wp-json\/wp\/v2\/comments?post=265813"}],"version-history":[{"count":0,"href":"https:\/\/www.hashtag.al\/index.php\/wp-json\/wp\/v2\/posts\/265813\/revisions"}],"wp:featuredmedia":[{"embeddable":true,"href":"https:\/\/www.hashtag.al\/index.php\/wp-json\/wp\/v2\/media\/265816"}],"wp:attachment":[{"href":"https:\/\/www.hashtag.al\/index.php\/wp-json\/wp\/v2\/media?parent=265813"}],"wp:term":[{"taxonomy":"category","embeddable":true,"href":"https:\/\/www.hashtag.al\/index.php\/wp-json\/wp\/v2\/categories?post=265813"},{"taxonomy":"post_tag","embeddable":true,"href":"https:\/\/www.hashtag.al\/index.php\/wp-json\/wp\/v2\/tags?post=265813"}],"curies":[{"name":"wp","href":"https:\/\/api.w.org\/{rel}","templated":true}]}}