{"id":265744,"date":"2019-01-15T10:03:51","date_gmt":"2019-01-15T09:03:51","guid":{"rendered":"https:\/\/hashtag.al\/?p=265744"},"modified":"2019-01-15T10:07:48","modified_gmt":"2019-01-15T09:07:48","slug":"atentati-ne-vlore-i-plagosuri-ne-gjendje-te-rende-drejt-tiranes","status":"publish","type":"post","link":"https:\/\/www.hashtag.al\/index.php\/2019\/01\/15\/atentati-ne-vlore-i-plagosuri-ne-gjendje-te-rende-drejt-tiranes\/","title":{"rendered":"Atentati n\u00eb Vlor\u00eb, i plagosuri n\u00eb gjendje t\u00eb r\u00ebnd\u00eb drejt Tiran\u00ebs","gt_translate_keys":[{"key":"rendered","format":"text"}]},"content":{"rendered":"<p><span style=\"color: #000000;\"><img loading=\"lazy\" decoding=\"async\" class=\"aligncenter wp-image-265579\" src=\"https:\/\/hashtag.al\/wp-content\/uploads\/2019\/01\/vlore.jpg\" alt=\"\" width=\"800\" height=\"600\" srcset=\"https:\/\/www.hashtag.al\/wp-content\/uploads\/2019\/01\/vlore.jpg 467w, https:\/\/www.hashtag.al\/wp-content\/uploads\/2019\/01\/vlore-300x225.jpg 300w\" sizes=\"auto, (max-width: 800px) 100vw, 800px\" \/><\/span><\/p>\n<p><span style=\"color: #000000;\">Mikel Mehmeti, 41-vje\u00e7ari q\u00eb mbeti i plagosur mbr\u00ebmjen e kaluar nga atentati n\u00eb qytetin e Vlor\u00ebs \u00ebsht\u00eb nisur me urgjenc\u00eb drejt Tiran\u00ebs, p\u00ebr ndihm\u00eb t\u00eb specializuar.\u00a0Kjo sepse gjendje e tij sh\u00ebndet\u00ebsore \u00ebsht\u00eb shum\u00eb e r\u00ebnd\u00eb.<\/span><\/p>\n<p><span style=\"color: #000000;\">Ai iu n\u00ebnshtrua nj\u00eb nd\u00ebrhyrjeje kirurgjikale prej pes\u00eb or\u00ebsh n\u00eb spitalin e Vlor\u00ebs, por vijon n\u00eb gjendje kritike p\u00ebr jet\u00ebn.<\/span><\/p>\n<p><span style=\"color: #000000;\">Ngjarja ndodhi dje rreth or\u00ebs 17:40 n\u00eb lagjen &#8220;Pavar\u00ebsia&#8221; n\u00eb Vlor\u00eb, ku dy persona t\u00eb paidentifikuar, hipur mbi nj\u00eb motor, kan\u00eb hapur zjarr mbi automjetin tip &#8216;Audi&#8217; me targa AA 653 VC ku udh\u00ebtonin dy persona, nj\u00ebri prej t\u00eb cil\u00ebve Mehmeti.<\/span><\/p>\n<p><span style=\"color: #000000;\">Nga bresh\u00ebria e arm\u00ebve, 41-vje\u00e7ari ka marr\u00eb 3 plumba n\u00eb gjoks, mushk\u00ebri dhe n\u00eb bark. Sh\u00ebnjest\u00ebr e atentatit dyshohet se ka qen\u00eb pik\u00ebrisht Mehmeti. Agresor\u00ebt jan\u00eb larguar me motor dhe m\u00eb pas n\u00eb nj\u00eb tjet\u00ebr zon\u00eb dyshohet se jan\u00eb larguar me makin\u00eb. Mbr\u00ebm\u00eb policia gjeti n\u00eb af\u00ebrsi t\u00eb stacionit t\u00eb trenit duke u djegur nj\u00eb automjet q\u00eb dyshohet se i p\u00ebrket autor\u00ebve.<\/span><\/p>\n<p><span style=\"color: #000000;\">Mikel Mehmeti nuk \u00ebsht\u00eb nj\u00eb em\u00ebr i panjohur p\u00ebr Policin\u00eb e Vlor\u00ebs.\u00a0<\/span><span style=\"color: #000000;\">Ai njihet si mik i familjes Llanaj nd\u00ebrsa dyshohet si i p\u00ebrfshir\u00eb n\u00eb Masakr\u00ebn e \u00c7oles pak vite m\u00eb par\u00eb, ku humb\u00ebn jet\u00ebn 3 persona.<\/span><\/p>\n<p><span style=\"color: #000000;\"><img loading=\"lazy\" decoding=\"async\" class=\"aligncenter size-full wp-image-265746\" src=\"https:\/\/hashtag.al\/wp-content\/uploads\/2019\/01\/Vlore.png\" alt=\"\" width=\"843\" height=\"275\" srcset=\"https:\/\/www.hashtag.al\/wp-content\/uploads\/2019\/01\/Vlore.png 843w, https:\/\/www.hashtag.al\/wp-content\/uploads\/2019\/01\/Vlore-300x98.png 300w, https:\/\/www.hashtag.al\/wp-content\/uploads\/2019\/01\/Vlore-768x251.png 768w\" sizes=\"auto, (max-width: 843px) 100vw, 843px\" \/><\/span><\/p>\n<p>&nbsp;<\/p>\n","protected":false,"gt_translate_keys":[{"key":"rendered","format":"html"}]},"excerpt":{"rendered":"<p>Mikel Mehmeti, 41-vje\u00e7ari q\u00eb mbeti i plagosur mbr\u00ebmjen e kaluar nga atentati n\u00eb qytetin e Vlor\u00ebs \u00ebsht\u00eb nisur me urgjenc\u00eb drejt Tiran\u00ebs, p\u00ebr ndihm\u00eb t\u00eb specializuar.\u00a0Kjo sepse gjendje e tij sh\u00ebndet\u00ebsore \u00ebsht\u00eb shum\u00eb e r\u00ebnd\u00eb. Ai iu n\u00ebnshtrua nj\u00eb nd\u00ebrhyrjeje kirurgjikale prej pes\u00eb or\u00ebsh n\u00eb spitalin e Vlor\u00ebs, por vijon n\u00eb gjendje kritike p\u00ebr jet\u00ebn. [&hellip;]<\/p>\n","protected":false,"gt_translate_keys":[{"key":"rendered","format":"html"}]},"author":30,"featured_media":265747,"comment_status":"open","ping_status":"open","sticky":false,"template":"","format":"standard","meta":{"footnotes":""},"categories":[65,13],"tags":[],"class_list":["post-265744","post","type-post","status-publish","format-standard","has-post-thumbnail","hentry","category-lajme","category-te-fundit"],"gt_translate_keys":[{"key":"link","format":"url"}],"_links":{"self":[{"href":"https:\/\/www.hashtag.al\/index.php\/wp-json\/wp\/v2\/posts\/265744","targetHints":{"allow":["GET"]}}],"collection":[{"href":"https:\/\/www.hashtag.al\/index.php\/wp-json\/wp\/v2\/posts"}],"about":[{"href":"https:\/\/www.hashtag.al\/index.php\/wp-json\/wp\/v2\/types\/post"}],"author":[{"embeddable":true,"href":"https:\/\/www.hashtag.al\/index.php\/wp-json\/wp\/v2\/users\/30"}],"replies":[{"embeddable":true,"href":"https:\/\/www.hashtag.al\/index.php\/wp-json\/wp\/v2\/comments?post=265744"}],"version-history":[{"count":0,"href":"https:\/\/www.hashtag.al\/index.php\/wp-json\/wp\/v2\/posts\/265744\/revisions"}],"wp:featuredmedia":[{"embeddable":true,"href":"https:\/\/www.hashtag.al\/index.php\/wp-json\/wp\/v2\/media\/265747"}],"wp:attachment":[{"href":"https:\/\/www.hashtag.al\/index.php\/wp-json\/wp\/v2\/media?parent=265744"}],"wp:term":[{"taxonomy":"category","embeddable":true,"href":"https:\/\/www.hashtag.al\/index.php\/wp-json\/wp\/v2\/categories?post=265744"},{"taxonomy":"post_tag","embeddable":true,"href":"https:\/\/www.hashtag.al\/index.php\/wp-json\/wp\/v2\/tags?post=265744"}],"curies":[{"name":"wp","href":"https:\/\/api.w.org\/{rel}","templated":true}]}}