{"id":265656,"date":"2019-01-14T22:36:20","date_gmt":"2019-01-14T21:36:20","guid":{"rendered":"https:\/\/hashtag.al\/?p=265656"},"modified":"2019-01-14T22:36:20","modified_gmt":"2019-01-14T21:36:20","slug":"arta-dade-ne-ps-nuk-ka-me-zgjedhje-eshte-zhdukur-gara","status":"publish","type":"post","link":"https:\/\/www.hashtag.al\/index.php\/2019\/01\/14\/arta-dade-ne-ps-nuk-ka-me-zgjedhje-eshte-zhdukur-gara\/","title":{"rendered":"Arta Dade: N\u00eb PS nuk ka m\u00eb zgjedhje \u00ebsht\u00eb zhdukur gara","gt_translate_keys":[{"key":"rendered","format":"text"}]},"content":{"rendered":"<p><img loading=\"lazy\" decoding=\"async\" class=\"size-full wp-image-265657\" src=\"https:\/\/hashtag.al\/wp-content\/uploads\/2019\/01\/Edi-Rama-dhe-Arta-Dade.jpg\" alt=\"\" width=\"1366\" height=\"1146\" srcset=\"https:\/\/www.hashtag.al\/wp-content\/uploads\/2019\/01\/Edi-Rama-dhe-Arta-Dade.jpg 1366w, https:\/\/www.hashtag.al\/wp-content\/uploads\/2019\/01\/Edi-Rama-dhe-Arta-Dade-300x252.jpg 300w, https:\/\/www.hashtag.al\/wp-content\/uploads\/2019\/01\/Edi-Rama-dhe-Arta-Dade-768x644.jpg 768w, https:\/\/www.hashtag.al\/wp-content\/uploads\/2019\/01\/Edi-Rama-dhe-Arta-Dade-1024x859.jpg 1024w\" sizes=\"auto, (max-width: 1366px) 100vw, 1366px\" \/><\/p>\n<p><span style=\"color: #000000;\">Ish deputetja dhe ish ministrja e jashtme, Arta Dade \u00ebsht\u00eb shprehur se n\u00eb PS \u00ebsht\u00eb hequr procesi i zgjedhjeve dhe \u00ebsht\u00eb zhdukur gara.<\/span><\/p>\n<p><span style=\"color: #000000;\">E ftuar n\u00eb emisionin \u2018A show\u2019 me Adi Krast\u00ebn n\u00eb News24, Arta Dade tha se Shqip\u00ebria m\u00eb shum\u00eb i ka prishur pun\u00eb Kosov\u00ebs sesa e ka ndihmuar, pasi pika m\u00eb e fort\u00eb e Shqip\u00ebrin\u00eb dikur ka qen\u00eb karta rajonale q\u00eb tashm\u00eb \u00ebsht\u00eb zbehur.<\/span><\/p>\n<p><span style=\"color: #000000;\">\u201cN\u00eb PS \u00ebsht\u00eb hequr procesi i zgjedhjeve dhe \u00ebsht\u00eb zhdukur gara. \u00a0Zgjedhjet nuk i fiton partia. Un\u00eb kam kandiduar me Blushin disa her\u00eb n\u00eb parti. Blushin e sillte Nano, por deri aty. M\u00eb pas fitoja un\u00eb. Partit\u00eb duhet t\u00eb jen\u00eb sa m\u00eb demokratike. Shqip\u00ebria ka pasur pik\u00ebn m\u00eb t\u00eb fort\u00eb kart\u00ebn rajonale, e cila \u00ebsht\u00eb zbehur tashm\u00eb.<\/span><\/p>\n<p><span style=\"color: #000000;\">\u00c7far\u00eb \u00ebsht\u00eb b\u00ebr\u00eb p\u00ebr t\u00eb afruar Shqip\u00ebrin\u00eb me Kosov\u00ebn? M\u00eb shum\u00eb i ka prishur pun\u00eb Kosov\u00ebs. N\u00ebse do kishim nj\u00eb Shqip\u00ebri me prosperitet dhe pa korrupsion, kjo \u00ebsht\u00eb ndihma m\u00eb e madhe q\u00eb i japim Kosov\u00ebs dhe rajonit. \u00cbsht\u00eb p\u00ebr t\u00eb ardhur keq q\u00eb vendi yn\u00eb ka mbetur mbrapa n\u00eb procesin e integrimit\u201d- tha Dade.<\/span><\/p>\n","protected":false,"gt_translate_keys":[{"key":"rendered","format":"html"}]},"excerpt":{"rendered":"<p>Ish deputetja dhe ish ministrja e jashtme, Arta Dade \u00ebsht\u00eb shprehur se n\u00eb PS \u00ebsht\u00eb hequr procesi i zgjedhjeve dhe \u00ebsht\u00eb zhdukur gara. E ftuar n\u00eb emisionin \u2018A show\u2019 me Adi Krast\u00ebn n\u00eb News24, Arta Dade tha se Shqip\u00ebria m\u00eb shum\u00eb i ka prishur pun\u00eb Kosov\u00ebs sesa e ka ndihmuar, pasi pika m\u00eb e fort\u00eb [&hellip;]<\/p>\n","protected":false,"gt_translate_keys":[{"key":"rendered","format":"html"}]},"author":32,"featured_media":265657,"comment_status":"open","ping_status":"open","sticky":false,"template":"","format":"standard","meta":{"footnotes":""},"categories":[65,13],"tags":[],"class_list":["post-265656","post","type-post","status-publish","format-standard","has-post-thumbnail","hentry","category-lajme","category-te-fundit"],"gt_translate_keys":[{"key":"link","format":"url"}],"_links":{"self":[{"href":"https:\/\/www.hashtag.al\/index.php\/wp-json\/wp\/v2\/posts\/265656","targetHints":{"allow":["GET"]}}],"collection":[{"href":"https:\/\/www.hashtag.al\/index.php\/wp-json\/wp\/v2\/posts"}],"about":[{"href":"https:\/\/www.hashtag.al\/index.php\/wp-json\/wp\/v2\/types\/post"}],"author":[{"embeddable":true,"href":"https:\/\/www.hashtag.al\/index.php\/wp-json\/wp\/v2\/users\/32"}],"replies":[{"embeddable":true,"href":"https:\/\/www.hashtag.al\/index.php\/wp-json\/wp\/v2\/comments?post=265656"}],"version-history":[{"count":0,"href":"https:\/\/www.hashtag.al\/index.php\/wp-json\/wp\/v2\/posts\/265656\/revisions"}],"wp:featuredmedia":[{"embeddable":true,"href":"https:\/\/www.hashtag.al\/index.php\/wp-json\/wp\/v2\/media\/265657"}],"wp:attachment":[{"href":"https:\/\/www.hashtag.al\/index.php\/wp-json\/wp\/v2\/media?parent=265656"}],"wp:term":[{"taxonomy":"category","embeddable":true,"href":"https:\/\/www.hashtag.al\/index.php\/wp-json\/wp\/v2\/categories?post=265656"},{"taxonomy":"post_tag","embeddable":true,"href":"https:\/\/www.hashtag.al\/index.php\/wp-json\/wp\/v2\/tags?post=265656"}],"curies":[{"name":"wp","href":"https:\/\/api.w.org\/{rel}","templated":true}]}}