{"id":265621,"date":"2019-01-14T19:41:43","date_gmt":"2019-01-14T18:41:43","guid":{"rendered":"https:\/\/hashtag.al\/?p=265621"},"modified":"2019-01-14T19:41:43","modified_gmt":"2019-01-14T18:41:43","slug":"265621","status":"publish","type":"post","link":"https:\/\/www.hashtag.al\/index.php\/2019\/01\/14\/265621\/","title":{"rendered":"Vasili: Rama pun\u00ebson n\u00eb administrat\u00eb militant\u00ebt e PS-s\u00eb","gt_translate_keys":[{"key":"rendered","format":"text"}]},"content":{"rendered":"<p><img loading=\"lazy\" decoding=\"async\" class=\"alignnone size-full wp-image-259905\" src=\"https:\/\/hashtag.al\/wp-content\/uploads\/2018\/12\/vasili21dhjetor.jpg\" alt=\"\" width=\"2048\" height=\"1386\" srcset=\"https:\/\/www.hashtag.al\/wp-content\/uploads\/2018\/12\/vasili21dhjetor.jpg 2048w, https:\/\/www.hashtag.al\/wp-content\/uploads\/2018\/12\/vasili21dhjetor-300x203.jpg 300w, https:\/\/www.hashtag.al\/wp-content\/uploads\/2018\/12\/vasili21dhjetor-768x520.jpg 768w, https:\/\/www.hashtag.al\/wp-content\/uploads\/2018\/12\/vasili21dhjetor-1024x693.jpg 1024w\" sizes=\"auto, (max-width: 2048px) 100vw, 2048px\" \/><\/p>\n<p><span style=\"color: #000000;\">Pas p\u00ebrgjimeve t\u00eb publikuara nga \u201cZ\u00ebri i Amerik\u00ebs\u201d p\u00ebr ish-drejtorin e Burgjeve, Arben \u00c7ukon ka reaguar edhe L\u00ebvizja Socialiste p\u00ebr Integrim.<\/span><\/p>\n<p><span style=\"color: #000000;\">N\u00eb nj\u00eb konferenc\u00eb p\u00ebr shtyp, kreu i Grupit Parlamentar t\u00eb LS-s\u00eb Petrit Vasili deklaroi se qeveria pun\u00ebson vet\u00ebm an\u00ebtar\u00ebt e Partis\u00eb Socialiste. Vasili u shpreh m\u00eb tej se\u00a0 mashtrimi q\u00eb Edi Rama i b\u00ebri qytetar\u00ebve n\u00eb 2017 ishte nj\u00eb vulgaritet dhe banalitet nga m\u00eb t\u00eb sh\u00ebmtuarit.\u00a0<\/span><\/p>\n<p><span style=\"color: #000000;\">\u201cP\u00ebrgjimet e b\u00ebra publike nga Z\u00ebrit i Amerik\u00ebs, zyra e kryemionistrit ishte ajo q\u00eb b\u00ebnte pun\u00ebsimet deri te ato m\u00eb banalet duke krijuar nj\u00eb kontroll t\u00eb v\u00ebrtet\u00eb policor, i cili mund\u00ebson pun\u00ebsime p\u00ebr vet\u00ebm e vet\u00ebm ata q\u00eb jan\u00eb militant\u00eb t\u00eb PS. E gjith\u00eb d\u00ebngla, farsa mashtrimi q\u00eb Edi Rama i hodhi qytetar\u00ebve n\u00eb 2017 ishte nj\u00eb vulgaritet dhe banalitet nga m\u00eb t\u00eb sh\u00ebmtuarit\u201d, tha kreu i grupit t\u00eb LSI, Petrit Vasili.<\/span><\/p>\n<p><img loading=\"lazy\" decoding=\"async\" class=\"alignnone size-full wp-image-265555\" src=\"https:\/\/hashtag.al\/wp-content\/uploads\/2019\/01\/CUKO.jpg\" alt=\"\" width=\"665\" height=\"450\" srcset=\"https:\/\/www.hashtag.al\/wp-content\/uploads\/2019\/01\/CUKO.jpg 665w, https:\/\/www.hashtag.al\/wp-content\/uploads\/2019\/01\/CUKO-300x203.jpg 300w\" sizes=\"auto, (max-width: 665px) 100vw, 665px\" \/><\/p>\n<p>&nbsp;<\/p>\n","protected":false,"gt_translate_keys":[{"key":"rendered","format":"html"}]},"excerpt":{"rendered":"<p>Pas p\u00ebrgjimeve t\u00eb publikuara nga \u201cZ\u00ebri i Amerik\u00ebs\u201d p\u00ebr ish-drejtorin e Burgjeve, Arben \u00c7ukon ka reaguar edhe L\u00ebvizja Socialiste p\u00ebr Integrim. N\u00eb nj\u00eb konferenc\u00eb p\u00ebr shtyp, kreu i Grupit Parlamentar t\u00eb LS-s\u00eb Petrit Vasili deklaroi se qeveria pun\u00ebson vet\u00ebm an\u00ebtar\u00ebt e Partis\u00eb Socialiste. Vasili u shpreh m\u00eb tej se\u00a0 mashtrimi q\u00eb Edi Rama i b\u00ebri [&hellip;]<\/p>\n","protected":false,"gt_translate_keys":[{"key":"rendered","format":"html"}]},"author":30,"featured_media":245922,"comment_status":"open","ping_status":"open","sticky":false,"template":"","format":"standard","meta":{"footnotes":""},"categories":[65,13],"tags":[],"class_list":["post-265621","post","type-post","status-publish","format-standard","has-post-thumbnail","hentry","category-lajme","category-te-fundit"],"gt_translate_keys":[{"key":"link","format":"url"}],"_links":{"self":[{"href":"https:\/\/www.hashtag.al\/index.php\/wp-json\/wp\/v2\/posts\/265621","targetHints":{"allow":["GET"]}}],"collection":[{"href":"https:\/\/www.hashtag.al\/index.php\/wp-json\/wp\/v2\/posts"}],"about":[{"href":"https:\/\/www.hashtag.al\/index.php\/wp-json\/wp\/v2\/types\/post"}],"author":[{"embeddable":true,"href":"https:\/\/www.hashtag.al\/index.php\/wp-json\/wp\/v2\/users\/30"}],"replies":[{"embeddable":true,"href":"https:\/\/www.hashtag.al\/index.php\/wp-json\/wp\/v2\/comments?post=265621"}],"version-history":[{"count":0,"href":"https:\/\/www.hashtag.al\/index.php\/wp-json\/wp\/v2\/posts\/265621\/revisions"}],"wp:featuredmedia":[{"embeddable":true,"href":"https:\/\/www.hashtag.al\/index.php\/wp-json\/wp\/v2\/media\/245922"}],"wp:attachment":[{"href":"https:\/\/www.hashtag.al\/index.php\/wp-json\/wp\/v2\/media?parent=265621"}],"wp:term":[{"taxonomy":"category","embeddable":true,"href":"https:\/\/www.hashtag.al\/index.php\/wp-json\/wp\/v2\/categories?post=265621"},{"taxonomy":"post_tag","embeddable":true,"href":"https:\/\/www.hashtag.al\/index.php\/wp-json\/wp\/v2\/tags?post=265621"}],"curies":[{"name":"wp","href":"https:\/\/api.w.org\/{rel}","templated":true}]}}