{"id":265589,"date":"2019-01-14T18:38:40","date_gmt":"2019-01-14T17:38:40","guid":{"rendered":"https:\/\/hashtag.al\/?p=265589"},"modified":"2019-01-14T19:00:14","modified_gmt":"2019-01-14T18:00:14","slug":"detaje-nga-atentati-ne-vlore-kush-eshte-i-plagosur-ne-gjendje-te-rende","status":"publish","type":"post","link":"https:\/\/www.hashtag.al\/index.php\/2019\/01\/14\/detaje-nga-atentati-ne-vlore-kush-eshte-i-plagosur-ne-gjendje-te-rende\/","title":{"rendered":"Detaje nga atentati n\u00eb Vlor\u00eb, kush \u00ebsht\u00eb i plagosur n\u00eb gjendje t\u00eb r\u00ebnd\u00eb","gt_translate_keys":[{"key":"rendered","format":"text"}]},"content":{"rendered":"<p><img loading=\"lazy\" decoding=\"async\" class=\"alignnone size-full wp-image-265579\" src=\"https:\/\/hashtag.al\/wp-content\/uploads\/2019\/01\/vlore.jpg\" alt=\"\" width=\"467\" height=\"350\" srcset=\"https:\/\/www.hashtag.al\/wp-content\/uploads\/2019\/01\/vlore.jpg 467w, https:\/\/www.hashtag.al\/wp-content\/uploads\/2019\/01\/vlore-300x225.jpg 300w\" sizes=\"auto, (max-width: 467px) 100vw, 467px\" \/><\/p>\n<p><span style=\"color: #000000;\">Detaje t\u00eb reja kan\u00eb dal\u00eb nga ngjarja n\u00eb Vlor\u00eb, ku pas nj\u00eb bresh\u00ebri plumbash mbi makin\u00ebn tip Audi u plagos 1 person. Ngjarja e r\u00ebnd\u00eb ndodhi n\u00eb\u00a0\u00a0rrug\u00ebn \u2018Gjergj Araniti\u2019, tek lagjia \u2018Pavar\u00ebsia\u2019 n\u00eb k\u00ebt\u00eb qytet.<\/span><\/p>\n<p><span style=\"color: #000000;\">Burime b\u00ebjn\u00eb me dije se i plagosuri \u00ebsht\u00eb nisur me urgjenc\u00eb drejt spitalit. M\u00ebsohet se ai \u00ebsht\u00eb Mikel Mehmeti, 41 vje\u00e7 dhe \u00ebsht\u00eb n\u00eb gjendje t\u00eb r\u00ebnd\u00eb sh\u00ebndet\u00ebsore.<\/span><\/p>\n<p><span style=\"color: #000000;\">Makina Audi A3 ishte n\u00eb ecje n\u00eb momentin e goditjes me arm\u00eb zjarri nga dy persona q\u00eb ishin duke ecur me motor.\u00a0 Policia ndodhet n\u00eb vendngjarje dhe po punohet p\u00ebr zbardhjen e plot\u00eb t\u00eb rrethanave t\u00eb ngjarjes.<\/span><\/p>\n<div class=\"single-news\">\n<div class=\"single_v\">\n<p><img loading=\"lazy\" decoding=\"async\" class=\"alignnone size-full wp-image-265590\" src=\"https:\/\/hashtag.al\/wp-content\/uploads\/2019\/01\/vlore-1.jpg\" alt=\"\" width=\"1280\" height=\"720\" srcset=\"https:\/\/www.hashtag.al\/wp-content\/uploads\/2019\/01\/vlore-1.jpg 1280w, https:\/\/www.hashtag.al\/wp-content\/uploads\/2019\/01\/vlore-1-300x169.jpg 300w, https:\/\/www.hashtag.al\/wp-content\/uploads\/2019\/01\/vlore-1-768x432.jpg 768w, https:\/\/www.hashtag.al\/wp-content\/uploads\/2019\/01\/vlore-1-1024x576.jpg 1024w\" sizes=\"auto, (max-width: 1280px) 100vw, 1280px\" \/><\/p>\n<\/div>\n<\/div>\n<p>&nbsp;<\/p>\n","protected":false,"gt_translate_keys":[{"key":"rendered","format":"html"}]},"excerpt":{"rendered":"<p>Detaje t\u00eb reja kan\u00eb dal\u00eb nga ngjarja n\u00eb Vlor\u00eb, ku pas nj\u00eb bresh\u00ebri plumbash mbi makin\u00ebn tip Audi u plagos 1 person. Ngjarja e r\u00ebnd\u00eb ndodhi n\u00eb\u00a0\u00a0rrug\u00ebn \u2018Gjergj Araniti\u2019, tek lagjia \u2018Pavar\u00ebsia\u2019 n\u00eb k\u00ebt\u00eb qytet. Burime b\u00ebjn\u00eb me dije se i plagosuri \u00ebsht\u00eb nisur me urgjenc\u00eb drejt spitalit. M\u00ebsohet se ai \u00ebsht\u00eb Mikel Mehmeti, 41 [&hellip;]<\/p>\n","protected":false,"gt_translate_keys":[{"key":"rendered","format":"html"}]},"author":30,"featured_media":265579,"comment_status":"open","ping_status":"open","sticky":false,"template":"","format":"standard","meta":{"footnotes":""},"categories":[65,13],"tags":[],"class_list":["post-265589","post","type-post","status-publish","format-standard","has-post-thumbnail","hentry","category-lajme","category-te-fundit"],"gt_translate_keys":[{"key":"link","format":"url"}],"_links":{"self":[{"href":"https:\/\/www.hashtag.al\/index.php\/wp-json\/wp\/v2\/posts\/265589","targetHints":{"allow":["GET"]}}],"collection":[{"href":"https:\/\/www.hashtag.al\/index.php\/wp-json\/wp\/v2\/posts"}],"about":[{"href":"https:\/\/www.hashtag.al\/index.php\/wp-json\/wp\/v2\/types\/post"}],"author":[{"embeddable":true,"href":"https:\/\/www.hashtag.al\/index.php\/wp-json\/wp\/v2\/users\/30"}],"replies":[{"embeddable":true,"href":"https:\/\/www.hashtag.al\/index.php\/wp-json\/wp\/v2\/comments?post=265589"}],"version-history":[{"count":0,"href":"https:\/\/www.hashtag.al\/index.php\/wp-json\/wp\/v2\/posts\/265589\/revisions"}],"wp:featuredmedia":[{"embeddable":true,"href":"https:\/\/www.hashtag.al\/index.php\/wp-json\/wp\/v2\/media\/265579"}],"wp:attachment":[{"href":"https:\/\/www.hashtag.al\/index.php\/wp-json\/wp\/v2\/media?parent=265589"}],"wp:term":[{"taxonomy":"category","embeddable":true,"href":"https:\/\/www.hashtag.al\/index.php\/wp-json\/wp\/v2\/categories?post=265589"},{"taxonomy":"post_tag","embeddable":true,"href":"https:\/\/www.hashtag.al\/index.php\/wp-json\/wp\/v2\/tags?post=265589"}],"curies":[{"name":"wp","href":"https:\/\/api.w.org\/{rel}","templated":true}]}}