{"id":265583,"date":"2019-01-14T18:26:19","date_gmt":"2019-01-14T17:26:19","guid":{"rendered":"https:\/\/hashtag.al\/?p=265583"},"modified":"2019-01-14T18:44:24","modified_gmt":"2019-01-14T17:44:24","slug":"265583","status":"publish","type":"post","link":"https:\/\/www.hashtag.al\/index.php\/2019\/01\/14\/265583\/","title":{"rendered":"Ndalohet nga policia n\u00eb sall\u00ebn e gjyqit prokurori i Gjirokastr\u00ebs","gt_translate_keys":[{"key":"rendered","format":"text"}]},"content":{"rendered":"<p><img loading=\"lazy\" decoding=\"async\" class=\"alignnone size-full wp-image-265585\" src=\"https:\/\/hashtag.al\/wp-content\/uploads\/2019\/01\/gjirokaster.jpg\" alt=\"\" width=\"742\" height=\"405\" srcset=\"https:\/\/www.hashtag.al\/wp-content\/uploads\/2019\/01\/gjirokaster.jpg 742w, https:\/\/www.hashtag.al\/wp-content\/uploads\/2019\/01\/gjirokaster-300x164.jpg 300w\" sizes=\"auto, (max-width: 742px) 100vw, 742px\" \/><\/p>\n<p><span style=\"color: #000000;\">N\u00eb sall\u00ebn e gjyqit n\u00eb Gjirokast\u00ebr \u00ebsht\u00eb ndaluar nga policia prokurori Spartak \u00c7o\u00e7olli. Ndalimi i tij \u00ebsht\u00eb b\u00ebr\u00eb me urdh\u00ebr t\u00eb Prokuroris\u00eb s\u00eb Krimeve t\u00eb R\u00ebnda.\u00a0<\/span><\/p>\n<p><span style=\"color: #000000;\">Ky i fundit \u00ebsht\u00eb me detyr\u00eb prokuror n\u00eb Prokurorin\u00eb e Gjirokastr\u00ebs dhe ai ka kryer vepr\u00ebn penale t\u00eb korrupsionit.\u00a0 Prokurori akuzohej nga nj\u00eb qytetar\u00a0se i kishte marr\u00eb 1 mij\u00eb euro p\u00ebr \u00e7\u00ebshtjen e vajz\u00ebs 17-vje\u00e7are\u00a0e cila ishte ishte rr\u00ebmbyer, por sipas tyre ai nuk ka b\u00ebr\u00eb asgj\u00eb, nd\u00ebrsa nuk ka kthyer parat\u00eb. N\u00eb korrik 2018, n\u00ebna e vajz\u00ebs, p\u00ebrve\u00e7\u00a0ryshfetit, e akuzoi\u00a0prokurorin edhe p\u00ebr dhun\u00eb ndaj saj n\u00eb p\u00ebrfundim t\u00eb seanc\u00ebs gjyq\u00ebsore.<\/span><\/p>\n<p><span style=\"color: #000000;\">Prokurori \u00ebsht\u00eb aktualisht n\u00eb komisariatin e Gjirokastr\u00ebs, ku po kryhen procedurat dhe verifikimet p\u00ebr nj\u00eb rast hetimi.<\/span><\/p>\n","protected":false,"gt_translate_keys":[{"key":"rendered","format":"html"}]},"excerpt":{"rendered":"<p>N\u00eb sall\u00ebn e gjyqit n\u00eb Gjirokast\u00ebr \u00ebsht\u00eb ndaluar nga policia prokurori Spartak \u00c7o\u00e7olli. Ndalimi i tij \u00ebsht\u00eb b\u00ebr\u00eb me urdh\u00ebr t\u00eb Prokuroris\u00eb s\u00eb Krimeve t\u00eb R\u00ebnda.\u00a0 Ky i fundit \u00ebsht\u00eb me detyr\u00eb prokuror n\u00eb Prokurorin\u00eb e Gjirokastr\u00ebs dhe ai ka kryer vepr\u00ebn penale t\u00eb korrupsionit.\u00a0 Prokurori akuzohej nga nj\u00eb qytetar\u00a0se i kishte marr\u00eb 1 mij\u00eb [&hellip;]<\/p>\n","protected":false,"gt_translate_keys":[{"key":"rendered","format":"html"}]},"author":30,"featured_media":265585,"comment_status":"open","ping_status":"open","sticky":false,"template":"","format":"standard","meta":{"footnotes":""},"categories":[65,13],"tags":[],"class_list":["post-265583","post","type-post","status-publish","format-standard","has-post-thumbnail","hentry","category-lajme","category-te-fundit"],"gt_translate_keys":[{"key":"link","format":"url"}],"_links":{"self":[{"href":"https:\/\/www.hashtag.al\/index.php\/wp-json\/wp\/v2\/posts\/265583","targetHints":{"allow":["GET"]}}],"collection":[{"href":"https:\/\/www.hashtag.al\/index.php\/wp-json\/wp\/v2\/posts"}],"about":[{"href":"https:\/\/www.hashtag.al\/index.php\/wp-json\/wp\/v2\/types\/post"}],"author":[{"embeddable":true,"href":"https:\/\/www.hashtag.al\/index.php\/wp-json\/wp\/v2\/users\/30"}],"replies":[{"embeddable":true,"href":"https:\/\/www.hashtag.al\/index.php\/wp-json\/wp\/v2\/comments?post=265583"}],"version-history":[{"count":0,"href":"https:\/\/www.hashtag.al\/index.php\/wp-json\/wp\/v2\/posts\/265583\/revisions"}],"wp:featuredmedia":[{"embeddable":true,"href":"https:\/\/www.hashtag.al\/index.php\/wp-json\/wp\/v2\/media\/265585"}],"wp:attachment":[{"href":"https:\/\/www.hashtag.al\/index.php\/wp-json\/wp\/v2\/media?parent=265583"}],"wp:term":[{"taxonomy":"category","embeddable":true,"href":"https:\/\/www.hashtag.al\/index.php\/wp-json\/wp\/v2\/categories?post=265583"},{"taxonomy":"post_tag","embeddable":true,"href":"https:\/\/www.hashtag.al\/index.php\/wp-json\/wp\/v2\/tags?post=265583"}],"curies":[{"name":"wp","href":"https:\/\/api.w.org\/{rel}","templated":true}]}}