{"id":265566,"date":"2019-01-14T17:33:08","date_gmt":"2019-01-14T16:33:08","guid":{"rendered":"https:\/\/hashtag.al\/?p=265566"},"modified":"2019-01-14T17:33:45","modified_gmt":"2019-01-14T16:33:45","slug":"265566","status":"publish","type":"post","link":"https:\/\/www.hashtag.al\/index.php\/2019\/01\/14\/265566\/","title":{"rendered":"&#8220;Mashtrimi nr.1 i Ram\u00ebs me Paktin p\u00ebr Universitetin&#8221;","gt_translate_keys":[{"key":"rendered","format":"text"}]},"content":{"rendered":"<div class=\"_1dwg _1w_m _q7o\">\n<div>\n<div id=\"js_138\" class=\"_5pbx userContent _3ds9 _3576\" data-ad-preview=\"message\" data-ft=\"{&quot;tn&quot;:&quot;K&quot;}\">\n<div id=\"id_5c3cb89c4af809895787751\" class=\"text_exposed_root text_exposed\">\n<p><img loading=\"lazy\" decoding=\"async\" class=\"alignnone size-full wp-image-254720\" src=\"https:\/\/hashtag.al\/wp-content\/uploads\/2018\/12\/vokshi.jpg\" alt=\"\" width=\"675\" height=\"450\" srcset=\"https:\/\/www.hashtag.al\/wp-content\/uploads\/2018\/12\/vokshi.jpg 675w, https:\/\/www.hashtag.al\/wp-content\/uploads\/2018\/12\/vokshi-300x200.jpg 300w\" sizes=\"auto, (max-width: 675px) 100vw, 675px\" \/><\/p>\n<p><span style=\"color: #000000;\">Deputetja e PD-s\u00eb Albana Vokshi n\u00eb nj\u00eb reagim n\u00eb Facebook \u00ebsht\u00eb shprehur se kryeministri Edi Rama po mashtron student\u00ebt me paktin p\u00ebr universitetin.\u00a0<\/span><\/p>\n<p><span style=\"color: #000000;\">Sipas saj rritja e Buxhetit t\u00eb Arsimit n\u00eb 5% t\u00eb Prodhimit t\u00eb Brendsh\u00ebm Bruto \u00ebsht\u00eb e pamundur pasi jan\u00eb rreth 389 milion\u00eb Euro q\u00eb i mungojn\u00eb buxhetit t\u00eb Arsimit n\u00eb plot\u00ebsim te Kerkes\u00ebs Nr. 1 t\u00eb student\u00ebve.<\/span><\/p>\n<p><span style=\"color: #000000;\"><strong>Reagimi:<\/strong><\/span><\/p>\n<p><span style=\"color: #000000;\">MASHTRIMI Nr. 1 I RAM\u00cbS ME PAKTIN P\u00cbR UNIVERSITETIN K\u00ebrkesa 1 e Student\u00ebve:\u00a0<\/span><br \/>\n<span style=\"color: #000000;\">Rritja e Buxhetit t\u00eb Arsimit n\u00eb 5% t\u00eb Prodhimit t\u00eb Brendsh\u00ebm Bruto (PBB)<\/span><\/p>\n<div class=\"text_exposed_show\">\n<p><span style=\"color: #000000;\">Faktet:<\/span><\/p>\n<p><span style=\"color: #000000;\">&#8211; Buxheti 2019 i Parashikuar p\u00ebr Arsimin: 313 mln EURO<\/span><br \/>\n<span style=\"color: #000000;\">&#8211; Buxheti n\u00eb nivelin 5%, k\u00ebrkuar nga student\u00ebt: 702 mln EURO<\/span><\/p>\n<p><span style=\"color: #000000;\">Jan\u00eb rreth 389 mln EURO q\u00eb i mungojn\u00eb buxhetit t\u00eb Arsimit n\u00eb plot\u00ebsim te Kerkes\u00ebs Nr. 1 t\u00eb student\u00ebve.\u00a0<a class=\"_58cn\" style=\"color: #000000;\" href=\"https:\/\/www.facebook.com\/hashtag\/n%C3%ABmb%C3%ABshtetjet%C3%ABstudent%C3%ABve?source=feed_text&amp;epa=HASHTAG\" data-ft=\"{&quot;type&quot;:104,&quot;tn&quot;:&quot;*N&quot;}\"><span class=\"_5afx\"><span class=\"_58cl _5afz\" aria-label=\"etiketa e thurjes\">#<\/span><span class=\"_58cm\">N\u00ebMb\u00ebshtetjeT\u00ebStudent\u00ebve<\/span><\/span><\/a><\/span><\/p>\n<\/div>\n<\/div>\n<\/div>\n<div class=\"_3x-2\" data-ft=\"{&quot;tn&quot;:&quot;H&quot;}\">\n<div data-ft=\"{&quot;tn&quot;:&quot;H&quot;}\"><span style=\"color: #000000;\">\u00a0<\/span><\/div>\n<\/div>\n<div><\/div>\n<\/div>\n<\/div>\n<div>\n<form id=\"u_ps_fetchstream_8_4_5\" class=\"commentable_item\" action=\"https:\/\/www.facebook.com\/ajax\/ufi\/modify.php\" method=\"post\" data-ft=\"{&quot;tn&quot;:&quot;]&quot;}\">\n<div class=\"_4299\">\n<div class=\"_5vsi\"><\/div>\n<div class=\"_78bu\">\n<div class=\"_68wo\" data-testid=\"fbFeedStoryUFI\/feedbackSummary\">\n<div class=\"_3vum\">\n<div class=\"_66lg\"><\/div>\n<\/div>\n<\/div>\n<\/div>\n<\/div>\n<\/form>\n<\/div>\n","protected":false,"gt_translate_keys":[{"key":"rendered","format":"html"}]},"excerpt":{"rendered":"<p>Deputetja e PD-s\u00eb Albana Vokshi n\u00eb nj\u00eb reagim n\u00eb Facebook \u00ebsht\u00eb shprehur se kryeministri Edi Rama po mashtron student\u00ebt me paktin p\u00ebr universitetin.\u00a0 Sipas saj rritja e Buxhetit t\u00eb Arsimit n\u00eb 5% t\u00eb Prodhimit t\u00eb Brendsh\u00ebm Bruto \u00ebsht\u00eb e pamundur pasi jan\u00eb rreth 389 milion\u00eb Euro q\u00eb i mungojn\u00eb buxhetit t\u00eb Arsimit n\u00eb plot\u00ebsim te [&hellip;]<\/p>\n","protected":false,"gt_translate_keys":[{"key":"rendered","format":"html"}]},"author":30,"featured_media":248941,"comment_status":"open","ping_status":"open","sticky":false,"template":"","format":"standard","meta":{"footnotes":""},"categories":[65,13],"tags":[],"class_list":["post-265566","post","type-post","status-publish","format-standard","has-post-thumbnail","hentry","category-lajme","category-te-fundit"],"gt_translate_keys":[{"key":"link","format":"url"}],"_links":{"self":[{"href":"https:\/\/www.hashtag.al\/index.php\/wp-json\/wp\/v2\/posts\/265566","targetHints":{"allow":["GET"]}}],"collection":[{"href":"https:\/\/www.hashtag.al\/index.php\/wp-json\/wp\/v2\/posts"}],"about":[{"href":"https:\/\/www.hashtag.al\/index.php\/wp-json\/wp\/v2\/types\/post"}],"author":[{"embeddable":true,"href":"https:\/\/www.hashtag.al\/index.php\/wp-json\/wp\/v2\/users\/30"}],"replies":[{"embeddable":true,"href":"https:\/\/www.hashtag.al\/index.php\/wp-json\/wp\/v2\/comments?post=265566"}],"version-history":[{"count":0,"href":"https:\/\/www.hashtag.al\/index.php\/wp-json\/wp\/v2\/posts\/265566\/revisions"}],"wp:featuredmedia":[{"embeddable":true,"href":"https:\/\/www.hashtag.al\/index.php\/wp-json\/wp\/v2\/media\/248941"}],"wp:attachment":[{"href":"https:\/\/www.hashtag.al\/index.php\/wp-json\/wp\/v2\/media?parent=265566"}],"wp:term":[{"taxonomy":"category","embeddable":true,"href":"https:\/\/www.hashtag.al\/index.php\/wp-json\/wp\/v2\/categories?post=265566"},{"taxonomy":"post_tag","embeddable":true,"href":"https:\/\/www.hashtag.al\/index.php\/wp-json\/wp\/v2\/tags?post=265566"}],"curies":[{"name":"wp","href":"https:\/\/api.w.org\/{rel}","templated":true}]}}