{"id":265470,"date":"2019-01-14T12:48:26","date_gmt":"2019-01-14T11:48:26","guid":{"rendered":"https:\/\/hashtag.al\/?p=265470"},"modified":"2019-01-14T13:01:33","modified_gmt":"2019-01-14T12:01:33","slug":"jo-me-shtet-fals-meta-flake-per-flake-rames","status":"publish","type":"post","link":"https:\/\/www.hashtag.al\/index.php\/2019\/01\/14\/jo-me-shtet-fals-meta-flake-per-flake-rames\/","title":{"rendered":"\u201cJo m\u00eb shtet fals\u201d &#8211; Meta flak\u00eb p\u00ebr flak\u00eb Ram\u00ebs","gt_translate_keys":[{"key":"rendered","format":"text"}]},"content":{"rendered":"<p><span style=\"color: #000000;\"><img loading=\"lazy\" decoding=\"async\" class=\"aligncenter size-full wp-image-264456\" src=\"https:\/\/hashtag.al\/wp-content\/uploads\/2019\/01\/metarama10janar-e1547466488942.jpg\" alt=\"\" width=\"2000\" height=\"1000\" srcset=\"https:\/\/www.hashtag.al\/wp-content\/uploads\/2019\/01\/metarama10janar-e1547466488942.jpg 2000w, https:\/\/www.hashtag.al\/wp-content\/uploads\/2019\/01\/metarama10janar-e1547466488942-300x150.jpg 300w, https:\/\/www.hashtag.al\/wp-content\/uploads\/2019\/01\/metarama10janar-e1547466488942-768x384.jpg 768w, https:\/\/www.hashtag.al\/wp-content\/uploads\/2019\/01\/metarama10janar-e1547466488942-1024x512.jpg 1024w\" sizes=\"auto, (max-width: 2000px) 100vw, 2000px\" \/><\/span><\/p>\n<p><span style=\"color: #000000;\">Pas deklarat\u00ebs s\u00eb kryeministrit Rama, se do e mbulonte vet\u00eb postin e ministrit t\u00eb Jasht\u00ebm deri n\u00eb zgjidhjen e ng\u00ebr\u00e7it me kreun e shtetit, presidenti i \u00ebsht\u00eb p\u00ebrgjigjur kreut t\u00eb qeveris\u00eb duke th\u00ebn\u00eb se \u00ebsht\u00eb n\u00eb krye t\u00eb detyr\u00ebs dhe se p\u00ebr t\u00eb, Kushtetuta dhe sunimi i ligjit jan\u00eb t\u00eb parat.<\/span><\/p>\n<p><span style=\"color: #000000;\"><em>\u201cPresidenti n\u00eb krye t\u00eb pun\u00ebs. P\u00ebr Presidentin e para \u00ebsht\u00eb Kushtetuta dhe sundimi i ligjit.\u00a0<\/em><em>NO MORE FAKE STATE. Shqip\u00ebria e para!<\/em><em>\u201d<\/em> &#8211; shkruan Meta n\u00eb faqen e tij n\u00eb \u201cFacebook\u201d.<\/span><\/p>\n<p><span style=\"color: #000000;\">M\u00eb her\u00ebt, pas p\u00ebrfundimit t\u00eb mbledhjes s\u00eb kryesis\u00eb s\u00eb Partis\u00eb Socialiste, kryeministri Rama shkruante n\u00eb faqen e tij n\u00eb \u201cTwitter\u201d se presidenti se ka \u00e7dekretuar ende ministrin e Jasht\u00ebm n\u00eb afatin kushtetues dhe kjo \u00ebsht\u00eb nj\u00eb shkelje q\u00eb do zgjidhet n\u00eb Kushtetuesen e re.<\/span><\/p>\n<p><span style=\"color: #000000;\"><em>\u201cPresidenti s&#8217;e ka \u00e7dekretuar Ministrin e Jasht\u00ebm n\u00eb afatin kushtetues.Shkelje e radh\u00ebs q\u00eb do ta ballafaqojm\u00eb bashk\u00eb me t\u00eb tjerat n\u00eb Gjykat\u00ebn e re Kushtetuese.Deri at\u00eb dit\u00eb q\u00eb vjen shum\u00eb shpejt,do t\u00eb jem de jure n\u00eb k\u00ebt\u00eb rol sepse s&#8217;kemi koh\u00eb p\u00ebr t\u00eb humbur n\u00eb k\u00ebrkim t\u00eb Presidentit.\u201d<\/em> &#8211; shkruante Rama n\u00eb \u201cTwitter\u201d.<\/span><\/p>\n<p><span style=\"color: #000000;\">Kryeministri Rama ka d\u00ebrguar n\u00eb presidenc\u00eb emrin e Ditmir Bushatit, duke k\u00ebrkuar dekretimin e shkarkimit t\u00eb tij si dhe emrin e tij p\u00ebr t\u2019u dekretuar si minist\u00ebr i Jasht\u00ebm, si\u00e7 lajm\u00ebroi m\u00eb her\u00ebt n\u00eb rrjetet sociale. <\/span><\/p>\n<p><span style=\"color: #000000;\">Sulmi i Ram\u00ebs ndaj Met\u00ebs erdhi 4 dit\u00eb m\u00eb par\u00eb pasi presidenti nuk e dekretoi emrin e Gent Cakajt si minist\u00ebr i Jasht\u00ebm i Shqip\u00ebris\u00eb, duke argumentuar munges\u00ebn e p\u00ebrvoj\u00ebs, deklaratat p\u00ebr ndryshimin e kufijve dhe munges\u00ebn e certifikat\u00ebs s\u00eb siguris\u00eb. <em><strong>\/Hashtag.al<\/strong><\/em><\/span><\/p>\n<p><img loading=\"lazy\" decoding=\"async\" class=\"aligncenter size-full wp-image-265441\" src=\"https:\/\/hashtag.al\/wp-content\/uploads\/2019\/01\/cakajbushati.jpg\" alt=\"\" width=\"2000\" height=\"1000\" srcset=\"https:\/\/www.hashtag.al\/wp-content\/uploads\/2019\/01\/cakajbushati.jpg 2000w, https:\/\/www.hashtag.al\/wp-content\/uploads\/2019\/01\/cakajbushati-300x150.jpg 300w, https:\/\/www.hashtag.al\/wp-content\/uploads\/2019\/01\/cakajbushati-768x384.jpg 768w, https:\/\/www.hashtag.al\/wp-content\/uploads\/2019\/01\/cakajbushati-1024x512.jpg 1024w\" sizes=\"auto, (max-width: 2000px) 100vw, 2000px\" \/><\/p>\n","protected":false,"gt_translate_keys":[{"key":"rendered","format":"html"}]},"excerpt":{"rendered":"<p>Pas deklarat\u00ebs s\u00eb kryeministrit Rama, se do e mbulonte vet\u00eb postin e ministrit t\u00eb Jasht\u00ebm deri n\u00eb zgjidhjen e ng\u00ebr\u00e7it me kreun e shtetit, presidenti i \u00ebsht\u00eb p\u00ebrgjigjur kreut t\u00eb qeveris\u00eb duke th\u00ebn\u00eb se \u00ebsht\u00eb n\u00eb krye t\u00eb detyr\u00ebs dhe se p\u00ebr t\u00eb, Kushtetuta dhe sunimi i ligjit jan\u00eb t\u00eb parat. \u201cPresidenti n\u00eb krye t\u00eb [&hellip;]<\/p>\n","protected":false,"gt_translate_keys":[{"key":"rendered","format":"html"}]},"author":51,"featured_media":264456,"comment_status":"open","ping_status":"open","sticky":false,"template":"","format":"standard","meta":{"footnotes":""},"categories":[22,65,13],"tags":[],"class_list":["post-265470","post","type-post","status-publish","format-standard","has-post-thumbnail","hentry","category-ballina","category-lajme","category-te-fundit"],"gt_translate_keys":[{"key":"link","format":"url"}],"_links":{"self":[{"href":"https:\/\/www.hashtag.al\/index.php\/wp-json\/wp\/v2\/posts\/265470","targetHints":{"allow":["GET"]}}],"collection":[{"href":"https:\/\/www.hashtag.al\/index.php\/wp-json\/wp\/v2\/posts"}],"about":[{"href":"https:\/\/www.hashtag.al\/index.php\/wp-json\/wp\/v2\/types\/post"}],"author":[{"embeddable":true,"href":"https:\/\/www.hashtag.al\/index.php\/wp-json\/wp\/v2\/users\/51"}],"replies":[{"embeddable":true,"href":"https:\/\/www.hashtag.al\/index.php\/wp-json\/wp\/v2\/comments?post=265470"}],"version-history":[{"count":0,"href":"https:\/\/www.hashtag.al\/index.php\/wp-json\/wp\/v2\/posts\/265470\/revisions"}],"wp:featuredmedia":[{"embeddable":true,"href":"https:\/\/www.hashtag.al\/index.php\/wp-json\/wp\/v2\/media\/264456"}],"wp:attachment":[{"href":"https:\/\/www.hashtag.al\/index.php\/wp-json\/wp\/v2\/media?parent=265470"}],"wp:term":[{"taxonomy":"category","embeddable":true,"href":"https:\/\/www.hashtag.al\/index.php\/wp-json\/wp\/v2\/categories?post=265470"},{"taxonomy":"post_tag","embeddable":true,"href":"https:\/\/www.hashtag.al\/index.php\/wp-json\/wp\/v2\/tags?post=265470"}],"curies":[{"name":"wp","href":"https:\/\/api.w.org\/{rel}","templated":true}]}}