{"id":265438,"date":"2019-01-14T11:59:27","date_gmt":"2019-01-14T10:59:27","guid":{"rendered":"https:\/\/hashtag.al\/?p=265438"},"modified":"2019-01-14T12:02:20","modified_gmt":"2019-01-14T11:02:20","slug":"neglizhenca-ne-bashkite-e-veliajt-dhe-dakos-humbin-jeten-dy-endacake","status":"publish","type":"post","link":"https:\/\/www.hashtag.al\/index.php\/2019\/01\/14\/neglizhenca-ne-bashkite-e-veliajt-dhe-dakos-humbin-jeten-dy-endacake\/","title":{"rendered":"Neglizhenca n\u00eb bashkit\u00eb e Veliajt dhe Dakos, humbin jet\u00ebn dy endacak\u00eb","gt_translate_keys":[{"key":"rendered","format":"text"}]},"content":{"rendered":"<p>&nbsp;<\/p>\n<p><img loading=\"lazy\" decoding=\"async\" class=\"aligncenter size-full wp-image-265453\" src=\"https:\/\/hashtag.al\/wp-content\/uploads\/2019\/01\/Pastrehe-1.jpg\" alt=\"\" width=\"2000\" height=\"859\" srcset=\"https:\/\/www.hashtag.al\/wp-content\/uploads\/2019\/01\/Pastrehe-1.jpg 2000w, https:\/\/www.hashtag.al\/wp-content\/uploads\/2019\/01\/Pastrehe-1-300x129.jpg 300w, https:\/\/www.hashtag.al\/wp-content\/uploads\/2019\/01\/Pastrehe-1-768x330.jpg 768w, https:\/\/www.hashtag.al\/wp-content\/uploads\/2019\/01\/Pastrehe-1-1024x440.jpg 1024w\" sizes=\"auto, (max-width: 2000px) 100vw, 2000px\" \/><\/p>\n<p><span style=\"color: #000000;\">Dy endacak\u00eb kan\u00eb humbur jet\u00ebn nga i ftohti q\u00eb ka kapluar vendin prej dit\u00ebsh.\u00a0Por pavar\u00ebsisht vdekjes s\u00eb t\u00eb pakt\u00ebn dy t\u00eb pastreh\u00ebve nga i ftohti, bashkit\u00eb n\u00eb vend nuk jan\u00eb organizuar p\u00ebr t&#8217;i strehuar k\u00ebt\u00eb kategori t\u00eb popullsis\u00eb q\u00eb jeton pa nj\u00eb \u00e7ati mbi kok\u00eb.<\/span><\/p>\n<p><span style=\"color: #000000;\">Kryebashkiaku i Tiran\u00ebs Erion Veliaj, e nisi janarin duke shprehur angazhimin e qendrave sociale n\u00eb var\u00ebsi t\u00eb bashkis\u00eb, p\u00ebr t\u00eb strehuar personat q\u00eb enden n\u00eb rrug\u00eb p\u00ebr shkak t\u00eb t\u00eb ftohtit.\u00a0<\/span><span style=\"color: #000000;\">Njoftimi i pes\u00eb janarit i bashkis\u00eb ishte shoq\u00ebruar edhe me fotot e Abazit, nj\u00eb i moshuar i cili ishte n\u00eb situat\u00eb rruge dhe i braktisur nga familja e tij.<\/span><\/p>\n<p><span style=\"color: #000000;\">Sipas njoftimit t\u00eb bashkis\u00eb, tashm\u00eb Abazi kishte nj\u00eb streh\u00eb t\u00eb ngroht\u00eb nd\u00ebrkoh\u00eb q\u00eb ishte n\u00ebn kujdesin e vazhduesh\u00ebm t\u00eb punonj\u00ebsve social t\u00eb Bashkis\u00eb s\u00eb Tiran\u00ebs.<\/span><\/p>\n<p><span style=\"color: #000000;\"><img loading=\"lazy\" decoding=\"async\" class=\"aligncenter size-full wp-image-265449\" src=\"https:\/\/hashtag.al\/wp-content\/uploads\/2019\/01\/abazi.jpg\" alt=\"\" width=\"633\" height=\"347\" srcset=\"https:\/\/www.hashtag.al\/wp-content\/uploads\/2019\/01\/abazi.jpg 633w, https:\/\/www.hashtag.al\/wp-content\/uploads\/2019\/01\/abazi-300x164.jpg 300w\" sizes=\"auto, (max-width: 633px) 100vw, 633px\" \/><\/span><\/p>\n<p><span style=\"color: #000000;\">M\u00eb tet\u00eb janar, Bashkia e Tiran\u00ebs, me mb\u00ebshtetjen e Komitetit Drejtues t\u00eb Projekteve IADSA, \u00e7eli streh\u00ebn e re, e cila ofron ndihm\u00ebn e par\u00eb p\u00ebr njer\u00ebzit e rrug\u00ebs me veshmbathje, ushqim dhe nj\u00eb shtrat p\u00ebr t\u00eb kaluar nat\u00ebn.\u00a0Madje vet\u00eb Veliaj dhe ambasadori i Italis\u00eb, Aberto Cutillo, vizituan mjediset e streh\u00ebz\u00ebs s\u00eb re.<\/span><\/p>\n<p><span style=\"color: #000000;\">Dy dit\u00eb m\u00eb von\u00eb Veliaj b\u00ebri edhe nj\u00eb postim n\u00eb rrjetet sociale, mbi gatishm\u00ebrin\u00eb e bashkis\u00eb p\u00ebr t\u00eb strehuar njer\u00ebzit n\u00eb rrug\u00eb.\u00a0<\/span><\/p>\n<p><span style=\"color: #000000;\"><img loading=\"lazy\" decoding=\"async\" class=\"aligncenter size-full wp-image-265450\" src=\"https:\/\/hashtag.al\/wp-content\/uploads\/2019\/01\/VELIAJ-1.png\" alt=\"\" width=\"510\" height=\"670\" srcset=\"https:\/\/www.hashtag.al\/wp-content\/uploads\/2019\/01\/VELIAJ-1.png 510w, https:\/\/www.hashtag.al\/wp-content\/uploads\/2019\/01\/VELIAJ-1-228x300.png 228w\" sizes=\"auto, (max-width: 510px) 100vw, 510px\" \/><\/span><\/p>\n<p><span style=\"color: #000000;\">Por n\u00eb kulm t\u00eb t\u00eb ftohtit t\u00eb madh, nj\u00eb i pastreh\u00eb duket se i paska shp\u00ebtuar mbik\u00ebqyrjes s\u00eb bashkis\u00eb. E po ashtu edhe shum\u00eb t\u00eb pastreh\u00eb t\u00eb tjer\u00eb vazhdojn\u00eb rrug\u00ebve n\u00eb kryeqytet. Por Veliaj nuk ka reaguar p\u00ebr vdekjen e endacakut n\u00eb Tiran\u00eb, fare pran\u00eb QSUT-s\u00eb.\u00a0<\/span><\/p>\n<p><span style=\"color: #000000;\">Nd\u00ebrkoh\u00eb bashkia e Durr\u00ebsit, t\u00eb drejtuar nga Vangjush Dako, nuk ka sqaruar fare qytetar\u00ebt dhe median p\u00ebr situat\u00ebn e t\u00eb pastreh\u00ebve dhe sot u raportua vdekja e par\u00eb nga i ftohti n\u00eb qytet.<\/span><\/p>\n<p><span style=\"color: #000000;\">Vet\u00ebm gjat\u00eb janarit, deri m\u00eb tani jan\u00eb raportuar plot kat\u00ebr raste, q\u00eb dyshohet se i ftohti \u00ebsht\u00eb b\u00ebr\u00eb shkak p\u00ebr ndarjen nga jeta.<\/span><\/p>\n<p><span style=\"color: #000000;\"><strong>Rasti i par\u00eb<\/strong> ka ndodhur n\u00eb qarkun e Kor\u00e7\u00ebs, ku temperaturat n\u00eb dit\u00ebt e para t\u00eb muajit kan\u00eb shkuar deri n\u00eb -13 grad\u00eb.<\/span><\/p>\n<p><span style=\"color: #000000;\">M\u00eb 5 janar, 53-vje\u00e7ari Jani Poda nga fshati Ravokik, ka qen\u00eb shkuar me bi\u00e7iklet\u00eb n\u00eb vendin e tij t\u00eb pun\u00ebs, nj\u00eb fabrik\u00eb k\u00ebpuc\u00ebsh dhe mendohet se \u00ebsht\u00eb p\u00ebrplasur pa jet\u00eb n\u00eb tok\u00eb. Ai ka r\u00ebn\u00eb n\u00eb nj\u00eb kanal por n\u00eb trup nuk ka patur l\u00ebndime t\u00eb r\u00ebnda. P\u00ebr k\u00ebt\u00eb arsye dyshohet se ai ka p\u00ebsuar nj\u00eb atak kardiak nga i ftohti.<\/span><\/p>\n<p><span style=\"color: #000000;\"><strong>Rasti i dyt\u00eb<\/strong> \u00ebsht\u00eb sh\u00ebnuar n\u00eb kryeqytet. Mbr\u00ebmjen e 12 janarit, 68 vje\u00e7ari i pastreh\u00eb, Hasan Hykja, \u00ebsht\u00eb gjetur i pajet\u00eb vet\u00ebm pak metra larg QSUT-s\u00eb. Rasti \u00ebsht\u00eb denoncuar fillimisht nga z\u00ebdh\u00ebn\u00ebsja e Partis\u00eb Demokratike, Ina Zhupa, e cila ka publikuar edhe nj\u00eb video nga vendngjarja. Sipas saj, Hykja u nda nga jeta n\u00eb t\u00eb ftoht\u00eb pasi qendrat sociale nuk e pranonin sepse kishte k\u00ebmb\u00ebn e s\u00ebmur\u00eb diabetike.<\/span><\/p>\n<div style=\"width: 226px;\" class=\"wp-video\"><video class=\"wp-video-shortcode\" id=\"video-265438-1\" width=\"226\" height=\"400\" preload=\"metadata\" controls=\"controls\"><source type=\"video\/mp4\" src=\"https:\/\/hashtag.al\/wp-content\/uploads\/2019\/01\/Hykja-1.mp4?_=1\" \/><a href=\"https:\/\/hashtag.al\/wp-content\/uploads\/2019\/01\/Hykja-1.mp4\">https:\/\/hashtag.al\/wp-content\/uploads\/2019\/01\/Hykja-1.mp4<\/a><\/video><\/div>\n<p><span style=\"color: #000000;\"><strong>Rasti i tret\u00eb<\/strong> \u00ebsht\u00eb sh\u00ebnuar n\u00eb qytetin e Durr\u00ebsit, ku sot fare pran\u00eb portit \u00ebsht\u00eb gjetur i pajet\u00eb nj\u00eb tjet\u00ebr i pastreh\u00eb.<\/span><\/p>\n<p><span style=\"color: #000000;\">Viktor Dhima, quhet personi i pastreh\u00eb i cili kishte dit\u00eb q\u00eb kishte nd\u00ebrruar jet\u00eb dhe trupi i tij \u00ebsht\u00eb gjetur i dekompozuar.\u00a0V\u00ebllai i viktim\u00ebs kishte dit\u00eb q\u00eb e k\u00ebrkonte, por nuk e gjente dot.\u00a0<\/span><\/p>\n<p><span style=\"color: #000000;\"><strong>Rasti i fundit dhe i kat\u00ebrt<\/strong> ka ndodhur s\u00ebrish n\u00eb qarkun e Kor\u00e7\u00ebs, n\u00eb fshatin Proptisht n\u00eb Pogradec.<\/span><\/p>\n<p><span style=\"color: #000000;\">Ajet Zikollarin, 53-vje\u00e7, i cili kishte shkuar p\u00ebr t\u00eb marr\u00eb ushqime me gomar. Zikollari nga fshati Selc\u00eb e Sip\u00ebrme kishte shkuar me gomar t\u00eb merrte ushqime n\u00eb \u00a0fshatin Proptisht, mir\u00ebpo nuk \u00ebsht\u00eb kthyer m\u00eb n\u00eb banes\u00eb pasi kishte ngrir\u00eb \u00a0n\u00eb bor\u00eb.<\/span><\/p>\n<p><span style=\"color: #000000;\">Gomari kishte mb\u00ebrritur n\u00eb banes\u00eb pa t\u00eb zotin dhe k\u00ebtu kan\u00eb nisur dyshimet e familjar\u00ebve t\u00eb cil\u00ebt u vun\u00eb n\u00eb k\u00ebrkim t\u00eb 53-vje\u00e7arit dhe e kan\u00eb gjetur trupin e tij t\u00eb ngrir\u00eb n\u00eb bor\u00eb.<\/span><\/p>\n<p><span style=\"color: #000000;\">Banor\u00ebt e k\u00ebsaj zone prej disa kan\u00eb b\u00ebr\u00eb apel p\u00ebr ndihm\u00eb p\u00ebr ushqime edhe ila\u00e7e, por ende askush nuk ka marr\u00eb masa. Edhe pse policia nuk ka dh\u00ebn\u00eb ende asnj\u00eb informacion, ngjarja \u00ebsht\u00eb pranuar nga administratori i zon\u00ebs \u00a0Safet Doce, nj\u00ebsia \u00a0administrative Trebinj\u00eb. Ky rast tregon situat\u00ebn e v\u00ebshtir\u00eb q\u00eb po kalojn\u00eb banor\u00ebt n\u00eb fshatrat e bllokuar nga d\u00ebbora.<strong>\u00a0\/Hashtag.al<\/strong><\/span><\/p>\n","protected":false,"gt_translate_keys":[{"key":"rendered","format":"html"}]},"excerpt":{"rendered":"<p>&nbsp; Dy endacak\u00eb kan\u00eb humbur jet\u00ebn nga i ftohti q\u00eb ka kapluar vendin prej dit\u00ebsh.\u00a0Por pavar\u00ebsisht vdekjes s\u00eb t\u00eb pakt\u00ebn dy t\u00eb pastreh\u00ebve nga i ftohti, bashkit\u00eb n\u00eb vend nuk jan\u00eb organizuar p\u00ebr t&#8217;i strehuar k\u00ebt\u00eb kategori t\u00eb popullsis\u00eb q\u00eb jeton pa nj\u00eb \u00e7ati mbi kok\u00eb. Kryebashkiaku i Tiran\u00ebs Erion Veliaj, e nisi janarin duke [&hellip;]<\/p>\n","protected":false,"gt_translate_keys":[{"key":"rendered","format":"html"}]},"author":30,"featured_media":265452,"comment_status":"open","ping_status":"open","sticky":false,"template":"","format":"standard","meta":{"footnotes":""},"categories":[22,65,13],"tags":[],"class_list":["post-265438","post","type-post","status-publish","format-standard","has-post-thumbnail","hentry","category-ballina","category-lajme","category-te-fundit"],"gt_translate_keys":[{"key":"link","format":"url"}],"_links":{"self":[{"href":"https:\/\/www.hashtag.al\/index.php\/wp-json\/wp\/v2\/posts\/265438","targetHints":{"allow":["GET"]}}],"collection":[{"href":"https:\/\/www.hashtag.al\/index.php\/wp-json\/wp\/v2\/posts"}],"about":[{"href":"https:\/\/www.hashtag.al\/index.php\/wp-json\/wp\/v2\/types\/post"}],"author":[{"embeddable":true,"href":"https:\/\/www.hashtag.al\/index.php\/wp-json\/wp\/v2\/users\/30"}],"replies":[{"embeddable":true,"href":"https:\/\/www.hashtag.al\/index.php\/wp-json\/wp\/v2\/comments?post=265438"}],"version-history":[{"count":0,"href":"https:\/\/www.hashtag.al\/index.php\/wp-json\/wp\/v2\/posts\/265438\/revisions"}],"wp:featuredmedia":[{"embeddable":true,"href":"https:\/\/www.hashtag.al\/index.php\/wp-json\/wp\/v2\/media\/265452"}],"wp:attachment":[{"href":"https:\/\/www.hashtag.al\/index.php\/wp-json\/wp\/v2\/media?parent=265438"}],"wp:term":[{"taxonomy":"category","embeddable":true,"href":"https:\/\/www.hashtag.al\/index.php\/wp-json\/wp\/v2\/categories?post=265438"},{"taxonomy":"post_tag","embeddable":true,"href":"https:\/\/www.hashtag.al\/index.php\/wp-json\/wp\/v2\/tags?post=265438"}],"curies":[{"name":"wp","href":"https:\/\/api.w.org\/{rel}","templated":true}]}}