{"id":265437,"date":"2019-01-14T11:31:07","date_gmt":"2019-01-14T10:31:07","guid":{"rendered":"https:\/\/hashtag.al\/?p=265437"},"modified":"2019-01-14T12:10:48","modified_gmt":"2019-01-14T11:10:48","slug":"edi-rama-minister-i-jashtem-do-jem-une","status":"publish","type":"post","link":"https:\/\/www.hashtag.al\/index.php\/2019\/01\/14\/edi-rama-minister-i-jashtem-do-jem-une\/","title":{"rendered":"Edi Rama: Minist\u00ebr i Jasht\u00ebm do jem un\u00eb!","gt_translate_keys":[{"key":"rendered","format":"text"}]},"content":{"rendered":"<p><span style=\"color: #000000;\"><img loading=\"lazy\" decoding=\"async\" class=\"aligncenter size-full wp-image-265439\" src=\"https:\/\/hashtag.al\/wp-content\/uploads\/2019\/01\/rama-bushati-1.jpg\" alt=\"\" width=\"960\" height=\"639\" srcset=\"https:\/\/www.hashtag.al\/wp-content\/uploads\/2019\/01\/rama-bushati-1.jpg 960w, https:\/\/www.hashtag.al\/wp-content\/uploads\/2019\/01\/rama-bushati-1-300x200.jpg 300w, https:\/\/www.hashtag.al\/wp-content\/uploads\/2019\/01\/rama-bushati-1-768x511.jpg 768w\" sizes=\"auto, (max-width: 960px) 100vw, 960px\" \/><\/span><\/p>\n<p><span style=\"color: #000000;\">Kryeministri Edi Rama do jet\u00eb minist\u00ebr i Jasht\u00ebm i Shqip\u00ebris\u00eb deri n\u00eb zgjidhjen e \u00e7\u00ebshtjes n\u00eb gjykat\u00ebn e re Kushtetuese. <\/span><\/p>\n<p><span style=\"color: #000000;\">Kreu i qeveris\u00eb e ka njoftuar k\u00ebt\u00eb me an\u00eb t\u00eb nj\u00eb postimi n\u00eb \u201cTwitter\u201d ku thot\u00eb se deri n\u00eb formimin e Kushtetueses, do e mbaj\u00eb ai postin e ministrit t\u00eb Jasht\u00ebm.<\/span><\/p>\n<p><span style=\"color: #000000;\"><em>\u201cPresidenti s&#8217;e ka \u00e7dekretuar Ministrin e Jasht\u00ebm n\u00eb afatin kushtetues.\u00a0<\/em><\/span><span style=\"color: #000000;\"><em>Shkelje e radh\u00ebs q\u00eb do ta ballafaqojm\u00eb bashk\u00eb me t\u00eb tjerat n\u00eb Gjykat\u00ebn e re Kushtetuese. Deri at\u00eb dit\u00eb q\u00eb vjen shum\u00eb shpejt,do t\u00eb jem de jure n\u00eb k\u00ebt\u00eb rol sepse s&#8217;kemi koh\u00eb p\u00ebr t\u00eb humbur n\u00eb k\u00ebrkim t\u00eb Presidentit.\u201d<\/em> &#8211; shkruan Rama.<\/span><\/p>\n<p><span style=\"color: #000000;\">Ky vendim \u00ebsht\u00eb marr\u00eb n\u00eb mbledhjen e sotme t\u00eb kryesis\u00eb s\u00eb Partis\u00eb Socialiste, pas ng\u00ebr\u00e7it Rama-Meta p\u00ebr ndryshimin e ministrit t\u00eb Jasht\u00ebm. <\/span><\/p>\n<p><span style=\"color: #000000;\">Partia Socialiste ka vendosur ta \u00e7oj\u00eb k\u00ebt\u00eb \u00e7\u00ebshtje n\u00eb Gjykat\u00ebn Kushtetuese, si\u00e7 lajm\u00ebroi pak dit\u00eb m\u00eb par\u00eb me an\u00eb t\u00eb nj\u00eb postimi n\u00eb \u201cTwitter\u201d. <\/span><\/p>\n<p><span style=\"color: #000000;\">Rama do q\u00ebndroj\u00eb minist\u00ebr deri n\u00eb zgjidhjen e \u00e7\u00ebshtjes n\u00eb Kushtetuese, nd\u00ebrsa ndryshimet n\u00eb kabinet do votohen n\u00eb bllok nga ana e socialist\u00ebve.<\/span><\/p>\n<p><span style=\"color: #000000;\">P\u00ebrve\u00e7 ndryshimeve n\u00eb qeveri, n\u00eb mbledhjen e PS-s\u00eb \u00ebsht\u00eb diskutuar edhe organizmi i socialist\u00ebve n\u00eb zgjedhjet lokale t\u00eb qershorit 2019.<\/span><\/p>\n<p><span style=\"color: #000000;\">Para 4 dit\u00ebsh, presidenti Meta e ktheu mbrapsht emrin e Gent Cakajt, i propozuar si minist\u00ebr i Jasht\u00ebm prej kreut t\u00eb qeveris\u00eb. <\/span><\/p>\n<p><span style=\"color: #000000;\">N\u00eb argumentet e tij, kreu i shtetit theksonte munges\u00ebn e p\u00ebrvoj\u00ebs, deklaratat e rrezikshme p\u00ebr ndryshimin e kufijve n\u00eb Ballkanin per\u00ebndimor si dhe munges\u00ebn e certifikat\u00ebs s\u00eb siguris\u00eb s\u00eb Cakajt. <\/span><\/p>\n<p><span style=\"color: #000000;\">Pas k\u00ebsaj, kryeministri Rama nisi nj\u00eb sulm n\u00eb rrjetet sociale dhe n\u00eb mediat televizive ndaj vendimit t\u00eb Met\u00ebs. Nuk mungoi n\u00eb k\u00ebt\u00eb sulm edhe gazetari Baton Haxhiu, i cili i k\u00ebrkoi Met\u00ebs t\u00eb miratonte emrin e Cakajt si minist\u00ebr dhe t\u00eb mos e b\u00ebnte gabimin historik duke mos e dekretuar at\u00eb.<\/span><\/p>\n<p><span style=\"color: #000000;\">Ky i fundit ka nj\u00eb master t\u00eb marr\u00eb n\u00eb Universitetin e Evrop\u00ebs Qendrore n\u00eb Budapest dhe nj\u00eb tjet\u00ebr t\u00eb marr\u00eb n\u00eb Belgjik\u00eb, nd\u00ebrsa nuk ka asnj\u00eb p\u00ebrvoj\u00eb profesionale dhe puna e para e tij \u00ebsht\u00eb ajo e zv.ministrit t\u00eb Jasht\u00ebm t\u00eb Shqip\u00ebris\u00eb. <strong><em>\/Hashtag.al<\/em><\/strong><\/span><\/p>\n<p><span style=\"color: #000000;\"><img loading=\"lazy\" decoding=\"async\" class=\"aligncenter size-full wp-image-265442\" src=\"https:\/\/hashtag.al\/wp-content\/uploads\/2019\/01\/rama-Cakaj.jpg\" alt=\"\" width=\"900\" height=\"690\" srcset=\"https:\/\/www.hashtag.al\/wp-content\/uploads\/2019\/01\/rama-Cakaj.jpg 900w, https:\/\/www.hashtag.al\/wp-content\/uploads\/2019\/01\/rama-Cakaj-300x230.jpg 300w, https:\/\/www.hashtag.al\/wp-content\/uploads\/2019\/01\/rama-Cakaj-768x589.jpg 768w\" sizes=\"auto, (max-width: 900px) 100vw, 900px\" \/><\/span><\/p>\n","protected":false,"gt_translate_keys":[{"key":"rendered","format":"html"}]},"excerpt":{"rendered":"<p>Kryeministri Edi Rama do jet\u00eb minist\u00ebr i Jasht\u00ebm i Shqip\u00ebris\u00eb deri n\u00eb zgjidhjen e \u00e7\u00ebshtjes n\u00eb gjykat\u00ebn e re Kushtetuese. Kreu i qeveris\u00eb e ka njoftuar k\u00ebt\u00eb me an\u00eb t\u00eb nj\u00eb postimi n\u00eb \u201cTwitter\u201d ku thot\u00eb se deri n\u00eb formimin e Kushtetueses, do e mbaj\u00eb ai postin e ministrit t\u00eb Jasht\u00ebm. \u201cPresidenti s&#8217;e ka \u00e7dekretuar [&hellip;]<\/p>\n","protected":false,"gt_translate_keys":[{"key":"rendered","format":"html"}]},"author":51,"featured_media":265448,"comment_status":"open","ping_status":"open","sticky":false,"template":"","format":"standard","meta":{"footnotes":""},"categories":[22,65,13],"tags":[],"class_list":["post-265437","post","type-post","status-publish","format-standard","has-post-thumbnail","hentry","category-ballina","category-lajme","category-te-fundit"],"gt_translate_keys":[{"key":"link","format":"url"}],"_links":{"self":[{"href":"https:\/\/www.hashtag.al\/index.php\/wp-json\/wp\/v2\/posts\/265437","targetHints":{"allow":["GET"]}}],"collection":[{"href":"https:\/\/www.hashtag.al\/index.php\/wp-json\/wp\/v2\/posts"}],"about":[{"href":"https:\/\/www.hashtag.al\/index.php\/wp-json\/wp\/v2\/types\/post"}],"author":[{"embeddable":true,"href":"https:\/\/www.hashtag.al\/index.php\/wp-json\/wp\/v2\/users\/51"}],"replies":[{"embeddable":true,"href":"https:\/\/www.hashtag.al\/index.php\/wp-json\/wp\/v2\/comments?post=265437"}],"version-history":[{"count":0,"href":"https:\/\/www.hashtag.al\/index.php\/wp-json\/wp\/v2\/posts\/265437\/revisions"}],"wp:featuredmedia":[{"embeddable":true,"href":"https:\/\/www.hashtag.al\/index.php\/wp-json\/wp\/v2\/media\/265448"}],"wp:attachment":[{"href":"https:\/\/www.hashtag.al\/index.php\/wp-json\/wp\/v2\/media?parent=265437"}],"wp:term":[{"taxonomy":"category","embeddable":true,"href":"https:\/\/www.hashtag.al\/index.php\/wp-json\/wp\/v2\/categories?post=265437"},{"taxonomy":"post_tag","embeddable":true,"href":"https:\/\/www.hashtag.al\/index.php\/wp-json\/wp\/v2\/tags?post=265437"}],"curies":[{"name":"wp","href":"https:\/\/api.w.org\/{rel}","templated":true}]}}