{"id":265311,"date":"2019-01-13T20:35:55","date_gmt":"2019-01-13T19:35:55","guid":{"rendered":"https:\/\/hashtag.al\/?p=265311"},"modified":"2019-01-13T20:41:38","modified_gmt":"2019-01-13T19:41:38","slug":"studentet-marrin-vendimin-bojkoti-dhe-ngujimi-do-vijoje-qytetaret-te-na-bashkohen-video","status":"publish","type":"post","link":"https:\/\/www.hashtag.al\/index.php\/2019\/01\/13\/studentet-marrin-vendimin-bojkoti-dhe-ngujimi-do-vijoje-qytetaret-te-na-bashkohen-video\/","title":{"rendered":"Student\u00ebt marrin vendimin: Bojkoti dhe ngujimi do vijoj\u00eb, qytetar\u00ebt t\u00eb na bashkohen (Video)","gt_translate_keys":[{"key":"rendered","format":"text"}]},"content":{"rendered":"<div style=\"width: 1170px;\" class=\"wp-video\"><video class=\"wp-video-shortcode\" id=\"video-265311-1\" width=\"1170\" height=\"658\" preload=\"metadata\" controls=\"controls\"><source type=\"video\/mp4\" src=\"https:\/\/hashtag.al\/wp-content\/uploads\/2019\/01\/Studentetproteste.mp4?_=1\" \/><a href=\"https:\/\/hashtag.al\/wp-content\/uploads\/2019\/01\/Studentetproteste.mp4\">https:\/\/hashtag.al\/wp-content\/uploads\/2019\/01\/Studentetproteste.mp4<\/a><\/video><\/div>\n<p><span style=\"color: #000000;\">Pas mbledhjes s\u00eb zhvilluar mbr\u00ebmjen e sotme n\u00eb fakultetin Ekonomik, student\u00ebt kan\u00eb vendosur t\u00eb vijojn\u00eb bojkotin e universiteteve dhe ngujimin brenda tyre. <\/span><\/p>\n<p><span style=\"color: #000000;\">Mbledhja e sotme zgjati disa or\u00eb dhe n\u00eb t\u00eb mor\u00ebn pjes\u00ebn qindra student\u00eb. Student\u00ebt kan\u00eb deklaruar se k\u00ebrkesat e tyre nuk jan\u00eb plot\u00ebsuar dhe kan\u00eb lajm\u00ebruar protest\u00eb pa afat.<\/span><\/p>\n<p><span style=\"color: #000000;\">Protestuesit kan\u00eb deklaruar se do t\u00eb vijojn\u00eb t\u00eb q\u00ebndrojn\u00eb t\u00eb ngujuar brenda fakulteteve dhe u kan\u00eb b\u00ebr\u00eb thirrje qytetar\u00ebve q\u00eb t\u2019u bashkohen.<\/span><\/p>\n<p><span style=\"color: #000000;\"><em>\u201cDo vazhdojm\u00eb bojkotin dhe ngujimin ton\u00eb pa afat, pasi k\u00ebrkesat tona nuk jan\u00eb plot\u00ebsuar. Nes\u00ebr t\u00eb gjith\u00eb duhet t\u00eb na bashkohen n\u00eb protest\u00eb, pasi nuk jan\u00eb plot\u00ebsuar k\u00ebrkesat tona. E kemi par\u00eb q\u00eb kemi mb\u00ebshtetjen e t\u00eb gjith\u00ebve dhe Rama t\u00eb mos guxoj\u00eb t\u00eb c\u00ebnoj\u00eb kauz\u00ebn ton\u00eb. <\/em><\/span><\/p>\n<p><span style=\"color: #000000;\"><em>Ne do shkojm\u00eb t\u00eb ngujohemi tani dhe t\u00eb gjith\u00eb duhet t\u00eb na bashkohen. Nes\u00ebr her\u00ebt n\u00eb m\u00ebngjes prej or\u00ebs 07:00 iu ftojm\u00eb t\u2019i bashkoheni kauz\u00ebs son\u00eb. Student\u00ebt e bashkuar kan\u00eb p\u00ebr t\u00eb fituar.\u201d<\/em> &#8211; kan\u00eb th\u00ebn\u00eb student\u00ebt.<\/span><\/p>\n<p><img loading=\"lazy\" decoding=\"async\" class=\"aligncenter size-full wp-image-265313\" src=\"https:\/\/hashtag.al\/wp-content\/uploads\/2019\/01\/protesta-3.jpg\" alt=\"\" width=\"1097\" height=\"612\" srcset=\"https:\/\/www.hashtag.al\/wp-content\/uploads\/2019\/01\/protesta-3.jpg 1097w, https:\/\/www.hashtag.al\/wp-content\/uploads\/2019\/01\/protesta-3-300x167.jpg 300w, https:\/\/www.hashtag.al\/wp-content\/uploads\/2019\/01\/protesta-3-768x428.jpg 768w, https:\/\/www.hashtag.al\/wp-content\/uploads\/2019\/01\/protesta-3-1024x571.jpg 1024w\" sizes=\"auto, (max-width: 1097px) 100vw, 1097px\" \/><\/p>\n","protected":false,"gt_translate_keys":[{"key":"rendered","format":"html"}]},"excerpt":{"rendered":"<p>Pas mbledhjes s\u00eb zhvilluar mbr\u00ebmjen e sotme n\u00eb fakultetin Ekonomik, student\u00ebt kan\u00eb vendosur t\u00eb vijojn\u00eb bojkotin e universiteteve dhe ngujimin brenda tyre. Mbledhja e sotme zgjati disa or\u00eb dhe n\u00eb t\u00eb mor\u00ebn pjes\u00ebn qindra student\u00eb. Student\u00ebt kan\u00eb deklaruar se k\u00ebrkesat e tyre nuk jan\u00eb plot\u00ebsuar dhe kan\u00eb lajm\u00ebruar protest\u00eb pa afat. Protestuesit kan\u00eb deklaruar se [&hellip;]<\/p>\n","protected":false,"gt_translate_keys":[{"key":"rendered","format":"html"}]},"author":51,"featured_media":265315,"comment_status":"open","ping_status":"open","sticky":false,"template":"","format":"standard","meta":{"footnotes":""},"categories":[65,13],"tags":[],"class_list":["post-265311","post","type-post","status-publish","format-standard","has-post-thumbnail","hentry","category-lajme","category-te-fundit"],"gt_translate_keys":[{"key":"link","format":"url"}],"_links":{"self":[{"href":"https:\/\/www.hashtag.al\/index.php\/wp-json\/wp\/v2\/posts\/265311","targetHints":{"allow":["GET"]}}],"collection":[{"href":"https:\/\/www.hashtag.al\/index.php\/wp-json\/wp\/v2\/posts"}],"about":[{"href":"https:\/\/www.hashtag.al\/index.php\/wp-json\/wp\/v2\/types\/post"}],"author":[{"embeddable":true,"href":"https:\/\/www.hashtag.al\/index.php\/wp-json\/wp\/v2\/users\/51"}],"replies":[{"embeddable":true,"href":"https:\/\/www.hashtag.al\/index.php\/wp-json\/wp\/v2\/comments?post=265311"}],"version-history":[{"count":0,"href":"https:\/\/www.hashtag.al\/index.php\/wp-json\/wp\/v2\/posts\/265311\/revisions"}],"wp:featuredmedia":[{"embeddable":true,"href":"https:\/\/www.hashtag.al\/index.php\/wp-json\/wp\/v2\/media\/265315"}],"wp:attachment":[{"href":"https:\/\/www.hashtag.al\/index.php\/wp-json\/wp\/v2\/media?parent=265311"}],"wp:term":[{"taxonomy":"category","embeddable":true,"href":"https:\/\/www.hashtag.al\/index.php\/wp-json\/wp\/v2\/categories?post=265311"},{"taxonomy":"post_tag","embeddable":true,"href":"https:\/\/www.hashtag.al\/index.php\/wp-json\/wp\/v2\/tags?post=265311"}],"curies":[{"name":"wp","href":"https:\/\/api.w.org\/{rel}","templated":true}]}}