{"id":265306,"date":"2019-01-13T20:13:59","date_gmt":"2019-01-13T19:13:59","guid":{"rendered":"https:\/\/hashtag.al\/?p=265306"},"modified":"2019-01-13T20:19:41","modified_gmt":"2019-01-13T19:19:41","slug":"mesuesit-greke-proteste-ne-athine-kundershtojne-ligjin-e-emerimeve","status":"publish","type":"post","link":"https:\/\/www.hashtag.al\/index.php\/2019\/01\/13\/mesuesit-greke-proteste-ne-athine-kundershtojne-ligjin-e-emerimeve\/","title":{"rendered":"M\u00ebsuesit grek\u00eb protest\u00eb n\u00eb Athin\u00eb, kund\u00ebrshtojn\u00eb ligjin e em\u00ebrimeve","gt_translate_keys":[{"key":"rendered","format":"text"}]},"content":{"rendered":"<p><img loading=\"lazy\" decoding=\"async\" class=\"aligncenter size-full wp-image-265307\" src=\"https:\/\/hashtag.al\/wp-content\/uploads\/2019\/01\/greqi-2.jpg\" alt=\"\" width=\"960\" height=\"600\" srcset=\"https:\/\/www.hashtag.al\/wp-content\/uploads\/2019\/01\/greqi-2.jpg 960w, https:\/\/www.hashtag.al\/wp-content\/uploads\/2019\/01\/greqi-2-300x188.jpg 300w, https:\/\/www.hashtag.al\/wp-content\/uploads\/2019\/01\/greqi-2-768x480.jpg 768w\" sizes=\"auto, (max-width: 960px) 100vw, 960px\" \/><\/p>\n<p><span style=\"color: #000000;\">M\u00ebsuesit grek\u00eb do t\u00eb zhvillojn\u00eb nj\u00eb demonstrat\u00eb t\u00eb h\u00ebn\u00ebn, duke protestuar ndaj nj\u00eb sistemi t\u00eb ri t\u00eb em\u00ebrimit t\u00eb m\u00ebsuesve n\u00eb shkollat \u200b\u200bshtet\u00ebrore, p\u00ebr t\u00eb cilin ata pretendojn\u00eb se \u00ebsht\u00eb i padrejt\u00eb p\u00ebr ata q\u00eb kan\u00eb vite p\u00ebrvoj\u00eb n\u00eb sektorin publik.<\/span><\/p>\n<p><span style=\"color: #000000;\">Sindikata q\u00eb p\u00ebrfaq\u00ebson m\u00ebsuesit e shkollave fillore, e njohur me akronimin e saj DOE, u ka b\u00ebr\u00eb thirrje an\u00ebtar\u00ebve t\u00eb saj t\u00eb b\u00ebjn\u00eb nj\u00eb grev\u00eb 24 or\u00ebshe t\u00eb h\u00ebn\u00ebn, nd\u00ebrsa sindikata e m\u00ebsuesve t\u00eb shkollave t\u00eb mesme OLME, ka b\u00ebr\u00eb thirrje p\u00ebr nj\u00eb largim tre or\u00ebsh, nga ora 11 paradite deri n\u00eb or\u00ebn 2 paradite.<\/span><\/p>\n<p><span style=\"color: #000000;\">T\u00eb dy sindikatat u kan\u00eb b\u00ebr\u00eb thirrje an\u00ebtar\u00ebve dhe mb\u00ebshtet\u00ebsve t\u00eb mblidhen jasht\u00eb Parlamentit p\u00ebr t\u00eb protestuar ndaj legjislacionit t\u00eb ri.<\/span><\/p>\n<p><span style=\"color: #000000;\">Veprimi vjen pas nj\u00eb tubimi t\u00eb premten q\u00eb u kthye i dhunsh\u00ebm kur protestuesit u p\u00ebrlesh\u00ebn me policin\u00eb pran\u00eb Parlamentit.<\/span><\/p>\n<p><span style=\"color: #000000;\">Policia greke urdh\u00ebroi nj\u00eb hetim mbi pretendimet e ushtrimit t\u00eb forc\u00ebs s\u00eb tepruar nga disa oficer\u00eb t\u00eb policis\u00eb, ndaj nj\u00eb deputeti t\u00eb Partis\u00eb Komuniste dhe nj\u00eb unionisti t\u00eb DOE-s q\u00eb u shtruan n\u00eb spital me l\u00ebndime.<\/span><\/p>\n<p><img loading=\"lazy\" decoding=\"async\" class=\"aligncenter size-full wp-image-265308\" src=\"https:\/\/hashtag.al\/wp-content\/uploads\/2019\/01\/greqimesim.jpg\" alt=\"\" width=\"968\" height=\"681\" srcset=\"https:\/\/www.hashtag.al\/wp-content\/uploads\/2019\/01\/greqimesim.jpg 968w, https:\/\/www.hashtag.al\/wp-content\/uploads\/2019\/01\/greqimesim-300x211.jpg 300w, https:\/\/www.hashtag.al\/wp-content\/uploads\/2019\/01\/greqimesim-768x540.jpg 768w\" sizes=\"auto, (max-width: 968px) 100vw, 968px\" \/><\/p>\n","protected":false,"gt_translate_keys":[{"key":"rendered","format":"html"}]},"excerpt":{"rendered":"<p>M\u00ebsuesit grek\u00eb do t\u00eb zhvillojn\u00eb nj\u00eb demonstrat\u00eb t\u00eb h\u00ebn\u00ebn, duke protestuar ndaj nj\u00eb sistemi t\u00eb ri t\u00eb em\u00ebrimit t\u00eb m\u00ebsuesve n\u00eb shkollat \u200b\u200bshtet\u00ebrore, p\u00ebr t\u00eb cilin ata pretendojn\u00eb se \u00ebsht\u00eb i padrejt\u00eb p\u00ebr ata q\u00eb kan\u00eb vite p\u00ebrvoj\u00eb n\u00eb sektorin publik. Sindikata q\u00eb p\u00ebrfaq\u00ebson m\u00ebsuesit e shkollave fillore, e njohur me akronimin e saj DOE, [&hellip;]<\/p>\n","protected":false,"gt_translate_keys":[{"key":"rendered","format":"html"}]},"author":51,"featured_media":265309,"comment_status":"open","ping_status":"open","sticky":false,"template":"","format":"standard","meta":{"footnotes":""},"categories":[149,6],"tags":[],"class_list":["post-265306","post","type-post","status-publish","format-standard","has-post-thumbnail","hentry","category-kosoverajon","category-nderkombetare"],"gt_translate_keys":[{"key":"link","format":"url"}],"_links":{"self":[{"href":"https:\/\/www.hashtag.al\/index.php\/wp-json\/wp\/v2\/posts\/265306","targetHints":{"allow":["GET"]}}],"collection":[{"href":"https:\/\/www.hashtag.al\/index.php\/wp-json\/wp\/v2\/posts"}],"about":[{"href":"https:\/\/www.hashtag.al\/index.php\/wp-json\/wp\/v2\/types\/post"}],"author":[{"embeddable":true,"href":"https:\/\/www.hashtag.al\/index.php\/wp-json\/wp\/v2\/users\/51"}],"replies":[{"embeddable":true,"href":"https:\/\/www.hashtag.al\/index.php\/wp-json\/wp\/v2\/comments?post=265306"}],"version-history":[{"count":0,"href":"https:\/\/www.hashtag.al\/index.php\/wp-json\/wp\/v2\/posts\/265306\/revisions"}],"wp:featuredmedia":[{"embeddable":true,"href":"https:\/\/www.hashtag.al\/index.php\/wp-json\/wp\/v2\/media\/265309"}],"wp:attachment":[{"href":"https:\/\/www.hashtag.al\/index.php\/wp-json\/wp\/v2\/media?parent=265306"}],"wp:term":[{"taxonomy":"category","embeddable":true,"href":"https:\/\/www.hashtag.al\/index.php\/wp-json\/wp\/v2\/categories?post=265306"},{"taxonomy":"post_tag","embeddable":true,"href":"https:\/\/www.hashtag.al\/index.php\/wp-json\/wp\/v2\/tags?post=265306"}],"curies":[{"name":"wp","href":"https:\/\/api.w.org\/{rel}","templated":true}]}}