{"id":265112,"date":"2019-01-12T22:25:47","date_gmt":"2019-01-12T21:25:47","guid":{"rendered":"https:\/\/hashtag.al\/?p=265112"},"modified":"2019-01-12T22:25:47","modified_gmt":"2019-01-12T21:25:47","slug":"italia-hap-debatin-per-legalizimin-e-kanabisit","status":"publish","type":"post","link":"https:\/\/www.hashtag.al\/index.php\/2019\/01\/12\/italia-hap-debatin-per-legalizimin-e-kanabisit\/","title":{"rendered":"Italia hap debatin p\u00ebr legalizimin e kanabisit","gt_translate_keys":[{"key":"rendered","format":"text"}]},"content":{"rendered":"<p><img loading=\"lazy\" decoding=\"async\" class=\"aligncenter size-full wp-image-265113\" src=\"https:\/\/hashtag.al\/wp-content\/uploads\/2019\/01\/cannabis.jpg\" alt=\"\" width=\"840\" height=\"630\" srcset=\"https:\/\/www.hashtag.al\/wp-content\/uploads\/2019\/01\/cannabis.jpg 840w, https:\/\/www.hashtag.al\/wp-content\/uploads\/2019\/01\/cannabis-300x225.jpg 300w, https:\/\/www.hashtag.al\/wp-content\/uploads\/2019\/01\/cannabis-768x576.jpg 768w\" sizes=\"auto, (max-width: 840px) 100vw, 840px\" \/><\/p>\n<p><span style=\"color: #000000;\">N\u00eb Itali \u00ebsht\u00eb hapur nj\u00eb debat p\u00ebr legalizimin e kanabisit. Debati ka p\u00ebrfshir\u00eb kryesisht partit\u00eb e koalicionit qeveris\u00ebs.<\/span><\/p>\n<p><span style=\"color: #000000;\">N\u00eb Parlamentit italian, p\u00ebrfaq\u00ebsues t\u00eb \u201cL\u00ebvizjes 5 Yjet\u201d kan\u00eb depozituar nj\u00eb draft-propozim n\u00eb t\u00eb cilin jan\u00eb p\u00ebrcaktuar edhe parashikimet ligjore.<\/span><\/p>\n<p><span style=\"color: #000000;\">Sipas propozimit, n\u00eb nj\u00eb banes\u00eb mund t\u00eb kultivohen vet\u00ebm tre bim\u00eb kanabisi, dhe mbajta e 15 gram kanabis i that\u00eb n\u00eb sht\u00ebpi dhe 5 gram\u00eb n\u00eb rrug\u00eb.<\/span><\/p>\n<p><span style=\"color: #000000;\">Ka edhe nj\u00eb draft t\u00eb dyt\u00eb ku autorizohet kultivimi i 4 bim\u00ebve kanabis n\u00eb banes\u00eb, nj\u00eb prej t\u00eb cilave t\u00eb jet\u00eb me q\u00ebllim terapeutik, nd\u00ebrsa 3 t\u00eb tjerat rekreative, transmeton KP.<\/span><br \/>\n<span style=\"color: #000000;\"> Kund\u00ebr k\u00ebsaj ideje ka dal\u00eb ministri i Brendsh\u00ebm, Mateo Salvini.<\/span><\/p>\n<p><span style=\"color: #000000;\">&#8220;Propozimi p\u00ebr legalizimin e kanabisit nuk do t\u00eb kaloj kurr\u00eb n\u00eb parlamentin italian, pasi nuk \u00ebsht\u00eb n\u00eb kontrant\u00ebn qeveris\u00ebse q\u00eb kemi n\u00ebnshkruar me 5 Yjet&#8221;, ka deklaruar ai.<\/span><\/p>\n<p>&nbsp;<\/p>\n","protected":false,"gt_translate_keys":[{"key":"rendered","format":"html"}]},"excerpt":{"rendered":"<p>N\u00eb Itali \u00ebsht\u00eb hapur nj\u00eb debat p\u00ebr legalizimin e kanabisit. Debati ka p\u00ebrfshir\u00eb kryesisht partit\u00eb e koalicionit qeveris\u00ebs. N\u00eb Parlamentit italian, p\u00ebrfaq\u00ebsues t\u00eb \u201cL\u00ebvizjes 5 Yjet\u201d kan\u00eb depozituar nj\u00eb draft-propozim n\u00eb t\u00eb cilin jan\u00eb p\u00ebrcaktuar edhe parashikimet ligjore. Sipas propozimit, n\u00eb nj\u00eb banes\u00eb mund t\u00eb kultivohen vet\u00ebm tre bim\u00eb kanabisi, dhe mbajta e 15 gram [&hellip;]<\/p>\n","protected":false,"gt_translate_keys":[{"key":"rendered","format":"html"}]},"author":32,"featured_media":265113,"comment_status":"open","ping_status":"open","sticky":false,"template":"","format":"standard","meta":{"footnotes":""},"categories":[6,13],"tags":[],"class_list":["post-265112","post","type-post","status-publish","format-standard","has-post-thumbnail","hentry","category-nderkombetare","category-te-fundit"],"gt_translate_keys":[{"key":"link","format":"url"}],"_links":{"self":[{"href":"https:\/\/www.hashtag.al\/index.php\/wp-json\/wp\/v2\/posts\/265112","targetHints":{"allow":["GET"]}}],"collection":[{"href":"https:\/\/www.hashtag.al\/index.php\/wp-json\/wp\/v2\/posts"}],"about":[{"href":"https:\/\/www.hashtag.al\/index.php\/wp-json\/wp\/v2\/types\/post"}],"author":[{"embeddable":true,"href":"https:\/\/www.hashtag.al\/index.php\/wp-json\/wp\/v2\/users\/32"}],"replies":[{"embeddable":true,"href":"https:\/\/www.hashtag.al\/index.php\/wp-json\/wp\/v2\/comments?post=265112"}],"version-history":[{"count":0,"href":"https:\/\/www.hashtag.al\/index.php\/wp-json\/wp\/v2\/posts\/265112\/revisions"}],"wp:featuredmedia":[{"embeddable":true,"href":"https:\/\/www.hashtag.al\/index.php\/wp-json\/wp\/v2\/media\/265113"}],"wp:attachment":[{"href":"https:\/\/www.hashtag.al\/index.php\/wp-json\/wp\/v2\/media?parent=265112"}],"wp:term":[{"taxonomy":"category","embeddable":true,"href":"https:\/\/www.hashtag.al\/index.php\/wp-json\/wp\/v2\/categories?post=265112"},{"taxonomy":"post_tag","embeddable":true,"href":"https:\/\/www.hashtag.al\/index.php\/wp-json\/wp\/v2\/tags?post=265112"}],"curies":[{"name":"wp","href":"https:\/\/api.w.org\/{rel}","templated":true}]}}