{"id":265039,"date":"2019-01-12T14:31:42","date_gmt":"2019-01-12T13:31:42","guid":{"rendered":"https:\/\/hashtag.al\/?p=265039"},"modified":"2019-01-12T14:31:42","modified_gmt":"2019-01-12T13:31:42","slug":"265039","status":"publish","type":"post","link":"https:\/\/www.hashtag.al\/index.php\/2019\/01\/12\/265039\/","title":{"rendered":"Miley Cyrus konfirmon z\u00ebrat p\u00ebr nj\u00eb bashk\u00ebpunim me k\u00ebng\u00ebtarin e njohur","gt_translate_keys":[{"key":"rendered","format":"text"}]},"content":{"rendered":"<p><img loading=\"lazy\" decoding=\"async\" class=\"alignnone size-full wp-image-265041\" src=\"https:\/\/hashtag.al\/wp-content\/uploads\/2019\/01\/miley.jpg\" alt=\"\" width=\"600\" height=\"315\" srcset=\"https:\/\/www.hashtag.al\/wp-content\/uploads\/2019\/01\/miley.jpg 600w, https:\/\/www.hashtag.al\/wp-content\/uploads\/2019\/01\/miley-300x158.jpg 300w\" sizes=\"auto, (max-width: 600px) 100vw, 600px\" \/><\/p>\n<p>Fillimisht gjith\u00e7ka ishte n\u00eb kuadrin e thashethemeve por n\u00eb fakt rezultoi e v\u00ebrtet\u00eb. Fjal\u00ebn e kemi p\u00ebr\u00a0\u00a0Miley Cyrus q\u00eb tashm\u00eb do t\u00eb ket\u00eb nj\u00eb bashk\u00ebpunim me k\u00ebng\u00ebtarin Shawn Mendes.<\/p>\n<p>Nuk ka pasur asnj\u00eb reagim nga k\u00ebng\u00ebtar\u00ebt, qoft\u00eb pozitiv apo negativ, por nga nj\u00eb veprim i fundit i Miley-t t\u00eb gjith\u00eb kan\u00eb filluar t\u00eb mendojn\u00eb se z\u00ebrat mund t\u00eb jen\u00eb t\u00eb v\u00ebrteta. Ajo ka komentuar nj\u00eb \u2018emoji\u2019 zemre n\u00eb nj\u00eb foto t\u00eb publikuar nga fansat e saj, ku shkruhej: \u201cSipas disa thashethemeve, Shawn Mendes do t\u00eb jet\u00eb pjes\u00eb e albumit m\u00eb t\u00eb ri t\u00eb Miley.<\/p>\n<p>&nbsp;<\/p>\n<p>&nbsp;<\/p>\n<p><img loading=\"lazy\" decoding=\"async\" class=\"alignnone size-full wp-image-265040\" src=\"https:\/\/hashtag.al\/wp-content\/uploads\/2019\/01\/777-1.jpeg\" alt=\"\" width=\"500\" height=\"745\" srcset=\"https:\/\/www.hashtag.al\/wp-content\/uploads\/2019\/01\/777-1.jpeg 500w, https:\/\/www.hashtag.al\/wp-content\/uploads\/2019\/01\/777-1-201x300.jpeg 201w\" sizes=\"auto, (max-width: 500px) 100vw, 500px\" \/><\/p>\n","protected":false,"gt_translate_keys":[{"key":"rendered","format":"html"}]},"excerpt":{"rendered":"<p>Fillimisht gjith\u00e7ka ishte n\u00eb kuadrin e thashethemeve por n\u00eb fakt rezultoi e v\u00ebrtet\u00eb. Fjal\u00ebn e kemi p\u00ebr\u00a0\u00a0Miley Cyrus q\u00eb tashm\u00eb do t\u00eb ket\u00eb nj\u00eb bashk\u00ebpunim me k\u00ebng\u00ebtarin Shawn Mendes. Nuk ka pasur asnj\u00eb reagim nga k\u00ebng\u00ebtar\u00ebt, qoft\u00eb pozitiv apo negativ, por nga nj\u00eb veprim i fundit i Miley-t t\u00eb gjith\u00eb kan\u00eb filluar t\u00eb mendojn\u00eb se [&hellip;]<\/p>\n","protected":false,"gt_translate_keys":[{"key":"rendered","format":"html"}]},"author":30,"featured_media":265041,"comment_status":"open","ping_status":"open","sticky":false,"template":"","format":"standard","meta":{"footnotes":""},"categories":[53,13],"tags":[],"class_list":["post-265039","post","type-post","status-publish","format-standard","has-post-thumbnail","hentry","category-fast-foodi","category-te-fundit"],"gt_translate_keys":[{"key":"link","format":"url"}],"_links":{"self":[{"href":"https:\/\/www.hashtag.al\/index.php\/wp-json\/wp\/v2\/posts\/265039","targetHints":{"allow":["GET"]}}],"collection":[{"href":"https:\/\/www.hashtag.al\/index.php\/wp-json\/wp\/v2\/posts"}],"about":[{"href":"https:\/\/www.hashtag.al\/index.php\/wp-json\/wp\/v2\/types\/post"}],"author":[{"embeddable":true,"href":"https:\/\/www.hashtag.al\/index.php\/wp-json\/wp\/v2\/users\/30"}],"replies":[{"embeddable":true,"href":"https:\/\/www.hashtag.al\/index.php\/wp-json\/wp\/v2\/comments?post=265039"}],"version-history":[{"count":0,"href":"https:\/\/www.hashtag.al\/index.php\/wp-json\/wp\/v2\/posts\/265039\/revisions"}],"wp:featuredmedia":[{"embeddable":true,"href":"https:\/\/www.hashtag.al\/index.php\/wp-json\/wp\/v2\/media\/265041"}],"wp:attachment":[{"href":"https:\/\/www.hashtag.al\/index.php\/wp-json\/wp\/v2\/media?parent=265039"}],"wp:term":[{"taxonomy":"category","embeddable":true,"href":"https:\/\/www.hashtag.al\/index.php\/wp-json\/wp\/v2\/categories?post=265039"},{"taxonomy":"post_tag","embeddable":true,"href":"https:\/\/www.hashtag.al\/index.php\/wp-json\/wp\/v2\/tags?post=265039"}],"curies":[{"name":"wp","href":"https:\/\/api.w.org\/{rel}","templated":true}]}}