{"id":265003,"date":"2019-01-12T12:31:55","date_gmt":"2019-01-12T11:31:55","guid":{"rendered":"https:\/\/hashtag.al\/?p=265003"},"modified":"2019-01-12T13:00:59","modified_gmt":"2019-01-12T12:00:59","slug":"konventa-kombetare-e-lsi-se-luan-rama-nuk-kemi-bere-asnjehere-pazar-me-interesat-e-vendit","status":"publish","type":"post","link":"https:\/\/www.hashtag.al\/index.php\/2019\/01\/12\/konventa-kombetare-e-lsi-se-luan-rama-nuk-kemi-bere-asnjehere-pazar-me-interesat-e-vendit\/","title":{"rendered":"Konventa Komb\u00ebtare e LSI-s\u00eb, Luan Rama: Nuk kemi b\u00ebr\u00eb asnj\u00ebher\u00eb pazar me interesat e vendit","gt_translate_keys":[{"key":"rendered","format":"text"}]},"content":{"rendered":"<p><img loading=\"lazy\" decoding=\"async\" class=\"alignnone size-full wp-image-265006\" src=\"https:\/\/hashtag.al\/wp-content\/uploads\/2019\/01\/luan-rama.png\" alt=\"\" width=\"647\" height=\"340\" srcset=\"https:\/\/www.hashtag.al\/wp-content\/uploads\/2019\/01\/luan-rama.png 647w, https:\/\/www.hashtag.al\/wp-content\/uploads\/2019\/01\/luan-rama-300x158.png 300w\" sizes=\"auto, (max-width: 647px) 100vw, 647px\" \/><\/p>\n<p>L\u00ebvizja Socialiste p\u00ebr Integrim po zhvillon sot\u00a0Konvet\u00ebn Komb\u00ebtare. N\u00eb \u00e7elje t\u00eb punimeve z\u00ebvend\u00ebskryetari i L\u00ebvizjes Socialiste p\u00ebr Integrim, Luan Rama foli p\u00ebr misionin e partis\u00eb q\u00eb p\u00ebrfaq\u00ebson.<\/p>\n<p>Rama theksoi se LSI anj\u00ebher\u00eb nuk ka b\u00ebr\u00eb\u00a0b\u00ebr\u00eb pazar me interesat e vendit, \u00ebsht\u00eb caktuar si faktor i r\u00ebnd\u00ebsish\u00ebm\u00a0 uniteti komb\u00ebtar dhe shqiptar\u00eb.<\/p>\n<p>\u201cLSI asnj\u00ebher\u00eb nuk ka qen\u00eb pjes\u00eb e klaneve q\u00eb kan\u00eb punuar p\u00ebr interesa t\u00eb ndryshme. Po, ishim me student\u00ebt dhe ishim me student\u00ebt se jemi me Shqip\u00ebrin\u00eb dhe rinin\u00eb e k\u00ebtij vendi. Ata q\u00eb ndjehen keq q\u00eb LSI \u00ebsht\u00eb forca e liris\u00eb, le t\u00eb shohin si projektohet fundi i agonis\u00eb s\u00eb tyre. Ndaj edhe jemi n\u00eb k\u00ebt\u00eb Konvent\u00eb, pasi kemi mbyllur nj\u00eb vit , ku shqiptar\u00ebt e din\u00eb mir\u00eb, se cila \u00ebsht\u00eb ajo q\u00eb duhet luftuar dhe mb\u00ebshtetur.<\/p>\n<div id=\"videoad\">\u00a0LSI asnj\u00ebher\u00eb nuk ka b\u00ebr\u00eb pazar me interesat e vendit, \u00ebsht\u00eb caktuar si faktor i r\u00ebnd\u00ebsish\u00ebm\u00a0 uniteti komb\u00ebtar dhe shqiptar\u00eb. Ndaj edhe ne zgjoh\u00ebm q\u00eb p\u00ebr hir t\u00eb k\u00ebtyre interesave t\u00eb b\u00ebjm\u00eb edhe opozit\u00ebn, humb\u00ebn pushtetin, por fituam LSI-s\u00eb, pa batak\u00e7ijt\u00eb, pa hajdut\u00ebt q\u00eb jan\u00eb n\u00eb prehrin e pushtetit. Iu hap\u00ebn pet\u00ebt lakrorit t\u00eb korrupsionit dhe ju treguam shqiptar\u00ebve se n\u00eb 4 vjet q\u00eb ishim n\u00eb pushtet, se cila ishte forca q\u00eb fitoi n\u00ebn hijen e\u00a0 LSI-s\u00eb. Jemi k\u00ebtu p\u00ebr t\u2019u th\u00ebn\u00eb shqiptar\u00ebve q\u00eb jemi me ju, p\u00ebr t\u00eb luftuar kund\u00ebr t\u00eb keqes\u201d, u shpreh ai.<\/div>\n<div><\/div>\n<p><iframe loading=\"lazy\" style=\"border: none; overflow: hidden;\" src=\"https:\/\/www.facebook.com\/plugins\/video.php?href=https%3A%2F%2Fwww.facebook.com%2Flevizjasocialisteperintegrim%2Fvideos%2F2022346137820351%2F&amp;show_text=0&amp;width=560\" width=\"560\" height=\"315\" frameborder=\"0\" scrolling=\"no\" allowfullscreen=\"allowfullscreen\"><\/iframe><\/p>\n","protected":false,"gt_translate_keys":[{"key":"rendered","format":"html"}]},"excerpt":{"rendered":"<p>L\u00ebvizja Socialiste p\u00ebr Integrim po zhvillon sot\u00a0Konvet\u00ebn Komb\u00ebtare. N\u00eb \u00e7elje t\u00eb punimeve z\u00ebvend\u00ebskryetari i L\u00ebvizjes Socialiste p\u00ebr Integrim, Luan Rama foli p\u00ebr misionin e partis\u00eb q\u00eb p\u00ebrfaq\u00ebson. Rama theksoi se LSI anj\u00ebher\u00eb nuk ka b\u00ebr\u00eb\u00a0b\u00ebr\u00eb pazar me interesat e vendit, \u00ebsht\u00eb caktuar si faktor i r\u00ebnd\u00ebsish\u00ebm\u00a0 uniteti komb\u00ebtar dhe shqiptar\u00eb. \u201cLSI asnj\u00ebher\u00eb nuk ka qen\u00eb [&hellip;]<\/p>\n","protected":false,"gt_translate_keys":[{"key":"rendered","format":"html"}]},"author":30,"featured_media":265006,"comment_status":"open","ping_status":"open","sticky":false,"template":"","format":"standard","meta":{"footnotes":""},"categories":[65,13],"tags":[],"class_list":["post-265003","post","type-post","status-publish","format-standard","has-post-thumbnail","hentry","category-lajme","category-te-fundit"],"gt_translate_keys":[{"key":"link","format":"url"}],"_links":{"self":[{"href":"https:\/\/www.hashtag.al\/index.php\/wp-json\/wp\/v2\/posts\/265003","targetHints":{"allow":["GET"]}}],"collection":[{"href":"https:\/\/www.hashtag.al\/index.php\/wp-json\/wp\/v2\/posts"}],"about":[{"href":"https:\/\/www.hashtag.al\/index.php\/wp-json\/wp\/v2\/types\/post"}],"author":[{"embeddable":true,"href":"https:\/\/www.hashtag.al\/index.php\/wp-json\/wp\/v2\/users\/30"}],"replies":[{"embeddable":true,"href":"https:\/\/www.hashtag.al\/index.php\/wp-json\/wp\/v2\/comments?post=265003"}],"version-history":[{"count":0,"href":"https:\/\/www.hashtag.al\/index.php\/wp-json\/wp\/v2\/posts\/265003\/revisions"}],"wp:featuredmedia":[{"embeddable":true,"href":"https:\/\/www.hashtag.al\/index.php\/wp-json\/wp\/v2\/media\/265006"}],"wp:attachment":[{"href":"https:\/\/www.hashtag.al\/index.php\/wp-json\/wp\/v2\/media?parent=265003"}],"wp:term":[{"taxonomy":"category","embeddable":true,"href":"https:\/\/www.hashtag.al\/index.php\/wp-json\/wp\/v2\/categories?post=265003"},{"taxonomy":"post_tag","embeddable":true,"href":"https:\/\/www.hashtag.al\/index.php\/wp-json\/wp\/v2\/tags?post=265003"}],"curies":[{"name":"wp","href":"https:\/\/api.w.org\/{rel}","templated":true}]}}