{"id":264906,"date":"2019-01-11T21:22:36","date_gmt":"2019-01-11T20:22:36","guid":{"rendered":"https:\/\/hashtag.al\/?p=264906"},"modified":"2019-01-11T21:22:36","modified_gmt":"2019-01-11T20:22:36","slug":"edi-rama-i-shkon-me-tej-debatit-me-presidentit-po-shkel-ne-menyre-te-perseritur-kushtetuten","status":"publish","type":"post","link":"https:\/\/www.hashtag.al\/index.php\/2019\/01\/11\/edi-rama-i-shkon-me-tej-debatit-me-presidentit-po-shkel-ne-menyre-te-perseritur-kushtetuten\/","title":{"rendered":"Edi Rama i shkon m\u00eb tej debatit me Presidentit: Po shkel n\u00eb m\u00ebnyr\u00eb t\u00eb p\u00ebrs\u00ebritur Kushtetut\u00ebn","gt_translate_keys":[{"key":"rendered","format":"text"}]},"content":{"rendered":"<p><img loading=\"lazy\" decoding=\"async\" class=\"aligncenter size-full wp-image-264907\" src=\"https:\/\/hashtag.al\/wp-content\/uploads\/2019\/01\/rama-z.lire-2019.jpg\" alt=\"\" width=\"707\" height=\"450\" srcset=\"https:\/\/www.hashtag.al\/wp-content\/uploads\/2019\/01\/rama-z.lire-2019.jpg 707w, https:\/\/www.hashtag.al\/wp-content\/uploads\/2019\/01\/rama-z.lire-2019-300x191.jpg 300w\" sizes=\"auto, (max-width: 707px) 100vw, 707px\" \/><\/p>\n<p><span style=\"color: #000000;\">Kryeministri Edi Rama edhe nj\u00eb her\u00eb \u00ebsht\u00eb ndalur te mosdekretimi i Presidentit Meta p\u00ebr emrin e Ministrit p\u00ebr Evrop\u00ebn dhe Pun\u00ebt e Jashtme, duke shkuar m\u00eb tej debatit n\u00eb distanc\u00eb t\u00eb dit\u00ebs duke deklaruar se Meta \u00ebsht\u00eb n\u00eb m\u00ebnyr\u00eb t\u00eb p\u00ebrs\u00ebritur n\u00eb shkelje t\u00eb Kushtetut\u00ebs.<\/span><\/p>\n<p><span style=\"color: #000000;\">\u201cPresidenti i Republik\u00ebs Ilir Meta \u00ebsht\u00eb n\u00eb shkelje t\u00eb plot\u00eb me Kushtetut\u00ebn, e cila e ndalon q\u00eb t\u00eb ket\u00eb opinione q\u00eb t\u00eb dekretoj\u00eb apo nj\u00eb minist\u00ebr. Meta n\u00eb m\u00ebnyr\u00eb t\u00eb p\u00ebrs\u00ebritur po sfidon Kushtetut\u00ebn. I vetmi rast kur ka pasur nj\u00eb p\u00ebrplasje midis nj\u00eb ministri dhe Presidentit ka qen\u00eb vet\u00ebm n\u00eb rastin e Fatmir Xhaf\u00ebs dhe Bujar Nishanit\u201d-deklaroi Rama n\u00eb emisionin \u201cZon\u00eb e Lir\u00eb\u201d.<\/span><\/p>\n<p>&nbsp;<\/p>\n","protected":false,"gt_translate_keys":[{"key":"rendered","format":"html"}]},"excerpt":{"rendered":"<p>Kryeministri Edi Rama edhe nj\u00eb her\u00eb \u00ebsht\u00eb ndalur te mosdekretimi i Presidentit Meta p\u00ebr emrin e Ministrit p\u00ebr Evrop\u00ebn dhe Pun\u00ebt e Jashtme, duke shkuar m\u00eb tej debatit n\u00eb distanc\u00eb t\u00eb dit\u00ebs duke deklaruar se Meta \u00ebsht\u00eb n\u00eb m\u00ebnyr\u00eb t\u00eb p\u00ebrs\u00ebritur n\u00eb shkelje t\u00eb Kushtetut\u00ebs. \u201cPresidenti i Republik\u00ebs Ilir Meta \u00ebsht\u00eb n\u00eb shkelje t\u00eb plot\u00eb [&hellip;]<\/p>\n","protected":false,"gt_translate_keys":[{"key":"rendered","format":"html"}]},"author":32,"featured_media":264907,"comment_status":"open","ping_status":"open","sticky":false,"template":"","format":"standard","meta":{"footnotes":""},"categories":[65,13],"tags":[],"class_list":["post-264906","post","type-post","status-publish","format-standard","has-post-thumbnail","hentry","category-lajme","category-te-fundit"],"gt_translate_keys":[{"key":"link","format":"url"}],"_links":{"self":[{"href":"https:\/\/www.hashtag.al\/index.php\/wp-json\/wp\/v2\/posts\/264906","targetHints":{"allow":["GET"]}}],"collection":[{"href":"https:\/\/www.hashtag.al\/index.php\/wp-json\/wp\/v2\/posts"}],"about":[{"href":"https:\/\/www.hashtag.al\/index.php\/wp-json\/wp\/v2\/types\/post"}],"author":[{"embeddable":true,"href":"https:\/\/www.hashtag.al\/index.php\/wp-json\/wp\/v2\/users\/32"}],"replies":[{"embeddable":true,"href":"https:\/\/www.hashtag.al\/index.php\/wp-json\/wp\/v2\/comments?post=264906"}],"version-history":[{"count":0,"href":"https:\/\/www.hashtag.al\/index.php\/wp-json\/wp\/v2\/posts\/264906\/revisions"}],"wp:featuredmedia":[{"embeddable":true,"href":"https:\/\/www.hashtag.al\/index.php\/wp-json\/wp\/v2\/media\/264907"}],"wp:attachment":[{"href":"https:\/\/www.hashtag.al\/index.php\/wp-json\/wp\/v2\/media?parent=264906"}],"wp:term":[{"taxonomy":"category","embeddable":true,"href":"https:\/\/www.hashtag.al\/index.php\/wp-json\/wp\/v2\/categories?post=264906"},{"taxonomy":"post_tag","embeddable":true,"href":"https:\/\/www.hashtag.al\/index.php\/wp-json\/wp\/v2\/tags?post=264906"}],"curies":[{"name":"wp","href":"https:\/\/api.w.org\/{rel}","templated":true}]}}