{"id":264754,"date":"2019-01-11T12:34:44","date_gmt":"2019-01-11T11:34:44","guid":{"rendered":"https:\/\/hashtag.al\/?p=264754"},"modified":"2019-01-11T12:34:44","modified_gmt":"2019-01-11T11:34:44","slug":"264754","status":"publish","type":"post","link":"https:\/\/www.hashtag.al\/index.php\/2019\/01\/11\/264754\/","title":{"rendered":"&#8220;Do m\u00eb vras\u00eb familja se nuk besoj n\u00eb Islam&#8221;, Australia i jep azil vajz\u00ebs arabe","gt_translate_keys":[{"key":"rendered","format":"text"}]},"content":{"rendered":"<p><img loading=\"lazy\" decoding=\"async\" class=\"alignnone size-full wp-image-264759\" src=\"https:\/\/hashtag.al\/wp-content\/uploads\/2019\/01\/quun.jpg\" alt=\"\" width=\"633\" height=\"347\" srcset=\"https:\/\/www.hashtag.al\/wp-content\/uploads\/2019\/01\/quun.jpg 633w, https:\/\/www.hashtag.al\/wp-content\/uploads\/2019\/01\/quun-300x164.jpg 300w\" sizes=\"auto, (max-width: 633px) 100vw, 633px\" \/><\/p>\n<p><span style=\"color: #000000;\">Pas shum\u00eb p\u00ebrpjekjesh ka p\u00ebrfituar azil n\u00eb Australi vajza 18-vje\u00e7are nga\u00a0Arabia Saudite, e cila ka th\u00ebn\u00eb se \u00ebsht\u00eb larguar nga familja nga frika se do ta vrasin. <\/span><\/p>\n<p><span style=\"color: #000000;\">Kjo e fundit ka deklaruar k\u00ebshtu pasi ajo nuk besonte m\u00eb n\u00eb Islam.\u00a0 \u201cPo, Australia ia ka dh\u00ebn\u00eb asaj statusin e azilantes, por po presim t\u00eb m\u00ebsojm\u00eb se ku sakt\u00ebsisht do t\u00eb shkoj\u00eb\u201d, tha shefi i policis\u00eb s\u00eb imigracionit, Surachate Hakparn. Ai njoftoi se edhe Kanadaja ia ka afruar mund\u00ebsin\u00eb e strehimit al-Qununit dhe se po e presin vendimin e saj.<\/span><\/p>\n<p><span style=\"color: #000000;\">Agjencia p\u00ebr refugjat\u00eb e Kombeve t\u00eb Bashkuara i kishte b\u00ebr\u00eb k\u00ebrkes\u00eb autoriteteve australiane p\u00ebr mbrojtjen e saj, ndon\u00ebse ky institucion nuk kishte konfirmuar se edhe Kanadaja \u00ebsht\u00eb duke e shqyrtuar rastin e saj. Autoritetet tajlandeze kan\u00eb th\u00ebn\u00eb se sauditja do t\u00eb largohet nga vendi i tyre posa t\u00eb merret vendimi p\u00ebrfundimtar p\u00ebr statusin e saj.<\/span><\/p>\n<p>&nbsp;<\/p>\n<p>&nbsp;<\/p>\n","protected":false,"gt_translate_keys":[{"key":"rendered","format":"html"}]},"excerpt":{"rendered":"<p>Pas shum\u00eb p\u00ebrpjekjesh ka p\u00ebrfituar azil n\u00eb Australi vajza 18-vje\u00e7are nga\u00a0Arabia Saudite, e cila ka th\u00ebn\u00eb se \u00ebsht\u00eb larguar nga familja nga frika se do ta vrasin. Kjo e fundit ka deklaruar k\u00ebshtu pasi ajo nuk besonte m\u00eb n\u00eb Islam.\u00a0 \u201cPo, Australia ia ka dh\u00ebn\u00eb asaj statusin e azilantes, por po presim t\u00eb m\u00ebsojm\u00eb se [&hellip;]<\/p>\n","protected":false,"gt_translate_keys":[{"key":"rendered","format":"html"}]},"author":30,"featured_media":264759,"comment_status":"open","ping_status":"open","sticky":false,"template":"","format":"standard","meta":{"footnotes":""},"categories":[65,6],"tags":[],"class_list":["post-264754","post","type-post","status-publish","format-standard","has-post-thumbnail","hentry","category-lajme","category-nderkombetare"],"gt_translate_keys":[{"key":"link","format":"url"}],"_links":{"self":[{"href":"https:\/\/www.hashtag.al\/index.php\/wp-json\/wp\/v2\/posts\/264754","targetHints":{"allow":["GET"]}}],"collection":[{"href":"https:\/\/www.hashtag.al\/index.php\/wp-json\/wp\/v2\/posts"}],"about":[{"href":"https:\/\/www.hashtag.al\/index.php\/wp-json\/wp\/v2\/types\/post"}],"author":[{"embeddable":true,"href":"https:\/\/www.hashtag.al\/index.php\/wp-json\/wp\/v2\/users\/30"}],"replies":[{"embeddable":true,"href":"https:\/\/www.hashtag.al\/index.php\/wp-json\/wp\/v2\/comments?post=264754"}],"version-history":[{"count":0,"href":"https:\/\/www.hashtag.al\/index.php\/wp-json\/wp\/v2\/posts\/264754\/revisions"}],"wp:featuredmedia":[{"embeddable":true,"href":"https:\/\/www.hashtag.al\/index.php\/wp-json\/wp\/v2\/media\/264759"}],"wp:attachment":[{"href":"https:\/\/www.hashtag.al\/index.php\/wp-json\/wp\/v2\/media?parent=264754"}],"wp:term":[{"taxonomy":"category","embeddable":true,"href":"https:\/\/www.hashtag.al\/index.php\/wp-json\/wp\/v2\/categories?post=264754"},{"taxonomy":"post_tag","embeddable":true,"href":"https:\/\/www.hashtag.al\/index.php\/wp-json\/wp\/v2\/tags?post=264754"}],"curies":[{"name":"wp","href":"https:\/\/api.w.org\/{rel}","templated":true}]}}