{"id":264748,"date":"2019-01-11T12:34:04","date_gmt":"2019-01-11T11:34:04","guid":{"rendered":"https:\/\/hashtag.al\/?p=264748"},"modified":"2019-01-11T12:37:05","modified_gmt":"2019-01-11T11:37:05","slug":"basha-kundershton-nismen-e-rames-per-mediat-online-dhe-ka-nje-paralajmerim-per-ramen-e-lleshajn","status":"publish","type":"post","link":"https:\/\/www.hashtag.al\/index.php\/2019\/01\/11\/basha-kundershton-nismen-e-rames-per-mediat-online-dhe-ka-nje-paralajmerim-per-ramen-e-lleshajn\/","title":{"rendered":"Basha kund\u00ebrshton nism\u00ebn e Ram\u00ebs p\u00ebr mediat online dhe ka nj\u00eb paralajm\u00ebrim p\u00ebr Ram\u00ebn e Lleshajn","gt_translate_keys":[{"key":"rendered","format":"text"}]},"content":{"rendered":"<p><img loading=\"lazy\" decoding=\"async\" class=\"aligncenter size-full wp-image-264757\" src=\"https:\/\/hashtag.al\/wp-content\/uploads\/2019\/01\/bashavokshiglos.png\" alt=\"\" width=\"1206\" height=\"681\" srcset=\"https:\/\/www.hashtag.al\/wp-content\/uploads\/2019\/01\/bashavokshiglos.png 1206w, https:\/\/www.hashtag.al\/wp-content\/uploads\/2019\/01\/bashavokshiglos-300x169.png 300w, https:\/\/www.hashtag.al\/wp-content\/uploads\/2019\/01\/bashavokshiglos-768x434.png 768w, https:\/\/www.hashtag.al\/wp-content\/uploads\/2019\/01\/bashavokshiglos-1024x578.png 1024w\" sizes=\"auto, (max-width: 1206px) 100vw, 1206px\" \/><\/p>\n<p><span style=\"color: #000000;\">Kreu i Partis\u00eb Demokratike, Basha, e ka kund\u00ebrshtuar fuqimisht propozimin e kryeministrit Rama p\u00ebr mediat online duke e quajtur at\u00eb si \u00e7mendurin\u00eb e radh\u00ebs s\u00eb kreut t\u00eb qeveris\u00eb.<\/span><\/p>\n<p><span style=\"color: #000000;\"> N\u00eb fjal\u00ebn e tij n\u00eb tryez\u00ebn; \u201cMedia e lir\u00eb, shoq\u00ebri e lir\u00eb \u2013 rreziku i heshtjes me ligj\u201d, kryedemokrati tha se Rama po propozon policin\u00eb e mendimit p\u00ebr t\u00eb kontrolluar dhe komanduar t\u00eb gjith\u00eb hap\u00ebsir\u00ebn mediatike n vend, gj\u00eb q\u00eb e b\u00ebn at\u00eb t\u00eb rreziksh\u00ebm.<\/span><\/p>\n<p><span style=\"color: #000000;\"><em>&#8220;Propaganda e tij \u00ebsht\u00eb b\u00ebr\u00eb \u00e7orb\u00eb, sidomos pas protest\u00ebs s\u00eb student\u00ebve dhe tani i \u00ebsht\u00eb kthyer pushtimit t\u00eb hap\u00ebsir\u00ebs mediatike duke propozuar policin\u00eb e mendimit. \u00cbsht\u00eb veprimi tipik i nj\u00eb autokrati q\u00eb ka humbur \u00e7do sens t\u00eb arsyes. \u00cbsht\u00eb nj\u00eb njeri n\u00eb panik q\u00eb pasi e ka t\u00eb qart\u00eb q\u00eb kapja totale e vendit p\u00ebr interesat personale ka d\u00ebshtuar. Ne do e kund\u00ebrshtojm\u00eb me t\u00eb gjitha mjetet dhe format k\u00ebt\u00eb \u00e7menduri t\u00eb Ram\u00ebs.&#8221;<\/em> &#8211; tha Basha.<\/span><\/p>\n<p><span style=\"color: #000000;\">N\u00eb hyrje t\u00eb fjal\u00ebs, kreu i PD-s\u00eb, i b\u00ebri thirrje kryeministrit Rama dhe ministrit t\u00eb Brendsh\u00ebm, Lleshaj, q\u00eb t\u00eb largonin policin\u00eb nga universitetit dhe d\u00ebnoi dhun\u00ebn e ushtruar nga policia.<\/span><\/p>\n<p><span style=\"color: #000000;\"><em>&#8220;Edi Rama po shkel ligjin n\u00eb m\u00ebnyr\u00eb flagrante, pasi prania e policis\u00eb n\u00eb universitete \u00ebsht\u00eb e ndaluar me ligj, ve\u00e7se n\u00eb kushte ekstreme. Policia e Safet Gjicit nuk ka asnj\u00eb ndryshim nga policia e Edi Ram\u00ebs.\u00a0<\/em><em>Denoncojm\u00eb k\u00ebt\u00eb dhun\u00eb ndaj student\u00ebve dhe paralajm\u00ebroj policin\u00eb, zyrtar\u00ebt, ministrin Lleshaj dhe Ram\u00ebn p\u00ebr pasojat q\u00eb do ket\u00eb pushtimi i hap\u00ebsir\u00ebs universitare nga policia.&#8221;<\/em> &#8211; tha Basha.<\/span><\/p>\n<p><img loading=\"lazy\" decoding=\"async\" class=\"aligncenter size-full wp-image-264751\" src=\"https:\/\/hashtag.al\/wp-content\/uploads\/2019\/01\/Bashavokshi.png\" alt=\"\" width=\"726\" height=\"443\" srcset=\"https:\/\/www.hashtag.al\/wp-content\/uploads\/2019\/01\/Bashavokshi.png 726w, https:\/\/www.hashtag.al\/wp-content\/uploads\/2019\/01\/Bashavokshi-300x183.png 300w\" sizes=\"auto, (max-width: 726px) 100vw, 726px\" \/><\/p>\n<p>&nbsp;<\/p>\n","protected":false,"gt_translate_keys":[{"key":"rendered","format":"html"}]},"excerpt":{"rendered":"<p>Kreu i Partis\u00eb Demokratike, Basha, e ka kund\u00ebrshtuar fuqimisht propozimin e kryeministrit Rama p\u00ebr mediat online duke e quajtur at\u00eb si \u00e7mendurin\u00eb e radh\u00ebs s\u00eb kreut t\u00eb qeveris\u00eb. N\u00eb fjal\u00ebn e tij n\u00eb tryez\u00ebn; \u201cMedia e lir\u00eb, shoq\u00ebri e lir\u00eb \u2013 rreziku i heshtjes me ligj\u201d, kryedemokrati tha se Rama po propozon policin\u00eb e mendimit [&hellip;]<\/p>\n","protected":false,"gt_translate_keys":[{"key":"rendered","format":"html"}]},"author":51,"featured_media":264756,"comment_status":"open","ping_status":"open","sticky":false,"template":"","format":"standard","meta":{"footnotes":""},"categories":[65,13],"tags":[],"class_list":["post-264748","post","type-post","status-publish","format-standard","has-post-thumbnail","hentry","category-lajme","category-te-fundit"],"gt_translate_keys":[{"key":"link","format":"url"}],"_links":{"self":[{"href":"https:\/\/www.hashtag.al\/index.php\/wp-json\/wp\/v2\/posts\/264748","targetHints":{"allow":["GET"]}}],"collection":[{"href":"https:\/\/www.hashtag.al\/index.php\/wp-json\/wp\/v2\/posts"}],"about":[{"href":"https:\/\/www.hashtag.al\/index.php\/wp-json\/wp\/v2\/types\/post"}],"author":[{"embeddable":true,"href":"https:\/\/www.hashtag.al\/index.php\/wp-json\/wp\/v2\/users\/51"}],"replies":[{"embeddable":true,"href":"https:\/\/www.hashtag.al\/index.php\/wp-json\/wp\/v2\/comments?post=264748"}],"version-history":[{"count":0,"href":"https:\/\/www.hashtag.al\/index.php\/wp-json\/wp\/v2\/posts\/264748\/revisions"}],"wp:featuredmedia":[{"embeddable":true,"href":"https:\/\/www.hashtag.al\/index.php\/wp-json\/wp\/v2\/media\/264756"}],"wp:attachment":[{"href":"https:\/\/www.hashtag.al\/index.php\/wp-json\/wp\/v2\/media?parent=264748"}],"wp:term":[{"taxonomy":"category","embeddable":true,"href":"https:\/\/www.hashtag.al\/index.php\/wp-json\/wp\/v2\/categories?post=264748"},{"taxonomy":"post_tag","embeddable":true,"href":"https:\/\/www.hashtag.al\/index.php\/wp-json\/wp\/v2\/tags?post=264748"}],"curies":[{"name":"wp","href":"https:\/\/api.w.org\/{rel}","templated":true}]}}