{"id":264461,"date":"2019-01-10T14:22:12","date_gmt":"2019-01-10T13:22:12","guid":{"rendered":"https:\/\/hashtag.al\/?p=264461"},"modified":"2019-01-10T14:23:44","modified_gmt":"2019-01-10T13:23:44","slug":"futja-e-policise-ne-universitete-diktature-ushtarake-shkel-kushtetuten-vokshi","status":"publish","type":"post","link":"https:\/\/www.hashtag.al\/index.php\/2019\/01\/10\/futja-e-policise-ne-universitete-diktature-ushtarake-shkel-kushtetuten-vokshi\/","title":{"rendered":"&#8220;Futja e policis\u00eb n\u00eb universitete, diktatur\u00eb ushtarake. Shkel Kushtetut\u00ebn&#8221; &#8211; Vokshi","gt_translate_keys":[{"key":"rendered","format":"text"}]},"content":{"rendered":"<div style=\"width: 1170px;\" class=\"wp-video\"><video class=\"wp-video-shortcode\" id=\"video-264461-1\" width=\"1170\" height=\"658\" preload=\"metadata\" controls=\"controls\"><source type=\"video\/mp4\" src=\"https:\/\/hashtag.al\/wp-content\/uploads\/2019\/01\/Policia-ne-Universitete.mp4?_=1\" \/><a href=\"https:\/\/hashtag.al\/wp-content\/uploads\/2019\/01\/Policia-ne-Universitete.mp4\">https:\/\/hashtag.al\/wp-content\/uploads\/2019\/01\/Policia-ne-Universitete.mp4<\/a><\/video><\/div>\n<p><span style=\"color: #000000;\">Partia Demokratike ka denoncuar p\u00ebrdorimin e poliicis\u00eb nga kryeministri Rama p\u00ebr k\u00ebrc\u00ebnimin dhe presionin ndaj student\u00ebve. <\/span><\/p>\n<p><span style=\"color: #000000;\">Ka qen\u00eb deputetja demokrate, Vokshi, q\u00eb n\u00eb nj\u00eb deklarat\u00eb p\u00ebr mediat nga selia blu ka theksuar se prania e policis\u00eb n\u00eb mjediset e universiteteve \u00ebsht\u00eb n\u00eb shkelje t\u00eb Kushtetut\u00ebs dhe ligjit p\u00ebr Arsimin e Lart\u00eb. <\/span><\/p>\n<p><span style=\"color: #000000;\">Vokshi ka paralajm\u00ebruar t\u00eb gjith\u00eb efektiv\u00ebt e policis\u00eb q\u00eb t\u00eb mos prekin asnj\u00eb student n\u00eb protest\u00ebn e tyre paq\u00ebsore dhe as t\u00eb dhunojn\u00eb mjediset universitare.<\/span><\/p>\n<p><span style=\"color: #000000;\"><strong>Deklarata e Vokshit<\/strong><\/span><\/p>\n<p><span style=\"color: #000000;\">N\u00eb nj\u00eb akt t\u00eb denj\u00eb p\u00ebr diktaturat ushtarake, policia \u00ebsht\u00eb futur me urdhrin politik t\u00eb Edi Ram\u00ebs n\u00eb mjedise universitare me q\u00ebllim p\u00ebr t\u00eb ndaluar protest\u00ebn e student\u00ebve.\u00a0<\/span><\/p>\n<p><span style=\"color: #000000;\">Fakultete t\u00eb ndryshme n\u00eb vend jan\u00eb b\u00ebr\u00eb skenat e nj\u00eb regjimi q\u00eb, pasi nuk i sundoi dot student\u00ebt me propagand\u00eb dhe mashtrime, tani shkel hapur Kushtetut\u00ebn dhe ligjin p\u00ebr t\u00eb n\u00ebnshtruar student\u00ebt me presion policor brenda universiteteve.\u00a0<\/span><\/p>\n<p><span style=\"color: #000000;\">Partia Demokratike d\u00ebnon me ashp\u00ebrsi k\u00ebt\u00eb akt t\u00eb paprecedent\u00eb n\u00eb Shqip\u00ebri dhe paralajm\u00ebron t\u00eb gjith\u00eb ata q\u00eb urdh\u00ebrojn\u00eb presionin policor ndaj student\u00ebve se her\u00ebt apo von\u00eb do t\u00eb p\u00ebrgjigjen para ligjit.\u00a0<\/span><\/p>\n<p><span style=\"color: #000000;\">Narkopolicia nuk duhet t\u00eb guxoj\u00eb t\u00eb prek\u00eb student\u00ebt paq\u00ebsor\u00eb dhe as t\u00eb dhunoj\u00eb mjediset universitare.\u00a0<\/span><\/p>\n<p><span style=\"color: #000000;\">Ligji p\u00ebr Arsimin e Lart\u00eb e ndalon rrept\u00ebsisht hyrjen e policis\u00eb n\u00eb fakultete, p\u00ebrve\u00e7se kur prania e tyre k\u00ebrkohet nga drejtuesit n\u00eb rastet e krimeve flagrante. Ligji siguron \u201cnd\u00ebshkimin p\u00ebr \u201cc\u00ebnimin e paprekshm\u00ebris\u00eb s\u00eb institucioneve t\u00eb arsimit t\u00eb lart\u00eb\u201d.\u00a0<\/span><\/p>\n<p><span style=\"color: #000000;\">Deri tani, organet e drejt\u00ebsis\u00eb nuk kan\u00eb nd\u00ebrmarr\u00eb asnj\u00eb veprim p\u00ebr t\u00eb nd\u00ebshkuar shkeljen e hapur t\u00eb paprekshm\u00ebris\u00eb territoriale t\u00eb universiteteve nga narkopolicia politike e Edi Ram\u00ebs.\u00a0\u00a0<\/span><\/p>\n<p><span style=\"color: #000000;\">Gjithashtu, Partia Demokratike d\u00ebnon deklarat\u00ebn k\u00ebrc\u00ebnuese t\u00eb policis\u00eb, t\u00eb shkruar nga Edi Rama, dhe paralajm\u00ebron kryeministrin dhe veglat e tij n\u00eb polici se do t\u00eb paguajn\u00eb p\u00ebr k\u00ebrc\u00ebnimet e tyre p\u00ebr arrestimin apo ndjekjen penale t\u00eb student\u00ebve.\u00a0<\/span><\/p>\n<p><span style=\"color: #000000;\">Ne nuk do t\u00eb harrojm\u00eb ask\u00ebnd q\u00eb shkel ligjin p\u00ebr llogarit\u00eb politike kriminale t\u00eb Edi Ram\u00ebs.\u00a0\u00a0<\/span><\/p>\n<p><span style=\"color: #000000;\">Prania e paligjshme e policis\u00eb n\u00eb universitete sh\u00ebnon fundin e propagand\u00ebs s\u00eb Edi Ram\u00ebs, i cili \u00e7do dit\u00eb e m\u00eb shum\u00eb po p\u00ebrdor shtetin policor kund\u00ebr kujtdo q\u00eb i rrezikon pushtetin.\u00a0<\/span><\/p>\n<p><span style=\"color: #000000;\">Duke p\u00ebrg\u00ebzuar t\u00eb gjith\u00eb pedagog\u00ebt q\u00eb jan\u00eb solidarizuar me protest\u00ebn p\u00ebr nj\u00eb kauz\u00eb t\u00eb drejt\u00eb t\u00eb student\u00ebve, v\u00ebrejm\u00eb me keqardhje q\u00eb n\u00eb disa fakultete, drejtues t\u00eb lart\u00eb dhe pedagog\u00eb jan\u00eb v\u00ebn\u00eb n\u00eb sh\u00ebrbim t\u00eb qeveris\u00eb, duke ushtruar presione nga m\u00eb t\u00eb ndryshmet mbi student\u00ebt: duke i k\u00ebrc\u00ebnuar me mungesa, me ngelje n\u00eb provime apo djegie diplome.\u00a0<\/span><\/p>\n<p><span style=\"color: #000000;\">Partia Demokratike i d\u00ebnon me forc\u00eb k\u00ebto presione dhe i fton pedagog\u00ebt t\u00eb mos i sh\u00ebrbejn\u00eb nj\u00eb pushteti kriminal kund\u00ebr interesave t\u00eb student\u00ebve.<\/span><\/p>\n<p><span style=\"color: #000000;\">Partia Demokratike mb\u00ebshtet plot\u00ebsisht protest\u00ebn e student\u00ebve deri n\u00eb p\u00ebrmbushjen e \u00e7do pike t\u00eb k\u00ebrkesave t\u00eb tyre.\u00a0<\/span><\/p>\n<p><span style=\"color: #000000;\">Partia Demokratike do t\u00eb anulloj\u00eb ligjin e arsimit t\u00eb lart\u00eb e do ta b\u00ebj\u00eb arsimim prioritet komb\u00ebtar.<\/span><\/p>\n<p><strong><a href=\"https:\/\/hashtag.al\/wp-content\/uploads\/2019\/01\/Ligj_i_arsimit.pdf\">Ligj_i_arsimit<\/a><\/strong><\/p>\n","protected":false,"gt_translate_keys":[{"key":"rendered","format":"html"}]},"excerpt":{"rendered":"<p>Partia Demokratike ka denoncuar p\u00ebrdorimin e poliicis\u00eb nga kryeministri Rama p\u00ebr k\u00ebrc\u00ebnimin dhe presionin ndaj student\u00ebve. Ka qen\u00eb deputetja demokrate, Vokshi, q\u00eb n\u00eb nj\u00eb deklarat\u00eb p\u00ebr mediat nga selia blu ka theksuar se prania e policis\u00eb n\u00eb mjediset e universiteteve \u00ebsht\u00eb n\u00eb shkelje t\u00eb Kushtetut\u00ebs dhe ligjit p\u00ebr Arsimin e Lart\u00eb. Vokshi ka paralajm\u00ebruar t\u00eb [&hellip;]<\/p>\n","protected":false,"gt_translate_keys":[{"key":"rendered","format":"html"}]},"author":51,"featured_media":264464,"comment_status":"open","ping_status":"open","sticky":false,"template":"","format":"standard","meta":{"footnotes":""},"categories":[65,13],"tags":[],"class_list":["post-264461","post","type-post","status-publish","format-standard","has-post-thumbnail","hentry","category-lajme","category-te-fundit"],"gt_translate_keys":[{"key":"link","format":"url"}],"_links":{"self":[{"href":"https:\/\/www.hashtag.al\/index.php\/wp-json\/wp\/v2\/posts\/264461","targetHints":{"allow":["GET"]}}],"collection":[{"href":"https:\/\/www.hashtag.al\/index.php\/wp-json\/wp\/v2\/posts"}],"about":[{"href":"https:\/\/www.hashtag.al\/index.php\/wp-json\/wp\/v2\/types\/post"}],"author":[{"embeddable":true,"href":"https:\/\/www.hashtag.al\/index.php\/wp-json\/wp\/v2\/users\/51"}],"replies":[{"embeddable":true,"href":"https:\/\/www.hashtag.al\/index.php\/wp-json\/wp\/v2\/comments?post=264461"}],"version-history":[{"count":0,"href":"https:\/\/www.hashtag.al\/index.php\/wp-json\/wp\/v2\/posts\/264461\/revisions"}],"wp:featuredmedia":[{"embeddable":true,"href":"https:\/\/www.hashtag.al\/index.php\/wp-json\/wp\/v2\/media\/264464"}],"wp:attachment":[{"href":"https:\/\/www.hashtag.al\/index.php\/wp-json\/wp\/v2\/media?parent=264461"}],"wp:term":[{"taxonomy":"category","embeddable":true,"href":"https:\/\/www.hashtag.al\/index.php\/wp-json\/wp\/v2\/categories?post=264461"},{"taxonomy":"post_tag","embeddable":true,"href":"https:\/\/www.hashtag.al\/index.php\/wp-json\/wp\/v2\/tags?post=264461"}],"curies":[{"name":"wp","href":"https:\/\/api.w.org\/{rel}","templated":true}]}}