{"id":264455,"date":"2019-01-10T13:57:44","date_gmt":"2019-01-10T12:57:44","guid":{"rendered":"https:\/\/hashtag.al\/?p=264455"},"modified":"2019-01-10T14:00:36","modified_gmt":"2019-01-10T13:00:36","slug":"rama-sulm-metes-pas-rrezimit-te-cakajt-vendim-antikushtetues-e-i-turpshem","status":"publish","type":"post","link":"https:\/\/www.hashtag.al\/index.php\/2019\/01\/10\/rama-sulm-metes-pas-rrezimit-te-cakajt-vendim-antikushtetues-e-i-turpshem\/","title":{"rendered":"Rama sulm Met\u00ebs pas &#8220;rr\u00ebzimit&#8221; t\u00eb Cakajt: Vendim antikushtetues e i turpsh\u00ebm","gt_translate_keys":[{"key":"rendered","format":"text"}]},"content":{"rendered":"<p><span style=\"color: #000000;\"><img loading=\"lazy\" decoding=\"async\" class=\"aligncenter size-full wp-image-264456\" src=\"https:\/\/hashtag.al\/wp-content\/uploads\/2019\/01\/metarama10janar.jpg\" alt=\"\" width=\"2000\" height=\"1000\" \/><\/span><\/p>\n<p><span style=\"color: #000000;\">Kryeministri Rama ka reaguar menj\u00ebher\u00eb pas refuzimit t\u00eb Gent Cakajt si minist\u00ebr i Jasht\u00ebm i Shqip\u00ebris\u00eb. <\/span><\/p>\n<p><span style=\"color: #000000;\">Kreu i qeveris\u00eb e cil\u00ebson si antikushtetues por edhe t\u00eb turpsh\u00ebm vendimin e dh\u00ebn\u00eb nga presidenti Meta. <\/span><\/p>\n<p><span style=\"color: #000000;\">Sipas kreut t\u00eb qeveris\u00eb, argumentet e dh\u00ebna prej kreut t\u00eb shtetit jan\u00eb t\u00eb frikshme p\u00ebr nivelin skandaloz dhe turp\u00ebruese p\u00ebr institucionin.<\/span><\/p>\n<p><span style=\"color: #000000;\"><em>\u201cRefuzimi i Presidentit p\u00ebr dekretimin e Ministrit t\u00eb ri p\u00ebr Europ\u00ebn e Pun\u00ebt e Jashtme, \u00ebsht\u00eb jo vet\u00ebm antikushtetues, po edhe i turpsh\u00ebm. Argumentat e dh\u00ebna nga zoti President jan\u00eb t\u00eb frikshme p\u00ebr nivelin skandaloz dhe turp\u00ebruese p\u00ebr institucionin. Ndjes\u00eb Kosov\u00ebs p\u00ebr k\u00ebt\u00eb turp<\/em><em>.\u201d<\/em> &#8211; shkruan Rama n\u00eb llogarin\u00eb\u00a0 tij n\u00eb \u201cTwitter\u201d.<\/span><\/p>\n<p><span style=\"color: #000000;\">Presidenti Meta publikoi sot vendimin e marr\u00eb p\u00ebr mosdekretimin e Gent Cakajt si minist\u00ebr i Jasht\u00ebm i Shqip\u00ebris\u00eb, nd\u00ebrkoh\u00eb q\u00eb m\u00eb her\u00ebt kishte dekretuar t\u00eb gjith\u00eb emrat e tjer\u00eb t\u00eb propozuar nga kryeministri Rama.<\/span><\/p>\n<p><span style=\"color: #000000;\"> Sipas kreut t\u00eb shtetit, emri i Gent Cakajt nuk ofronte garancin\u00eb, p\u00ebrvoj\u00ebn dhe besueshm\u00ebrin\u00eb e duhur p\u00ebr nj\u00eb post si ai i ministrit t\u00eb Jasht\u00ebm duke theksuar edhe deklaratat e pap\u00ebrgjegjshme dhe t\u00eb rrezikshme t\u00eb Cakajt lidhur me \u00e7\u00ebshtjen e kufijve me Serbis\u00eb dhe Kosov\u00ebs.<\/span><\/p>\n<p><span style=\"color: #000000;\"><img loading=\"lazy\" decoding=\"async\" class=\"aligncenter size-full wp-image-264458\" src=\"https:\/\/hashtag.al\/wp-content\/uploads\/2019\/01\/ramameta10janar.jpg\" alt=\"\" width=\"623\" height=\"407\" srcset=\"https:\/\/www.hashtag.al\/wp-content\/uploads\/2019\/01\/ramameta10janar.jpg 623w, https:\/\/www.hashtag.al\/wp-content\/uploads\/2019\/01\/ramameta10janar-300x196.jpg 300w\" sizes=\"auto, (max-width: 623px) 100vw, 623px\" \/><\/span><\/p>\n","protected":false,"gt_translate_keys":[{"key":"rendered","format":"html"}]},"excerpt":{"rendered":"<p>Kryeministri Rama ka reaguar menj\u00ebher\u00eb pas refuzimit t\u00eb Gent Cakajt si minist\u00ebr i Jasht\u00ebm i Shqip\u00ebris\u00eb. Kreu i qeveris\u00eb e cil\u00ebson si antikushtetues por edhe t\u00eb turpsh\u00ebm vendimin e dh\u00ebn\u00eb nga presidenti Meta. Sipas kreut t\u00eb qeveris\u00eb, argumentet e dh\u00ebna prej kreut t\u00eb shtetit jan\u00eb t\u00eb frikshme p\u00ebr nivelin skandaloz dhe turp\u00ebruese p\u00ebr institucionin. \u201cRefuzimi [&hellip;]<\/p>\n","protected":false,"gt_translate_keys":[{"key":"rendered","format":"html"}]},"author":51,"featured_media":264457,"comment_status":"open","ping_status":"open","sticky":false,"template":"","format":"standard","meta":{"footnotes":""},"categories":[65,13],"tags":[],"class_list":["post-264455","post","type-post","status-publish","format-standard","has-post-thumbnail","hentry","category-lajme","category-te-fundit"],"gt_translate_keys":[{"key":"link","format":"url"}],"_links":{"self":[{"href":"https:\/\/www.hashtag.al\/index.php\/wp-json\/wp\/v2\/posts\/264455","targetHints":{"allow":["GET"]}}],"collection":[{"href":"https:\/\/www.hashtag.al\/index.php\/wp-json\/wp\/v2\/posts"}],"about":[{"href":"https:\/\/www.hashtag.al\/index.php\/wp-json\/wp\/v2\/types\/post"}],"author":[{"embeddable":true,"href":"https:\/\/www.hashtag.al\/index.php\/wp-json\/wp\/v2\/users\/51"}],"replies":[{"embeddable":true,"href":"https:\/\/www.hashtag.al\/index.php\/wp-json\/wp\/v2\/comments?post=264455"}],"version-history":[{"count":0,"href":"https:\/\/www.hashtag.al\/index.php\/wp-json\/wp\/v2\/posts\/264455\/revisions"}],"wp:featuredmedia":[{"embeddable":true,"href":"https:\/\/www.hashtag.al\/index.php\/wp-json\/wp\/v2\/media\/264457"}],"wp:attachment":[{"href":"https:\/\/www.hashtag.al\/index.php\/wp-json\/wp\/v2\/media?parent=264455"}],"wp:term":[{"taxonomy":"category","embeddable":true,"href":"https:\/\/www.hashtag.al\/index.php\/wp-json\/wp\/v2\/categories?post=264455"},{"taxonomy":"post_tag","embeddable":true,"href":"https:\/\/www.hashtag.al\/index.php\/wp-json\/wp\/v2\/tags?post=264455"}],"curies":[{"name":"wp","href":"https:\/\/api.w.org\/{rel}","templated":true}]}}