{"id":264442,"date":"2019-01-10T13:27:31","date_gmt":"2019-01-10T12:27:31","guid":{"rendered":"https:\/\/hashtag.al\/?p=264442"},"modified":"2019-01-10T13:48:34","modified_gmt":"2019-01-10T12:48:34","slug":"pa-pervoje-i-pabesueshem-i-papergjegjshem-meta-i-rendit-rames-arsyet-e-refuzimit-te-cakajt","status":"publish","type":"post","link":"https:\/\/www.hashtag.al\/index.php\/2019\/01\/10\/pa-pervoje-i-pabesueshem-i-papergjegjshem-meta-i-rendit-rames-arsyet-e-refuzimit-te-cakajt\/","title":{"rendered":"&#8220;I pabesuesh\u00ebm, i pap\u00ebrgjegjsh\u00ebm&#8221; &#8211; Meta i rendit Ram\u00ebs arsyet e refuzimit t\u00eb Cakajt","gt_translate_keys":[{"key":"rendered","format":"text"}]},"content":{"rendered":"<p><img loading=\"lazy\" decoding=\"async\" class=\"aligncenter size-full wp-image-264449\" src=\"https:\/\/hashtag.al\/wp-content\/uploads\/2019\/01\/ramametacakaj-1.jpg\" alt=\"\" width=\"1225\" height=\"605\" srcset=\"https:\/\/www.hashtag.al\/wp-content\/uploads\/2019\/01\/ramametacakaj-1.jpg 1225w, https:\/\/www.hashtag.al\/wp-content\/uploads\/2019\/01\/ramametacakaj-1-300x148.jpg 300w, https:\/\/www.hashtag.al\/wp-content\/uploads\/2019\/01\/ramametacakaj-1-768x379.jpg 768w, https:\/\/www.hashtag.al\/wp-content\/uploads\/2019\/01\/ramametacakaj-1-1024x506.jpg 1024w\" sizes=\"auto, (max-width: 1225px) 100vw, 1225px\" \/><\/p>\n<p><span style=\"color: #000000;\"><b>Vendimi i plot\u00eb i Met\u00ebs<\/b><\/span><\/p>\n<p><span style=\"color: #000000;\">U njoha me propozimin tuaj nr. 6174 prot., dat\u00eb 31.12.2018, administruar n\u00eb Institucionin e Presidentit t\u00eb Republik\u00ebs me nr. 16 prot., dt 04.01.2019, p\u00ebr em\u00ebrimin e z. Gent Cakaj, n\u00eb detyr\u00ebn e ministrit p\u00ebr Evrop\u00ebn dhe Pun\u00ebt e Jashtme.<\/span><\/p>\n<p><span style=\"color: #000000;\">Presidenti i Republik\u00ebs, menj\u00ebher\u00eb pas marrjes s\u00eb propozimin tuaj, filloi verifikimin e holl\u00ebsish\u00ebm dhe t\u00eb domosdosh\u00ebm t\u00eb z. Gent Cakaj me q\u00ebllim krijimin e besimit p\u00ebrpara vendimit p\u00ebr em\u00ebrimin e tij n\u00eb k\u00ebt\u00eb detyr\u00eb t\u00eb r\u00ebnd\u00ebsishme.<\/span><\/p>\n<p><span style=\"color: #000000;\">Pozicioni i ministrit p\u00ebr Evrop\u00ebn dhe Pun\u00ebt e Jashtme \u00ebsht\u00eb nj\u00eb nga postet m\u00eb t\u00eb r\u00ebnd\u00ebsishme n\u00eb kabinetin qeveritar, aq m\u00eb tep\u00ebr tani kur vendi \u00ebsht\u00eb pjes\u00eb e Trojk\u00ebs s\u00eb OSBE-s\u00eb dhe n\u00eb m\u00eb pak se nj\u00eb vit p\u00ebrgatitet t\u00eb marr\u00eb kryesimin e saj, nj\u00eb hap historik dhe nj\u00eb p\u00ebrgjegj\u00ebsi q\u00eb kap\u00ebrcen kufijt\u00eb e Shqip\u00ebris\u00eb dhe rajonit ton\u00eb.<\/span><\/p>\n<p><span style=\"color: #000000;\">Nd\u00ebrkoh\u00eb, dit\u00ebt, jav\u00ebt dhe muajt e ardhsh\u00ebm jan\u00eb vendimtar\u00eb sepse Shqip\u00ebria \u00ebsht\u00eb p\u00ebrpara vendimit jetik p\u00ebr \u00e7eljen e negociatave t\u00eb an\u00ebtar\u00ebsimit me Bashkimin Evropian n\u00eb qershor 2019.<\/span><\/p>\n<p><span style=\"color: #000000;\">P\u00ebrparimi i Dialogut Kosov\u00eb \u2013 Serbi me q\u00ebllim forcimin e perspektiv\u00ebs evropiane t\u00eb t\u00eb dy shteteve \u00ebsht\u00eb nj\u00eb nga zhvillimet m\u00eb t\u00eb r\u00ebnd\u00ebsishme t\u00eb rajonit ton\u00eb gjithashtu.<\/span><\/p>\n<p><span style=\"color: #000000;\">N\u00eb munges\u00eb t\u00eb koh\u00ebs p\u00ebr t\u00eb eksperimentuar e provuar kapacitetet dhe aft\u00ebsit\u00eb e ministrit t\u00eb propozuar p\u00ebrball\u00eb sfidave aktuale madhore p\u00ebr vendin dhe interesat komb\u00ebtare t\u00eb tij, gjykoj se n\u00eb krye t\u00eb Ministris\u00eb p\u00ebr Evrop\u00ebn dhe Pun\u00ebt e Jashtme duhet nj\u00eb individ i sprovuar dhe efikas, me njohje t\u00eb plot\u00eb t\u00eb p\u00ebrgjegj\u00ebsive shtet\u00ebrore, komb\u00ebtare dhe administrative, i vet\u00ebdijsh\u00ebm p\u00ebr impaktin e madh dhe vendimtar q\u00eb do t\u00eb ket\u00eb n\u00eb politik\u00ebn e jashtme, ve\u00e7an\u00ebrisht n\u00eb muajt e ardhsh\u00ebm, por edhe gjat\u00eb kryesimit t\u00eb OSBE-s\u00eb nga Shqip\u00ebria q\u00eb \u00ebsht\u00eb nj\u00eb p\u00ebrgjegj\u00ebsi historike p\u00ebr vendit ton\u00eb.<\/span><\/p>\n<p><span style=\"color: #000000;\">Profili i z. Genti Cakaj, i propozuar p\u00ebr postin e ministrit p\u00ebr Evrop\u00ebn dhe Pun\u00ebt e Jashtme, ka munges\u00eb t\u00eb qart\u00eb t\u00eb p\u00ebrvoj\u00ebs politike, diplomatike, administrative, shtet\u00ebrore, n\u00eb secilin element dhe n\u00eb t\u00ebr\u00ebsi.<\/span><\/p>\n<p><span style=\"color: #000000;\">Zoti Kryeminist\u00ebr,<\/span><\/p>\n<p><span style=\"color: #000000;\">Gjat\u00eb ushtrimit t\u00eb detyr\u00ebs s\u00eb tij si z\u00ebvend\u00ebsminist\u00ebr p\u00ebr Evrop\u00ebn dhe Pun\u00ebt e Jashtme, z. Gent Cakaj ka d\u00ebshmuar me t\u00eb dh\u00ebna, me fakte e q\u00ebndrime se jo vet\u00ebm q\u00eb i mungon p\u00ebrvoja e sprovuar n\u00eb fush\u00ebn e politik\u00ebs s\u00eb jashtme, por se q\u00ebndrimet e tij publike lidhur me \u00e7\u00ebshtje thelb\u00ebsore t\u00eb politik\u00ebs rajonale jan\u00eb t\u00eb papranueshme.<\/span><\/p>\n<p><span style=\"color: #000000;\">Q\u00ebndrimet e tij publike n\u00eb kontekstin e debatit p\u00ebr t\u00eb ashtuquajturin korrigjim t\u00eb kufijve t\u00eb Kosov\u00ebs e Serbis\u00eb por edhe t\u00eb Ballkanit Per\u00ebndimor jan\u00eb n\u00eb kund\u00ebrshtim t\u00eb plot\u00eb me programin e qeveris\u00eb aktuale p\u00ebr politik\u00ebn e jashtme dhe shtjellimin e saj nga Ministria e Pun\u00ebve t\u00eb Jashtme (citoj nga intervista e Zv\/ministrit p\u00ebr Evrop\u00ebn dhe Pun\u00ebt e Jashtme t\u00eb Shqip\u00ebris\u00eb, Gent Cakaj, p\u00ebr emisionin \u201cZona e Debatit\u201d n\u00eb Klan Kosova, dt. 01 n\u00ebntor 2019:<\/span><\/p>\n<p><span style=\"color: #000000;\">\u201c&#8230;Tani te korrigjimi i kufijve semantikisht kjo nuk \u00ebsht\u00eb thjesht\u00eb nj\u00eb operacion linguistik p\u00ebr ta relativizuar \u00e7\u00ebshtjen e k\u00ebmbimit territorial, por situata ka evoluar tutje.<\/span><\/p>\n<p><span style=\"color: #000000;\">Evoluimi i par\u00eb \u00ebsht\u00eb, sepse po konceptohet n\u00eb suaza t\u00eb korrigjimeve t\u00eb p\u00ebrgjithshme territoriale q\u00eb jan\u00eb duke ndodhur n\u00eb Ballkanin Per\u00ebndimor\u201d&#8230;).<\/span><\/p>\n<p><span style=\"color: #000000;\">K\u00ebto deklarata t\u00eb rrezikshme t\u00eb z. Gent Cakaj, me pasoja t\u00eb paparashikueshme n\u00eb rajon dhe me gjer\u00eb, n\u00eb planin dypal\u00ebsh dhe m\u00eb tej, jan\u00eb n\u00eb kund\u00ebrshtim t\u00eb hapur me politik\u00ebn rajonale t\u00eb shtetit shqiptar, t\u00eb NATO-s dhe t\u00eb vet\u00eb Bashkimit Evropian.<\/span><\/p>\n<p><span style=\"color: #000000;\">P\u00ebrkrahja, sponsorizimi apo dhe mosreagimi me vendosm\u00ebri ndaj tezave p\u00ebr shk\u00ebmbim territoresh\/korrigjim kufijsh n\u00eb rajon \u00ebsht\u00eb qasje destruktive q\u00eb k\u00ebrc\u00ebnon paqen dhe sigurin\u00eb e rajonit dhe n\u00eb mosp\u00ebrputhje me angazhimet e detyrimet e Shqip\u00ebris\u00eb si vend an\u00ebtar i NATO-s dhe minon besueshm\u00ebrin\u00eb e vendit ton\u00eb si faktor stabiliteti n\u00eb rajon.<\/span><\/p>\n<p><span style=\"color: #000000;\">Zoti Kryeminist\u00ebr,<\/span><\/p>\n<p><span style=\"color: #000000;\">Nga informacioni i administruar mbi verifikimin e siguris\u00eb dhe past\u00ebrtis\u00eb s\u00eb figur\u00ebs, Presidenti i Republik\u00ebs ju b\u00ebn me dije se: <\/span><\/p>\n<p><span style=\"color: #000000;\">1 &#8211; Z.Gent Cakaj ka treguar munges\u00eb t\u00eb theksuar t\u00eb p\u00ebrgjegjshm\u00ebris\u00eb gjat\u00eb ushtrimit t\u00eb detyr\u00ebs s\u00eb Z\u00ebvend\u00ebsministrit p\u00ebr Evrop\u00ebn dhe Pun\u00ebt e Jashtme, duke neglizhuar zbatimin e ligjit dhe akteve n\u00ebnligjore q\u00eb garantojn\u00eb qarkullimin e sigurt t\u00eb informacionit t\u00eb klasifikuar sekret shtet\u00ebror.<\/span><\/p>\n<p><span style=\"color: #000000;\">Konkretisht z. Gent Cakaj me VKM nr.342, dat\u00eb 07.06.2018 \u00ebsht\u00eb em\u00ebruar n\u00eb detyr\u00ebn e Z\u00ebvend\u00ebsministrit p\u00ebr Evrop\u00ebn dhe Pun\u00ebt e Jashtme, ushtrimi i s\u00eb cil\u00ebs k\u00ebrkon domosdoshm\u00ebrisht pajisjen me \u00e7ertifikat\u00ebn e siguris\u00eb personale, me q\u00ebllim q\u00eb personi t\u00eb njihet, administroj\u00eb apo p\u00ebrpunoj\u00eb informacion t\u00eb klasifikuar.<\/span><\/p>\n<p><span style=\"color: #000000;\">Nga ky moment subjektit n\u00eb fjal\u00eb, n\u00eb zbatim t\u00eb ligjit nr. 8457, dat\u00eb 11.02.1999 \u201cP\u00ebr informacionin e klasifikuar sekret shtet\u00ebror\u201d, i ndryshuar, VKM nr. 188, dat\u00eb 04.03.2015 \u201cP\u00ebr miratimin e rregullores p\u00ebr sigurimin e personelit\u201d, VKM nr. 836, dat\u00eb 14.10.2015 \u201cP\u00ebr miratimin e rregullores p\u00ebr pun\u00ebn me informacionin e klasifikuar t\u00eb NATO-s dhe Bashkimit Evropian\u201d dhe akteve n\u00ebnligjore n\u00eb zbatim t\u00eb tyre, t\u00eb nxjerra nga Ministria p\u00ebr Evrop\u00ebn dhe Pun\u00ebt e Jashtme, z. Gent Cakaj i lind detyrimi ligjor q\u00eb t\u00eb aplikoj\u00eb dhe t\u00eb pajiset me Certifikatat p\u00ebrkat\u00ebse t\u00eb Siguris\u00eb.<\/span><\/p>\n<p><span style=\"color: #000000;\">Nga informacioni zyrtar i administruar nga MEPJ, nga DSIK dhe agjencit\u00eb e tjera ligjzbatuese rezulton se z. Gent Cakaj, p\u00ebr nj\u00eb periudh\u00eb t\u00eb vazhdueshme prej 7 muajsh ka neglizhuar qart\u00ebsisht zbatimin e akteve ligjore dhe n\u00ebnligjore t\u00eb sip\u00ebrcituara, q\u00eb sipas parashikimeve t\u00eb ligjit p\u00ebrb\u00ebjn\u00eb shkelje penale dhe jan\u00eb t\u00eb d\u00ebnueshme sipas legjislacionit n\u00eb fuqi.<\/span><\/p>\n<p><span style=\"color: #000000;\">Sipas konfirmimit shkresor t\u00eb MEPJ dhe DSIK, z. Gent Cakaj ka plot\u00ebsuar formularin e aplikimit vet\u00ebm m\u00eb dat\u00eb 03 janar 2019 (3 dit\u00eb pas firmosjes s\u00eb propozimit p\u00ebr dekretim si Minist\u00ebr t\u00eb MEPJ).<\/span><\/p>\n<p><span style=\"color: #000000;\">2 &#8211; Cakaj, me mosplot\u00ebsimin e formularit t\u00eb aplikimit dhe mospajisjen me Certifikatat p\u00ebrkat\u00ebse t\u00eb Siguris\u00eb p\u00ebr periudh\u00ebn 7 qershor 2018 deri n\u00eb 3 janar 2019, jo vet\u00ebm q\u00eb ka v\u00ebn\u00eb n\u00eb rrezik informacionin e klasifikuar sekret shtet\u00ebror apo sekret NATO dhe BE, por nga ana tjet\u00ebr ai ka shfaqur haptazi mosbindjen e tij p\u00ebrball\u00eb nj\u00eb detyrimi t\u00eb qart\u00eb ligjor.<\/span><\/p>\n<p><span style=\"color: #000000;\">Gjithashtu me mosplot\u00ebsimin e formularit t\u00eb siguris\u00eb n\u00eb koh\u00ebn e k\u00ebrkuar, ai ka penguar verifikimin e siguris\u00eb p\u00ebr k\u00ebt\u00eb periudh\u00eb, pasi sipas nenit 12 t\u00eb Rregullores s\u00eb Sigurimit t\u00eb Personelit, miratuar me VKM nr.188, dat\u00eb 04.03.2015, ku parashikohet se verifikimi i siguris\u00eb fillon vet\u00ebm pasi individi aplikues ka pranuar dhe ka dh\u00ebn\u00eb p\u00eblqimin me shkrim, pavar\u00ebsisht se funksioni dhe detyra q\u00eb ai ka ushtruar e kishte t\u00eb domosdoshme dhe t\u00eb detyrueshme nevoj\u00ebn p\u00ebr njohje me informacion t\u00eb klasifikuar.<\/span><\/p>\n<p><span style=\"color: #000000;\">Shmangia prej tij i zbatimit t\u00eb k\u00ebtyre detyrimeve ligjore, s\u00eb pari \u00ebsht\u00eb shkelje p\u00ebr t\u00eb cil\u00ebn \u00e7do funksionar duhet t\u00eb mbaj\u00eb p\u00ebrgjegj\u00ebsit\u00eb q\u00eb i takojn\u00eb, por nj\u00ebkoh\u00ebsisht kjo sjellje tregon p\u00ebr munges\u00eb t\u00eb p\u00ebrgjegjshm\u00ebris\u00eb n\u00eb ushtrimin e funksionit publik si Zv.Minist\u00ebr p\u00ebr Evrop\u00ebn dhe Pun\u00ebt e Jashtme, si dhe \u00ebsht\u00eb nj\u00eb tregues tep\u00ebr i qart\u00eb p\u00ebr rrezikun q\u00eb mbart kjo kandidatur\u00eb, p\u00ebr t\u00eb ushtruar detyr\u00ebn shum\u00eb t\u00eb r\u00ebnd\u00ebsishme t\u00eb propozuar p\u00ebr em\u00ebrim t\u00eb Ministrit p\u00ebr Evrop\u00ebn dhe Pun\u00ebt e Jashtme.<\/span><\/p>\n<p><span style=\"color: #000000;\">2 &#8211; Procesi i certifikimit t\u00eb siguris\u00eb p\u00ebr z. Gent Cakaj i kryer nga DSIK brenda nj\u00eb dite (04 01.2019), duket hapur q\u00eb \u00ebsht\u00eb nj\u00eb proces i kryer n\u00eb kushtet e urgjenc\u00ebs, dhe n\u00eb kund\u00ebrshtim me procedur\u00ebn dhe k\u00ebrkesat e ligji nr. 8457, dat\u00eb 11.02.1999 \u201cP\u00ebr informacionin e klasifikuar sekret shtet\u00ebror\u201d, i ndryshuar dhe VKM nr.188, dat\u00eb 04.03.2015 \u201cP\u00ebr miratimin e rregullores p\u00ebr sigurimin e personelit\u201d.<\/span><\/p>\n<p><span style=\"color: #000000;\">N\u00eb form\u00ebn se si \u00ebsht\u00eb kryer, procesi i verifikimit t\u00eb siguris\u00eb p\u00ebr z. Gent Cakaj nuk garanton besueshm\u00ebrin\u00eb e duhur t\u00eb Certifikatave t\u00eb Siguris\u00eb t\u00eb l\u00ebshuara nga Drejtoria e Sigurimit t\u00eb Informacionit t\u00eb Klafisikuar (DSIK).<\/span><\/p>\n<p><span style=\"color: #000000;\">Sipas shkres\u00ebs nr. 09\/1 prot, dat\u00eb 8.01.2019 t\u00eb Ministris\u00eb p\u00ebr Evrop\u00ebn dhe Pun\u00ebt e Jashtme, z. Gent Cakaj, ka plot\u00ebsuar aplikimin p\u00ebr certifikat\u00eb sigurie pran\u00eb k\u00ebsaj Ministrie vet\u00ebm m\u00eb dat\u00eb 03.01.2019, edhe pse p\u00ebrmbushja e k\u00ebtij detyrimi fillon nga marrja e detyr\u00ebs si Z\u00ebvend\u00ebs Minist\u00ebr i MEPJ.<\/span><\/p>\n<p><span style=\"color: #000000;\">Aplikimi i z. Gent Cakaj \u00ebsht\u00eb p\u00ebrcjell\u00eb nga MEPJ brenda dit\u00ebs n\u00eb Drejtorin\u00eb e Sigurimit t\u00eb Informacionit t\u00eb Klasifikuar me shkres\u00eb nr. 35 prot., dat\u00eb 03.01.2019. Drejtoria e Sigurimit t\u00eb Informacionit t\u00eb Klasifikuar (DSIK) ka l\u00ebshuar certifikatat e sigurimit t\u00eb personelit p\u00ebr z. Gent Cakaj 1 (nj\u00eb) dit\u00eb m\u00eb von\u00eb dhe me shkres\u00eb nr. 18 prot, dat\u00eb 04.01.2019, ja ka p\u00ebrcjell\u00eb k\u00ebto akte Ministris\u00eb p\u00ebr Evrop\u00ebn dhe Pun\u00ebt e Jashtme.<\/span><\/p>\n<p><span style=\"color: #000000;\">Nga informacioni i DSIK, p\u00ebrcjell\u00eb Presidentit t\u00eb Republik\u00ebs me shkres\u00eb nr.87 prot, dt. 07.01.2019, konfirmohet se: \u201cZ. Genc Shk\u00eblzen Cakaj, lindur n\u00eb Prishtin\u00eb m\u00eb 06.07.1990, \u00ebsht\u00eb i pajisur me CSP t\u00eb nivelit \u201cTep\u00ebr Sekret\u201d, p\u00ebr njohjen e informacionit t\u00eb klasifikuar \u201cSekret Shtet\u00ebror\u201d; \u201cCosmic Top Secret\u201d p\u00ebr njohje t\u00eb informacionit t\u00eb klasifikuar t\u00eb NATO-s dhe \u201cEU Secret\/Sekret UE\u201d, p\u00ebr njohjen e informacionit t\u00eb klasifikuar t\u00eb BE-s\u00eb. K\u00ebto CSP jan\u00eb l\u00ebshuar m\u00eb dat\u00eb 04.01.2019 dhe jan\u00eb t\u00eb vlefshme deri m\u00eb dat\u00eb 03.01.2024.\u201d<\/span><\/p>\n<p><span style=\"color: #000000;\">Pra rezulton se, procesi i verifikimit, i kryer n\u00eb k\u00ebt\u00eb rast nga (DSIK) si Autoriteti i Sigurimit Komb\u00ebtar n\u00eb Shqip\u00ebri \u00ebsht\u00eb realizuar brenda 1 (nj\u00eb dite) q\u00eb referuar fakteve, dhe t\u00eb dh\u00ebnave t\u00eb Gent Cakaj, tregon qart\u00eb se nuk \u00ebsht\u00eb kryer nj\u00eb proces i mir\u00ebfillt\u00eb verifikimi sipas kushteve, detyrimeve, kritereve dhe procedur\u00ebs s\u00eb parashikuar n\u00eb Rregulloren e Sigurimit t\u00eb Personelit, miratuar me VKM nr. 188, dat\u00eb 04.03.2015.<\/span><\/p>\n<p><span style=\"color: #000000;\">Gent Cakaj, mban dy shtet\u00ebsi, ai \u00ebsht\u00eb shtetas i Republik\u00ebs s\u00eb Kosov\u00ebs, si dhe shtetas i Republik\u00ebs s\u00eb Shqip\u00ebris\u00eb. Ai ka kryer studime jasht\u00eb territorit t\u00eb dy vendeve (Shqip\u00ebri-Kosov\u00eb), respektivisht n\u00eb shtetet Hungari dhe Belgjik\u00eb, vende k\u00ebto ku ka jetuar p\u00ebr nj\u00eb koh\u00eb relativisht t\u00eb gjat\u00eb.<\/span><\/p>\n<p><span style=\"color: #000000;\">Referuar k\u00ebtyre t\u00eb dh\u00ebnave, si dhe atyre q\u00eb k\u00ebrkohen dhe pasqyrohen t\u00eb detyrueshme p\u00ebr deklarim n\u00eb pyet\u00ebsorin e siguris\u00eb n\u00eb aplikim, Drejtoria e Sigurimit t\u00eb Informacionit t\u00eb Klasifikuar ka p\u00ebr detyr\u00eb q\u00eb n\u00eb baz\u00eb t\u00eb ligjit nr. 8457, dat\u00eb 11.2.1999, \u201cP\u00ebr informacionin e klasifikuar \u201cSekret shtet\u00ebror\u201d\u201d, t\u00eb ndryshuar, dhe pik\u00ebs 13, 14 t\u00eb VKM nr. 188, dat\u00eb 04.03.2015 \u201cP\u00ebr miratimin e rregullave p\u00ebr sigurimin e personelit\u201d, t\u00eb kryej\u00eb nj\u00eb verifikim t\u00eb thelluar t\u00eb t\u00eb gjith\u00eb informacionit t\u00eb grumbulluar, jo vet\u00ebm n\u00eb institucionet respektive t\u00eb Republik\u00ebs s\u00eb Shqip\u00ebris\u00eb.<\/span><\/p>\n<p><span style=\"color: #000000;\">N\u00eb zbatim t\u00eb nenit 21 t\u00eb Rregullores s\u00eb Siguris\u00eb miratuar me VKM nr.188\/2015, n\u00eb rastin konkret ky verifikim do t\u00eb duhej t\u00eb kryhej edhe n\u00eb organizatat partnere t\u00eb Republik\u00ebs s\u00eb Kosov\u00ebs. Konkretisht n\u00eb k\u00ebt\u00eb nen citohet se: \u201cP\u00ebrpara se t\u00eb l\u00ebshohet CSP p\u00ebr nj\u00eb person i cili mban dy shtet\u00ebsi, DSIK-ja bashk\u00ebpunon me autoritetet homologe p\u00ebr kryerjen e verifikimeve p\u00ebrkat\u00ebse\u201d. Gjithashtu n\u00eb detyr\u00ebn si Zv.Minist\u00ebr p\u00ebr Evrop\u00ebn dhe Pun\u00ebt e Jashtme, dhe si kandidatur\u00eb e propozuar nga Kryeministri p\u00ebr pozicionin e ministrit t\u00eb MEPJ, ky verifikim do t\u00eb duhej t\u00eb kryhej edhe n\u00eb Belgjik\u00eb dhe Hungari, vende k\u00ebto ku ka jetuar p\u00ebr nj\u00eb koh\u00eb relativisht t\u00eb gjat\u00eb z. Gent Cakaj.<\/span><\/p>\n<p><span style=\"color: #000000;\">Nd\u00ebrkoh\u00eb, nga informacioni i administruar rezulton se i gjith\u00eb procesi p\u00ebr verifikimin dhe vler\u00ebsimin e siguris\u00eb p\u00ebr t\u00eb p\u00ebrcaktuar n\u00ebse z. Gent Cakaj, \u00ebsht\u00eb nj\u00eb individ besnik, i besuesh\u00ebm dhe i sigurt q\u00eb v\u00ebrteton nga pik\u00ebpamja e siguris\u00eb se ai i plot\u00ebson kushtet e p\u00ebrcaktuara p\u00ebr njohjen, ruajtjen, administrimin dhe transferimin e informacionit t\u00eb klasifikuar, \u00ebsht\u00eb realizuar n\u00eb m\u00eb pak se 24 or\u00eb.<\/span><\/p>\n<p><span style=\"color: #000000;\">Ky veprim tregon qart\u00eb se procesi i verifikimit, nuk \u00ebsht\u00eb kryer i plot\u00eb, nuk \u00ebsht\u00eb objektiv, por i nd\u00ebrmarr\u00eb vet\u00ebm p\u00ebr p\u00ebrmbushjen proceduriale (jo p\u00ebrmbajt\u00ebsore) t\u00eb informacioneve shtes\u00eb q\u00eb do t\u00eb mund t\u00eb k\u00ebrkonte Presidenti i Republik\u00ebs n\u00eb funksion t\u00eb verifikimit kushtetues p\u00ebr shkak t\u00eb procesit t\u00eb em\u00ebrimit t\u00eb k\u00ebtij shtetasi n\u00eb detyr\u00ebn e Ministrit p\u00ebr Evrop\u00ebn dhe Pun\u00ebt e Jashtme.<\/span><\/p>\n<p><span style=\"color: #000000;\">Zoti Kryeminist\u00ebr,<\/span><\/p>\n<p><span style=\"color: #000000;\">P\u00ebr sa u parashtrua m\u00eb sip\u00ebr:<\/span><\/p>\n<p><span style=\"color: #000000;\">Kandidatura e z. Gent Cakaj nuk i plot\u00ebson kushtet, nuk krijon besueshm\u00ebri dhe nuk ofron garancit\u00eb e nevojshme p\u00ebr ushtrimin me objektivitet dhe n\u00eb lart\u00ebsin\u00eb e k\u00ebrkuar t\u00eb detyr\u00ebs tep\u00ebr t\u00eb r\u00ebnd\u00ebsishme t\u00eb ministrit p\u00ebr Evrop\u00ebn dhe Pun\u00ebt e Jashtme.<\/span><\/p>\n<p><span style=\"color: #000000;\">N\u00eb k\u00ebto kushte, Presidenti i Republik\u00ebs, n\u00eb p\u00ebrmbushje t\u00eb detyrimeve kushtetuese si Kreu i Shtetit, si Kryetar i K\u00ebshillit t\u00eb Siguris\u00eb Komb\u00ebtare dhe rolit t\u00eb tij specifik kushtetues n\u00eb politik\u00ebn e jashtme t\u00eb shtetit shqiptar, refuzon propozimin tuaj nr. 6174 prot., dat\u00eb 31.12.2018, p\u00ebr em\u00ebrimin e z. Gent Cakaj, n\u00eb detyr\u00ebn e ministrit p\u00ebr Evrop\u00ebn dhe Pun\u00ebt e Jashtme t\u00eb Republik\u00ebs s\u00eb Shqip\u00ebris\u00eb.<\/span><\/p>\n<p><span style=\"color: #000000;\">Sinqerisht,<\/span><\/p>\n<p><span style=\"color: #000000;\">Ilir META<\/span><\/p>\n","protected":false,"gt_translate_keys":[{"key":"rendered","format":"html"}]},"excerpt":{"rendered":"<p>Vendimi i plot\u00eb i Met\u00ebs U njoha me propozimin tuaj nr. 6174 prot., dat\u00eb 31.12.2018, administruar n\u00eb Institucionin e Presidentit t\u00eb Republik\u00ebs me nr. 16 prot., dt 04.01.2019, p\u00ebr em\u00ebrimin e z. Gent Cakaj, n\u00eb detyr\u00ebn e ministrit p\u00ebr Evrop\u00ebn dhe Pun\u00ebt e Jashtme. Presidenti i Republik\u00ebs, menj\u00ebher\u00eb pas marrjes s\u00eb propozimin tuaj, filloi verifikimin [&hellip;]<\/p>\n","protected":false,"gt_translate_keys":[{"key":"rendered","format":"html"}]},"author":51,"featured_media":264450,"comment_status":"open","ping_status":"open","sticky":false,"template":"","format":"standard","meta":{"footnotes":""},"categories":[22,65,13],"tags":[],"class_list":["post-264442","post","type-post","status-publish","format-standard","has-post-thumbnail","hentry","category-ballina","category-lajme","category-te-fundit"],"gt_translate_keys":[{"key":"link","format":"url"}],"_links":{"self":[{"href":"https:\/\/www.hashtag.al\/index.php\/wp-json\/wp\/v2\/posts\/264442","targetHints":{"allow":["GET"]}}],"collection":[{"href":"https:\/\/www.hashtag.al\/index.php\/wp-json\/wp\/v2\/posts"}],"about":[{"href":"https:\/\/www.hashtag.al\/index.php\/wp-json\/wp\/v2\/types\/post"}],"author":[{"embeddable":true,"href":"https:\/\/www.hashtag.al\/index.php\/wp-json\/wp\/v2\/users\/51"}],"replies":[{"embeddable":true,"href":"https:\/\/www.hashtag.al\/index.php\/wp-json\/wp\/v2\/comments?post=264442"}],"version-history":[{"count":0,"href":"https:\/\/www.hashtag.al\/index.php\/wp-json\/wp\/v2\/posts\/264442\/revisions"}],"wp:featuredmedia":[{"embeddable":true,"href":"https:\/\/www.hashtag.al\/index.php\/wp-json\/wp\/v2\/media\/264450"}],"wp:attachment":[{"href":"https:\/\/www.hashtag.al\/index.php\/wp-json\/wp\/v2\/media?parent=264442"}],"wp:term":[{"taxonomy":"category","embeddable":true,"href":"https:\/\/www.hashtag.al\/index.php\/wp-json\/wp\/v2\/categories?post=264442"},{"taxonomy":"post_tag","embeddable":true,"href":"https:\/\/www.hashtag.al\/index.php\/wp-json\/wp\/v2\/tags?post=264442"}],"curies":[{"name":"wp","href":"https:\/\/api.w.org\/{rel}","templated":true}]}}