{"id":264436,"date":"2019-01-10T12:59:47","date_gmt":"2019-01-10T11:59:47","guid":{"rendered":"https:\/\/hashtag.al\/?p=264436"},"modified":"2019-01-10T13:53:22","modified_gmt":"2019-01-10T12:53:22","slug":"meta-i-kthen-mbrasht-rames-emrin-e-cakajt-e-refuzon-si-minister-te-jashtem","status":"publish","type":"post","link":"https:\/\/www.hashtag.al\/index.php\/2019\/01\/10\/meta-i-kthen-mbrasht-rames-emrin-e-cakajt-e-refuzon-si-minister-te-jashtem\/","title":{"rendered":"Meta i kthen mbrasht Ram\u00ebs emrin e Cakajt, e refuzon si minist\u00ebr t\u00eb Jasht\u00ebm","gt_translate_keys":[{"key":"rendered","format":"text"}]},"content":{"rendered":"<p><span style=\"color: #000000;\"><img loading=\"lazy\" decoding=\"async\" class=\"aligncenter size-full wp-image-264443\" src=\"https:\/\/hashtag.al\/wp-content\/uploads\/2019\/01\/ramametacakaj.jpg\" alt=\"\" width=\"1225\" height=\"605\" srcset=\"https:\/\/www.hashtag.al\/wp-content\/uploads\/2019\/01\/ramametacakaj.jpg 1225w, https:\/\/www.hashtag.al\/wp-content\/uploads\/2019\/01\/ramametacakaj-300x148.jpg 300w, https:\/\/www.hashtag.al\/wp-content\/uploads\/2019\/01\/ramametacakaj-768x379.jpg 768w, https:\/\/www.hashtag.al\/wp-content\/uploads\/2019\/01\/ramametacakaj-1024x506.jpg 1024w\" sizes=\"auto, (max-width: 1225px) 100vw, 1225px\" \/><\/span><\/p>\n<p><span style=\"color: #000000;\">Presidenti Meta e ka refuzuar propozimin e kryeministrit Rama p\u00ebr minist\u00ebr t\u00eb jasht\u00ebm, Gent Cakaj. <\/span><\/p>\n<p><span style=\"color: #000000;\">Kreu i Shtetit e ka b\u00ebr\u00eb publik vendimin e marr\u00eb n\u00eb faqen e Presidenc\u00ebs, ku rendit edhe arsyet e k\u00ebtij refuzimi. <\/span><\/p>\n<p><span style=\"color: #000000;\">Meta thekson se Cakaj ka munges\u00eb t\u00eb qart\u00eb t\u00eb p\u00ebrvoj\u00ebs politike, diplomatike, administrative dhe shtet\u00ebrore.<\/span><\/p>\n<p><span style=\"color: #000000;\">M\u00eb tej n\u00eb arsyetimin e presidentit theksohen edhe shkaqet sepse ishte arritur n\u00eb k\u00ebt\u00eb vendim. <\/span><\/p>\n<p><span style=\"color: #000000;\">Meta thekson se Cakaj, n\u00eb detyr\u00ebn e tij si zv.minist\u00ebr i Jasht\u00ebm ka d\u00ebshmuar me t\u00eb dh\u00ebna, fakte e q\u00ebndrime\u00a0 se i mungon p\u00ebrvoja n\u00eb fush\u00ebn e politik\u00ebs s\u00eb jashtme por edhe q\u00ebndrimet\u00a0 e tij publike jan\u00eb n\u00eb kund\u00ebrshtim me \u00e7\u00ebshtje thelb\u00ebsore t\u00eb politik\u00ebs rajonale dhe t\u00eb papranueshme.<\/span><\/p>\n<p><span style=\"color: #000000;\">Meta thekson se deklaratat e Cakajt lidhur me \u00e7\u00ebshtjen e kufijve Serbi-Kosov\u00eb jan\u00eb t\u00eb rrezikshme dhe pasoja t\u00eb paparashikueshme n\u00eb rajon dhe m\u00eb gjer\u00eb.<\/span><\/p>\n<p><span style=\"color: #000000;\">Kreu i Shtetit thekson se Cakaj ka l\u00ebn\u00eb pas dore pajisjen me certifikat\u00ebn e siguris\u00eb, t\u00eb p\u00ebr cil\u00ebn ka aplikuar vet\u00ebm n\u00eb dat\u00ebn 3 janar dhe mospajisja me k\u00ebt\u00eb certifikat\u00eb \u00ebsht\u00eb e d\u00ebnueshme me ligj duke qen\u00eb se ai nuk e ka pasur k\u00ebt\u00eb dokument edhe n\u00eb detyr\u00ebn e tij si zv.minist\u00ebr i Jasht\u00ebm. <\/span><\/p>\n<p><span style=\"color: #000000;\">Mospajisja me certifikat\u00ebn e siguris\u00eb nga ana e Cakajt, jo vet\u00ebm q\u00eb ka v\u00ebn\u00eb n\u00eb rrezik informacionin e klasifikuar shtet\u00ebror apo sekret t\u00eb NATO-s dhe BE-s\u00eb por edhe ka teguar mosbindjen p\u00ebrball\u00eb nj\u00eb detyrimi t\u00eb qart\u00eb ligjor, v\u00ebren Meta.<\/span><\/p>\n<p><span style=\"color: #000000;\">Meta thekson se pajisja e Cakajt brenda nj\u00eb dite me certifikat\u00eb sigurie, \u00ebsht\u00eb nj\u00eb veprim i b\u00ebr\u00eb n\u00eb urgjenc\u00eb dhe n\u00eb shkelje t\u00eb hapur t\u00eb ligjit\u00a0 duke mos garantuar besueshm\u00ebrin\u00eb e duhur.<\/span><\/p>\n<p><span style=\"color: #000000;\">Pas rendit t\u00eb gjitha arsyet, Meta shkruan n\u00eb fund se emri i Cakajt nuk i plot\u00ebson kushtet, nuk krijon besueshm\u00ebri dhe nuk ofron garancit\u00eb e nevojshme p\u00ebr ushtrimin e detyr\u00ebs, tep\u00ebr t\u00eb r\u00ebnd\u00ebsishme t\u00eb ministrit t\u00eb Jasht\u00ebm.\u00a0<em><strong>\/Hashtag.al<\/strong><\/em><\/span><\/p>\n<p><span style=\"color: #000000;\"><img loading=\"lazy\" decoding=\"async\" class=\"aligncenter size-full wp-image-264437\" src=\"https:\/\/hashtag.al\/wp-content\/uploads\/2019\/01\/Metacakaj.jpg\" alt=\"\" width=\"900\" height=\"1272\" srcset=\"https:\/\/www.hashtag.al\/wp-content\/uploads\/2019\/01\/Metacakaj.jpg 900w, https:\/\/www.hashtag.al\/wp-content\/uploads\/2019\/01\/Metacakaj-212x300.jpg 212w, https:\/\/www.hashtag.al\/wp-content\/uploads\/2019\/01\/Metacakaj-768x1085.jpg 768w, https:\/\/www.hashtag.al\/wp-content\/uploads\/2019\/01\/Metacakaj-725x1024.jpg 725w\" sizes=\"auto, (max-width: 900px) 100vw, 900px\" \/><\/span><\/p>\n<p><span style=\"color: #000000;\"><img loading=\"lazy\" decoding=\"async\" class=\"aligncenter size-full wp-image-264438\" src=\"https:\/\/hashtag.al\/wp-content\/uploads\/2019\/01\/Metacakaj.jpg2_.jpg\" alt=\"\" width=\"900\" height=\"1272\" srcset=\"https:\/\/www.hashtag.al\/wp-content\/uploads\/2019\/01\/Metacakaj.jpg2_.jpg 900w, https:\/\/www.hashtag.al\/wp-content\/uploads\/2019\/01\/Metacakaj.jpg2_-212x300.jpg 212w, https:\/\/www.hashtag.al\/wp-content\/uploads\/2019\/01\/Metacakaj.jpg2_-768x1085.jpg 768w, https:\/\/www.hashtag.al\/wp-content\/uploads\/2019\/01\/Metacakaj.jpg2_-725x1024.jpg 725w\" sizes=\"auto, (max-width: 900px) 100vw, 900px\" \/><\/span><\/p>\n<p><span style=\"color: #000000;\"><img loading=\"lazy\" decoding=\"async\" class=\"aligncenter size-full wp-image-264439\" src=\"https:\/\/hashtag.al\/wp-content\/uploads\/2019\/01\/Metacakaj.jpg3_.jpg\" alt=\"\" width=\"900\" height=\"1272\" srcset=\"https:\/\/www.hashtag.al\/wp-content\/uploads\/2019\/01\/Metacakaj.jpg3_.jpg 900w, https:\/\/www.hashtag.al\/wp-content\/uploads\/2019\/01\/Metacakaj.jpg3_-212x300.jpg 212w, https:\/\/www.hashtag.al\/wp-content\/uploads\/2019\/01\/Metacakaj.jpg3_-768x1085.jpg 768w, https:\/\/www.hashtag.al\/wp-content\/uploads\/2019\/01\/Metacakaj.jpg3_-725x1024.jpg 725w\" sizes=\"auto, (max-width: 900px) 100vw, 900px\" \/><\/span><\/p>\n<p><span style=\"color: #000000;\"><img loading=\"lazy\" decoding=\"async\" class=\"aligncenter size-full wp-image-264440\" src=\"https:\/\/hashtag.al\/wp-content\/uploads\/2019\/01\/Metacakaj.jpg43.jpg\" alt=\"\" width=\"900\" height=\"1272\" srcset=\"https:\/\/www.hashtag.al\/wp-content\/uploads\/2019\/01\/Metacakaj.jpg43.jpg 900w, https:\/\/www.hashtag.al\/wp-content\/uploads\/2019\/01\/Metacakaj.jpg43-212x300.jpg 212w, https:\/\/www.hashtag.al\/wp-content\/uploads\/2019\/01\/Metacakaj.jpg43-768x1085.jpg 768w, https:\/\/www.hashtag.al\/wp-content\/uploads\/2019\/01\/Metacakaj.jpg43-725x1024.jpg 725w\" sizes=\"auto, (max-width: 900px) 100vw, 900px\" \/><\/span><\/p>\n<p><span style=\"color: #000000;\"><img loading=\"lazy\" decoding=\"async\" class=\"aligncenter size-full wp-image-264441\" src=\"https:\/\/hashtag.al\/wp-content\/uploads\/2019\/01\/Metacakaj.jpg5_.jpg\" alt=\"\" width=\"900\" height=\"1272\" srcset=\"https:\/\/www.hashtag.al\/wp-content\/uploads\/2019\/01\/Metacakaj.jpg5_.jpg 900w, https:\/\/www.hashtag.al\/wp-content\/uploads\/2019\/01\/Metacakaj.jpg5_-212x300.jpg 212w, https:\/\/www.hashtag.al\/wp-content\/uploads\/2019\/01\/Metacakaj.jpg5_-768x1085.jpg 768w, https:\/\/www.hashtag.al\/wp-content\/uploads\/2019\/01\/Metacakaj.jpg5_-725x1024.jpg 725w\" sizes=\"auto, (max-width: 900px) 100vw, 900px\" \/><\/span><\/p>\n","protected":false,"gt_translate_keys":[{"key":"rendered","format":"html"}]},"excerpt":{"rendered":"<p>Presidenti Meta e ka refuzuar propozimin e kryeministrit Rama p\u00ebr minist\u00ebr t\u00eb jasht\u00ebm, Gent Cakaj. Kreu i Shtetit e ka b\u00ebr\u00eb publik vendimin e marr\u00eb n\u00eb faqen e Presidenc\u00ebs, ku rendit edhe arsyet e k\u00ebtij refuzimi. Meta thekson se Cakaj ka munges\u00eb t\u00eb qart\u00eb t\u00eb p\u00ebrvoj\u00ebs politike, diplomatike, administrative dhe shtet\u00ebrore. M\u00eb tej n\u00eb arsyetimin [&hellip;]<\/p>\n","protected":false,"gt_translate_keys":[{"key":"rendered","format":"html"}]},"author":51,"featured_media":264444,"comment_status":"open","ping_status":"open","sticky":false,"template":"","format":"standard","meta":{"footnotes":""},"categories":[22,65],"tags":[],"class_list":["post-264436","post","type-post","status-publish","format-standard","has-post-thumbnail","hentry","category-ballina","category-lajme"],"gt_translate_keys":[{"key":"link","format":"url"}],"_links":{"self":[{"href":"https:\/\/www.hashtag.al\/index.php\/wp-json\/wp\/v2\/posts\/264436","targetHints":{"allow":["GET"]}}],"collection":[{"href":"https:\/\/www.hashtag.al\/index.php\/wp-json\/wp\/v2\/posts"}],"about":[{"href":"https:\/\/www.hashtag.al\/index.php\/wp-json\/wp\/v2\/types\/post"}],"author":[{"embeddable":true,"href":"https:\/\/www.hashtag.al\/index.php\/wp-json\/wp\/v2\/users\/51"}],"replies":[{"embeddable":true,"href":"https:\/\/www.hashtag.al\/index.php\/wp-json\/wp\/v2\/comments?post=264436"}],"version-history":[{"count":0,"href":"https:\/\/www.hashtag.al\/index.php\/wp-json\/wp\/v2\/posts\/264436\/revisions"}],"wp:featuredmedia":[{"embeddable":true,"href":"https:\/\/www.hashtag.al\/index.php\/wp-json\/wp\/v2\/media\/264444"}],"wp:attachment":[{"href":"https:\/\/www.hashtag.al\/index.php\/wp-json\/wp\/v2\/media?parent=264436"}],"wp:term":[{"taxonomy":"category","embeddable":true,"href":"https:\/\/www.hashtag.al\/index.php\/wp-json\/wp\/v2\/categories?post=264436"},{"taxonomy":"post_tag","embeddable":true,"href":"https:\/\/www.hashtag.al\/index.php\/wp-json\/wp\/v2\/tags?post=264436"}],"curies":[{"name":"wp","href":"https:\/\/api.w.org\/{rel}","templated":true}]}}